{"id":9969,"date":"2017-05-31T08:26:18","date_gmt":"2017-05-31T06:26:18","guid":{"rendered":"https:\/\/bloggar.hemmetsjournal.se\/anna\/?p=9969"},"modified":"2017-05-31T20:54:00","modified_gmt":"2017-05-31T18:54:00","slug":"femtimmarstrojan-saras-modell","status":"publish","type":"post","link":"https:\/\/bloggar.hemmetsjournal.se\/anna\/2017\/femtimmarstrojan-saras-modell\/","title":{"rendered":"Femtimmarstr\u00f6jan (Saras modell)"},"content":{"rendered":"<p>En del av er minns kanske <strong>Femtimmarstr\u00f6jan<\/strong>, <strong>Sara<\/strong>s raglankn\u00e4ppta tr\u00f6jvariant av <a href=\"https:\/\/www.jarbo.se\/femtimmarskoftan\/\">Femtimmarskoftan<\/a>.<\/p>\n<p>Bloggen d\u00e4r den senaste, korrigerade versionen publicerades finns inte l\u00e4ngre, och nu har det kommit flera fr\u00e5gor om den, s\u00e5 Sara och jag har best\u00e4mt oss f\u00f6r att beskrivningen f\u00e5r ett nytt hem h\u00e4r.<\/p>\n<p>Vars\u00e5goda!<\/p>\n<p>Du som stickar den: skicka g\u00e4rna en bild, s\u00e5 l\u00e4gger jag in den h\u00e4r. Jag har ingen!<\/p>\n<p>***<\/p>\n<p><img loading=\"lazy\" decoding=\"async\" class=\"alignnone size-full wp-image-9970\" src=\"https:\/\/bloggar.hemmetsjournal.se\/anna\/wp-content\/uploads\/sites\/2\/2017\/05\/DSC_2826.jpg\" alt=\"\" width=\"1280\" height=\"853\" srcset=\"https:\/\/bloggar.hemmetsjournal.se\/anna\/wp-content\/uploads\/sites\/2\/2017\/05\/DSC_2826.jpg 1280w, https:\/\/bloggar.hemmetsjournal.se\/anna\/wp-content\/uploads\/sites\/2\/2017\/05\/DSC_2826-300x200.jpg 300w, https:\/\/bloggar.hemmetsjournal.se\/anna\/wp-content\/uploads\/sites\/2\/2017\/05\/DSC_2826-1024x682.jpg 1024w, https:\/\/bloggar.hemmetsjournal.se\/anna\/wp-content\/uploads\/sites\/2\/2017\/05\/DSC_2826-768x512.jpg 768w, https:\/\/bloggar.hemmetsjournal.se\/anna\/wp-content\/uploads\/sites\/2\/2017\/05\/DSC_2826-1073x715.jpg 1073w, https:\/\/bloggar.hemmetsjournal.se\/anna\/wp-content\/uploads\/sites\/2\/2017\/05\/DSC_2826-483x322.jpg 483w, https:\/\/bloggar.hemmetsjournal.se\/anna\/wp-content\/uploads\/sites\/2\/2017\/05\/DSC_2826-360x240.jpg 360w, https:\/\/bloggar.hemmetsjournal.se\/anna\/wp-content\/uploads\/sites\/2\/2017\/05\/DSC_2826-600x400.jpg 600w, https:\/\/bloggar.hemmetsjournal.se\/anna\/wp-content\/uploads\/sites\/2\/2017\/05\/DSC_2826-263x175.jpg 263w, https:\/\/bloggar.hemmetsjournal.se\/anna\/wp-content\/uploads\/sites\/2\/2017\/05\/DSC_2826-24x16.jpg 24w, https:\/\/bloggar.hemmetsjournal.se\/anna\/wp-content\/uploads\/sites\/2\/2017\/05\/DSC_2826-36x24.jpg 36w, https:\/\/bloggar.hemmetsjournal.se\/anna\/wp-content\/uploads\/sites\/2\/2017\/05\/DSC_2826-48x32.jpg 48w\" sizes=\"(max-width: 1280px) 100vw, 1280px\" \/>Detta beh\u00f6vs: rundsticka nr 4\u20136, tv\u00e5 hj\u00e4lpstickor, virkn\u00e5l nummer 3\u20135, ungef\u00e4r ett hekto garn (g\u00e4rna en accentf\u00e4rg till halskant, \u00e4rmkanter och nederkant), tv\u00e5 knappar.<\/p>\n<p>L\u00e4gg upp 47 m p\u00e5 rundsticka och sticka 4 v r\u00e4tstickning fram och tillbaka. Detta \u00e4r tr\u00f6jans halsringning.<br \/>\nVarv 5: 3 rm, am tills det \u00e4r 3 m kvar, 3 rm (s\u00e5h\u00e4r stickas alla am-varv som g\u00e5r fr\u00e5n kant till kant).<br \/>\nVarv 6: 3 rm, *g\u00f6r en \u00f6kning i n\u00e4sta m, 2 rm*, upprepa fr\u00e5n * till * fram till sista 5 m, g\u00f6r en \u00f6kning och sticka 4 m vanligt. Nu \u00e4r det 61 m p\u00e5 stickan.<br \/>\nVarv 7: 1 rm, sticka och maska av n\u00e4sta m, 1 rm, am tills det \u00e4r 3 m kvar, 3 m.<br \/>\nVarv 8: rm fram till sista m, 1 omsl, 1rm.<br \/>\nVarv 9: rm.<br \/>\nVarv 10: 4 rm, *g\u00f6r en \u00f6kning i n\u00e4sta m, 3 rm*, upprepa fr\u00e5n * till * fram till sista 5 m, g\u00f6r en \u00f6kning och sticka 4 m vanligt. Nu \u00e4r det 75 m p\u00e5 stickan.<br \/>\nVarv 11: som v 5.<br \/>\nVarv 12: 1 rm, sticka och maska av n\u00e4sta maska, rm varvet ut.<br \/>\nVarv 13: rm fram till sista m, 1 omsl , 1rm.<br \/>\nVarv 14: 4 rm, *g\u00f6r en \u00f6kning i n\u00e4sta m, 4 rm*, upprepa fr\u00e5n * till * fram till sista 6 m, g\u00f6r en \u00f6kning och sticka 5 m som vanligt. Nu \u00e4r det 89 m p\u00e5 stickan.<br \/>\nVarv 15: som v 5.<br \/>\nVarv 16 och 17: rm.<br \/>\nVarv 18: 5 rm, *g\u00f6r en \u00f6kning i n\u00e4sta m, 5 rm*, upprepa till varvets slut. Nu \u00e4r det 103 m p\u00e5 stickan.<br \/>\nVarv 19: som v 5.<br \/>\nVarv 20: De 3 f\u00f6rsta och 3 sista maskorna p\u00e5 rundstickan ska nu stickas samman. Lyft \u00f6ver de 3 sista maskorna p\u00e5 en hj\u00e4lpsticka. Lyft sedan \u00f6ver de 2 f\u00f6rsta maskorna till en annan hj\u00e4lpsticka. Placera den sista maskan framf\u00f6r maska nr 3. Lyft tillbaka maska nummer 2. Placera den n\u00e4st sista maskan framf\u00f6r maska nr 2. Lyft tillbaka maska nr 1. Placera den kvarvarande maskan framf\u00f6r maska nr 1. Sticka 2 tills 3 ggr. Sticka rm varvet ut. Nu \u00e4r tr\u00f6jans knappsl\u00e5 klar. Den kommer att hamna p\u00e5 snedden, som en raglankn\u00e4ppning. Nu \u00e4r det 100 m p\u00e5 stickan.<br \/>\nVarv 21: am, f\u00f6r att f\u00e5 en rand.<br \/>\nVarv 22: dags att markera framstycken, \u00e4rmar och bakstycke. Fyra mark\u00f6rer beh\u00f6vs, 2 rm, s\u00e4tt fast mark\u00f6r, [1 rm, 1 omsl, *6 rm , 1 omslag*, upprepa fr\u00e5n * till *, 5 rm, 1 omslag, *6 rm , 1 omslag*, upprepa fr\u00e5n * till *, 1 rm, s\u00e4tt fast mark\u00f6r]. Detta \u00e4r framstycket, som nu ska vara 37 m.<br \/>\n1 rm, 1 omslag, 6 rm, 1 omslag, 5 rm, 1 omslag, 6 rm, 1 omslag, 1 rm, s\u00e4tt fast mark\u00f6r. Detta \u00e4r den ena \u00e4rmen, som nu ska vara 23 m.<br \/>\n1 rm, 1 omslag, *6 rm , 1 omslag*, upprepa fr\u00e5n * till *, 5 rm, 1 omslag, *6 rm , 1 omslag*, upprepa fr\u00e5n * till *, 1 rm, s\u00e4tt fast mark\u00f6r. Detta \u00e4r ryggen, som nu ska vara 37 m.<br \/>\n1 rm, 1 omslag, 6 rm, 1 omslag, 5 rm, 1 omslag, 6 rm, 1 omsl, 1 rm. Du \u00e4r nu tillbaka vid den f\u00f6rsta mark\u00f6ren. Detta \u00e4r den andra \u00e4rmen, som nu ska vara 23 m.<br \/>\nVarv 23: rm.<br \/>\nVarv 24: rm. G\u00f6r en \u00f6kning f\u00f6re och efter varje mark\u00f6r, utom f\u00f6rsta mark\u00f6ren. Nu ska det vara 128 m totalt.<br \/>\nVarv 25: som v 23.<br \/>\nVarv 26: rm. G\u00f6r en \u00f6kning f\u00f6re och efter varje mark\u00f6r. Nu ska det vara 136 m totalt.<br \/>\nVarv 27: som v 23.<\/p>\n<p><img loading=\"lazy\" decoding=\"async\" class=\"alignnone size-full wp-image-9974\" src=\"https:\/\/bloggar.hemmetsjournal.se\/anna\/wp-content\/uploads\/sites\/2\/2017\/05\/Femtimmarstr\u00f6jan-bild.jpg\" alt=\"\" width=\"844\" height=\"527\" srcset=\"https:\/\/bloggar.hemmetsjournal.se\/anna\/wp-content\/uploads\/sites\/2\/2017\/05\/Femtimmarstr\u00f6jan-bild.jpg 844w, https:\/\/bloggar.hemmetsjournal.se\/anna\/wp-content\/uploads\/sites\/2\/2017\/05\/Femtimmarstr\u00f6jan-bild-300x187.jpg 300w, https:\/\/bloggar.hemmetsjournal.se\/anna\/wp-content\/uploads\/sites\/2\/2017\/05\/Femtimmarstr\u00f6jan-bild-768x480.jpg 768w, https:\/\/bloggar.hemmetsjournal.se\/anna\/wp-content\/uploads\/sites\/2\/2017\/05\/Femtimmarstr\u00f6jan-bild-483x302.jpg 483w, https:\/\/bloggar.hemmetsjournal.se\/anna\/wp-content\/uploads\/sites\/2\/2017\/05\/Femtimmarstr\u00f6jan-bild-360x225.jpg 360w, https:\/\/bloggar.hemmetsjournal.se\/anna\/wp-content\/uploads\/sites\/2\/2017\/05\/Femtimmarstr\u00f6jan-bild-600x375.jpg 600w, https:\/\/bloggar.hemmetsjournal.se\/anna\/wp-content\/uploads\/sites\/2\/2017\/05\/Femtimmarstr\u00f6jan-bild-263x164.jpg 263w, https:\/\/bloggar.hemmetsjournal.se\/anna\/wp-content\/uploads\/sites\/2\/2017\/05\/Femtimmarstr\u00f6jan-bild-24x15.jpg 24w, https:\/\/bloggar.hemmetsjournal.se\/anna\/wp-content\/uploads\/sites\/2\/2017\/05\/Femtimmarstr\u00f6jan-bild-36x22.jpg 36w, https:\/\/bloggar.hemmetsjournal.se\/anna\/wp-content\/uploads\/sites\/2\/2017\/05\/Femtimmarstr\u00f6jan-bild-48x30.jpg 48w\" sizes=\"(max-width: 844px) 100vw, 844px\" \/><\/p>\n<p><em>H\u00e4r \u00e4r faktiskt en bild &#8212; ett av Saras f\u00f6rsta exemplar av Femtimmarstr\u00f6jan. Tack Ann-Christin som skickade den!<\/em><\/p>\n<p>Sticka framstyckets m r, g\u00f6r 2 omslag, sticka 27 rm (\u00e4rm), g\u00f6r 2 omslag.<br \/>\nV\u00e4nd och sticka 22 v sl\u00e4tstickning p\u00e5 de 31 m som nu utg\u00f6r \u00e4rmen. (Resten av tr\u00f6jan sitter kvar p\u00e5 stickorna under tiden. Det blir lite tr\u00e5ngt, men det g\u00e5r.)<br \/>\nMinska f\u00f6r handleden: 2 rm, *2 tills, 3 rm*, upprepa fr\u00e5n * till * 4 ggr, 2 tills, 2 rm. Nu ska det vara 25 m kvar.<br \/>\nSticka 7 v rm och maska av fram till sista m.<br \/>\nTr\u00e4 sista m p\u00e5 en ganska grov virkn\u00e5l, vik \u00e4rmen dubbel med r\u00e4tsidan in\u00e5t och virka ihop den med smygmaskor eller fasta maskor hela v\u00e4gen upp till \u00e4rmh\u00e5let.<br \/>\nTr\u00e4 maskan p\u00e5 h\u00f6ger sticka och forts\u00e4tt sticka.<br \/>\nSticka bakstyckets m r, g\u00f6r 2 omsl, sticka 27 rm (andra \u00e4rmen), g\u00f6r 2 omsl.<br \/>\nV\u00e4nd och sticka f\u00e4rdigt denna \u00e4rm likadant som den f\u00f6rsta.<br \/>\nForts\u00e4tt sticka fram\u2013 och bakstycket med r m tills tr\u00f6jan \u00e4r n\u00e4stan lagom l\u00e5ng (kanten kommer att l\u00e4gga till ytterligare ungef\u00e4r 3 cm).<br \/>\nMinska 8-10 m j\u00e4mt f\u00f6rdelade \u00f6ver ett varv.<br \/>\nAvsluta med att sticka omv\u00e4xlande r\u00e4ta varv och aviga varv i sammanlagt 8\u201310 v s\u00e5 att tr\u00f6jan f\u00e5r sin \u201dr\u00e4tstickade\u201d nederkant.<br \/>\nVirka fm utmed kn\u00e4ppningskanten och kasta n\u00e5gra stygn runt knapph\u00e5len. Sy i tv\u00e5 knappar och f\u00e4st alla tr\u00e5dar.<\/p>\n<p>***<\/p>\n<p>Det finns ocks\u00e5 tv\u00e5 tr\u00f6jvarianter d\u00e4r sprundet \u00e4r placerat mitt fram: <a href=\"https:\/\/www.jarbo.se\/femtimmarsollen\/\">Femtimmarsollen <\/a>och <a href=\"https:\/\/www.jarbo.se\/femtimmarsollen-med-knapp\/\">Femtimmarsollen med knapp<\/a>.<\/p>\n","protected":false},"excerpt":{"rendered":"<p>En del av er minns kanske Femtimmarstr\u00f6jan, Saras raglankn\u00e4ppta tr\u00f6jvariant av Femtimmarskoftan. Bloggen d\u00e4r den senaste, korrigerade versionen publicerades finns inte l\u00e4ngre, och nu har det kommit flera fr\u00e5gor om den, s\u00e5 Sara och jag har best\u00e4mt oss f\u00f6r att beskrivningen f\u00e5r ett nytt hem h\u00e4r. Vars\u00e5goda! Du som stickar den: skicka g\u00e4rna en bild,&#8230;<\/p>\n","protected":false},"author":31,"featured_media":0,"comment_status":"closed","ping_status":"closed","sticky":false,"template":"","format":"standard","meta":{"site-sidebar-layout":"default","site-content-layout":"","ast-site-content-layout":"default","site-content-style":"default","site-sidebar-style":"default","ast-global-header-display":"","ast-banner-title-visibility":"","ast-main-header-display":"","ast-hfb-above-header-display":"","ast-hfb-below-header-display":"","ast-hfb-mobile-header-display":"","site-post-title":"","ast-breadcrumbs-content":"","ast-featured-img":"","footer-sml-layout":"","ast-disable-related-posts":"","theme-transparent-header-meta":"","adv-header-id-meta":"","stick-header-meta":"","header-above-stick-meta":"","header-main-stick-meta":"","header-below-stick-meta":"","astra-migrate-meta-layouts":"default","ast-page-background-enabled":"default","ast-page-background-meta":{"desktop":{"background-color":"var(--ast-global-color-4)","background-image":"","background-repeat":"repeat","background-position":"center center","background-size":"auto","background-attachment":"scroll","background-type":"","background-media":"","overlay-type":"","overlay-color":"","overlay-opacity":"","overlay-gradient":""},"tablet":{"background-color":"","background-image":"","background-repeat":"repeat","background-position":"center center","background-size":"auto","background-attachment":"scroll","background-type":"","background-media":"","overlay-type":"","overlay-color":"","overlay-opacity":"","overlay-gradient":""},"mobile":{"background-color":"","background-image":"","background-repeat":"repeat","background-position":"center center","background-size":"auto","background-attachment":"scroll","background-type":"","background-media":"","overlay-type":"","overlay-color":"","overlay-opacity":"","overlay-gradient":""}},"ast-content-background-meta":{"desktop":{"background-color":"var(--ast-global-color-5)","background-image":"","background-repeat":"repeat","background-position":"center center","background-size":"auto","background-attachment":"scroll","background-type":"","background-media":"","overlay-type":"","overlay-color":"","overlay-opacity":"","overlay-gradient":""},"tablet":{"background-color":"var(--ast-global-color-5)","background-image":"","background-repeat":"repeat","background-position":"center center","background-size":"auto","background-attachment":"scroll","background-type":"","background-media":"","overlay-type":"","overlay-color":"","overlay-opacity":"","overlay-gradient":""},"mobile":{"background-color":"var(--ast-global-color-5)","background-image":"","background-repeat":"repeat","background-position":"center center","background-size":"auto","background-attachment":"scroll","background-type":"","background-media":"","overlay-type":"","overlay-color":"","overlay-opacity":"","overlay-gradient":""}},"footnotes":""},"categories":[152,255,240],"tags":[256,895],"class_list":["post-9969","post","type-post","status-publish","format-standard","hentry","category-beskrivningar","category-femtimmarskoftan","category-uppifran-och-ner","tag-femtimmarskoftan","tag-femtimmarstrojan"],"_links":{"self":[{"href":"https:\/\/bloggar.hemmetsjournal.se\/anna\/wp-json\/wp\/v2\/posts\/9969"}],"collection":[{"href":"https:\/\/bloggar.hemmetsjournal.se\/anna\/wp-json\/wp\/v2\/posts"}],"about":[{"href":"https:\/\/bloggar.hemmetsjournal.se\/anna\/wp-json\/wp\/v2\/types\/post"}],"author":[{"embeddable":true,"href":"https:\/\/bloggar.hemmetsjournal.se\/anna\/wp-json\/wp\/v2\/users\/31"}],"replies":[{"embeddable":true,"href":"https:\/\/bloggar.hemmetsjournal.se\/anna\/wp-json\/wp\/v2\/comments?post=9969"}],"version-history":[{"count":4,"href":"https:\/\/bloggar.hemmetsjournal.se\/anna\/wp-json\/wp\/v2\/posts\/9969\/revisions"}],"predecessor-version":[{"id":9975,"href":"https:\/\/bloggar.hemmetsjournal.se\/anna\/wp-json\/wp\/v2\/posts\/9969\/revisions\/9975"}],"wp:attachment":[{"href":"https:\/\/bloggar.hemmetsjournal.se\/anna\/wp-json\/wp\/v2\/media?parent=9969"}],"wp:term":[{"taxonomy":"category","embeddable":true,"href":"https:\/\/bloggar.hemmetsjournal.se\/anna\/wp-json\/wp\/v2\/categories?post=9969"},{"taxonomy":"post_tag","embeddable":true,"href":"https:\/\/bloggar.hemmetsjournal.se\/anna\/wp-json\/wp\/v2\/tags?post=9969"}],"curies":[{"name":"wp","href":"https:\/\/api.w.org\/{rel}","templated":true}]}}