{"id":983,"date":"2016-10-11T08:38:14","date_gmt":"2016-10-11T06:38:14","guid":{"rendered":"https:\/\/bloggar.hemmetsjournal.se\/anna\/?p=983"},"modified":"2016-10-11T12:33:13","modified_gmt":"2016-10-11T10:33:13","slug":"en-container-till-syrien","status":"publish","type":"post","link":"https:\/\/bloggar.hemmetsjournal.se\/anna\/2016\/en-container-till-syrien\/","title":{"rendered":"En container till Syrien"},"content":{"rendered":"<p>Det \u00e4r verkligen inte l\u00e4tt att f\u00f6rst\u00e5 vad som h\u00e4nder i Syrien &#8212; eller vad vi kan g\u00f6ra f\u00f6r att m\u00e4nniskor d\u00e4r inte ska beh\u00f6va lida och fly.<\/p>\n<p>H\u00e4r i Sverige har vi ju f\u00e5tt l\u00e4ra oss att om man vill st\u00f6tta m\u00e4nniskor som befinner sig i utsatta l\u00e4gen \u00e4r det b\u00e4st att g\u00f6ra det genom att skicka pengar till etablerade hj\u00e4lporganisationer.<\/p>\n<p>Det senaste \u00e5ret har st\u00e4llt mycket p\u00e5 \u00e4nda. Stora hj\u00e4lps\u00e4ndningar har blivit en m\u00e5ltavla f\u00f6r en del av de grupper som krigar. De riktigt stora hj\u00e4lporganisationerna klarar inte att hj\u00e4lpa alla &#8212; f\u00f6rra \u00e5ret var n\u00e5gra av de grekiska \u00f6ar d\u00e4r tusentals flyktingar klev iland i stort sett utan hj\u00e4lp fr\u00e5n de stora (ni som var med och arbetade f\u00f6r Hanna Bj\u00f6rk Contous Leros-insamling minns det s\u00e4kert extra v\u00e4l). Och ibland g\u00e5r det f\u00f6r sakta ocks\u00e5.<\/p>\n<p>Nu har <strong>Israa Abdali<\/strong>, en sjuksk\u00f6terska som har f\u00e5tt ber\u00e4tta mycket om flyktingars situation och om Syrien i svenska medier (jag h\u00f6rde henne p\u00e5 radio en morgon f\u00f6rra veckan, och <a href=\"https:\/\/sverigesradio.se\/sida\/artikel.aspx?programid=103&amp;artikel=6537376\">h\u00e4r \u00e4r en alldeles ny intervju<\/a>!), best\u00e4mt sig f\u00f6r att ordna en containers\u00e4ndning. Hon k\u00e4nner m\u00e5nga som kan hj\u00e4lpa till med att ta emot den. Lyckas den inte ta sig fram hela v\u00e4gen till Aleppo s\u00e5 kommer inneh\u00e5llet att delas ut till flyktingar p\u00e5 andra h\u00e5ll &#8212; och de beh\u00f6ver hj\u00e4lpen lika mycket.<\/p>\n<p>Hur man g\u00f6r f\u00f6r att hj\u00e4lpa till?<\/p>\n<p>Man skickar helt enkelt kl\u00e4der (barnkl\u00e4der och vuxenkl\u00e4der) till Israa:<\/p>\n<p><strong>Israa Abdali<\/strong><br \/>\n<strong>Tingsv\u00e4gen 31<\/strong><br \/>\n<strong>191 60 Sollentuna<\/strong><\/p>\n<p>Jag hoppas att hon f\u00e5r j\u00e4ttemycket hj\u00e4lp med att h\u00e4mta paketen och sortera och packa inneh\u00e5llet!<\/p>\n<p>I mitten av september var det ju hj\u00e4lpstickningsdag i H\u00f6\u00f6r, och en del av dem som kom hade med sig barnkl\u00e4der och filtar och bad mig att se till att de skulle hamna n\u00e5gonstans d\u00e4r de beh\u00f6vs. S\u00e5 nu skickar jag dem till Israa! Tv\u00e5 ganska stora l\u00e5dor blev det. Innan jag packade fotograferade jag allt. Om jag ska visa alla bilderna kommer jag att f\u00e5 h\u00e5lla p\u00e5 i flera veckor. Och idag g\u00e5r det inte alls eftersom jag har en l\u00e5nedator som ratar min kamera. Men snart!<\/p>\n<p>Och s\u00e5 l\u00e4nge: h\u00e4r \u00e4r en film d\u00e4r Israa ber\u00e4ttar om det hon var med om p\u00e5 Lesbos f\u00f6rra h\u00f6sten.<\/p>\n<div class=\"ast-oembed-container \" style=\"height: 100%;\"><iframe loading=\"lazy\" title=\"ISRAA ABDALI\" width=\"500\" height=\"281\" src=\"https:\/\/www.youtube.com\/embed\/X5-NVpI3iuw?feature=oembed\" frameborder=\"0\" allow=\"accelerometer; autoplay; clipboard-write; encrypted-media; gyroscope; picture-in-picture; web-share\" referrerpolicy=\"strict-origin-when-cross-origin\" allowfullscreen><\/iframe><\/div>\n<p>Kan man vara med genom att ge pengar ocks\u00e5? Ja! Israa tar emot swish-bidrag p\u00e5 <span class=\"UFICommentBody\">0735677227<\/span>. Skriv &#8221;Syriens v\u00e4nner&#8221;.<\/p>\n","protected":false},"excerpt":{"rendered":"<p>Det \u00e4r verkligen inte l\u00e4tt att f\u00f6rst\u00e5 vad som h\u00e4nder i Syrien &#8212; eller vad vi kan g\u00f6ra f\u00f6r att m\u00e4nniskor d\u00e4r inte ska beh\u00f6va lida och fly. H\u00e4r i Sverige har vi ju f\u00e5tt l\u00e4ra oss att om man vill st\u00f6tta m\u00e4nniskor som befinner sig i utsatta l\u00e4gen \u00e4r det b\u00e4st att g\u00f6ra det&#8230;<\/p>\n","protected":false},"author":31,"featured_media":0,"comment_status":"closed","ping_status":"closed","sticky":false,"template":"","format":"standard","meta":{"site-sidebar-layout":"default","site-content-layout":"","ast-site-content-layout":"default","site-content-style":"default","site-sidebar-style":"default","ast-global-header-display":"","ast-banner-title-visibility":"","ast-main-header-display":"","ast-hfb-above-header-display":"","ast-hfb-below-header-display":"","ast-hfb-mobile-header-display":"","site-post-title":"","ast-breadcrumbs-content":"","ast-featured-img":"","footer-sml-layout":"","ast-disable-related-posts":"","theme-transparent-header-meta":"","adv-header-id-meta":"","stick-header-meta":"","header-above-stick-meta":"","header-main-stick-meta":"","header-below-stick-meta":"","astra-migrate-meta-layouts":"default","ast-page-background-enabled":"default","ast-page-background-meta":{"desktop":{"background-color":"var(--ast-global-color-4)","background-image":"","background-repeat":"repeat","background-position":"center center","background-size":"auto","background-attachment":"scroll","background-type":"","background-media":"","overlay-type":"","overlay-color":"","overlay-opacity":"","overlay-gradient":""},"tablet":{"background-color":"","background-image":"","background-repeat":"repeat","background-position":"center center","background-size":"auto","background-attachment":"scroll","background-type":"","background-media":"","overlay-type":"","overlay-color":"","overlay-opacity":"","overlay-gradient":""},"mobile":{"background-color":"","background-image":"","background-repeat":"repeat","background-position":"center center","background-size":"auto","background-attachment":"scroll","background-type":"","background-media":"","overlay-type":"","overlay-color":"","overlay-opacity":"","overlay-gradient":""}},"ast-content-background-meta":{"desktop":{"background-color":"var(--ast-global-color-5)","background-image":"","background-repeat":"repeat","background-position":"center center","background-size":"auto","background-attachment":"scroll","background-type":"","background-media":"","overlay-type":"","overlay-color":"","overlay-opacity":"","overlay-gradient":""},"tablet":{"background-color":"var(--ast-global-color-5)","background-image":"","background-repeat":"repeat","background-position":"center center","background-size":"auto","background-attachment":"scroll","background-type":"","background-media":"","overlay-type":"","overlay-color":"","overlay-opacity":"","overlay-gradient":""},"mobile":{"background-color":"var(--ast-global-color-5)","background-image":"","background-repeat":"repeat","background-position":"center center","background-size":"auto","background-attachment":"scroll","background-type":"","background-media":"","overlay-type":"","overlay-color":"","overlay-opacity":"","overlay-gradient":""}},"footnotes":""},"categories":[73],"tags":[],"class_list":["post-983","post","type-post","status-publish","format-standard","hentry","category-kriget-i-syrien"],"_links":{"self":[{"href":"https:\/\/bloggar.hemmetsjournal.se\/anna\/wp-json\/wp\/v2\/posts\/983"}],"collection":[{"href":"https:\/\/bloggar.hemmetsjournal.se\/anna\/wp-json\/wp\/v2\/posts"}],"about":[{"href":"https:\/\/bloggar.hemmetsjournal.se\/anna\/wp-json\/wp\/v2\/types\/post"}],"author":[{"embeddable":true,"href":"https:\/\/bloggar.hemmetsjournal.se\/anna\/wp-json\/wp\/v2\/users\/31"}],"replies":[{"embeddable":true,"href":"https:\/\/bloggar.hemmetsjournal.se\/anna\/wp-json\/wp\/v2\/comments?post=983"}],"version-history":[{"count":5,"href":"https:\/\/bloggar.hemmetsjournal.se\/anna\/wp-json\/wp\/v2\/posts\/983\/revisions"}],"predecessor-version":[{"id":985,"href":"https:\/\/bloggar.hemmetsjournal.se\/anna\/wp-json\/wp\/v2\/posts\/983\/revisions\/985"}],"wp:attachment":[{"href":"https:\/\/bloggar.hemmetsjournal.se\/anna\/wp-json\/wp\/v2\/media?parent=983"}],"wp:term":[{"taxonomy":"category","embeddable":true,"href":"https:\/\/bloggar.hemmetsjournal.se\/anna\/wp-json\/wp\/v2\/categories?post=983"},{"taxonomy":"post_tag","embeddable":true,"href":"https:\/\/bloggar.hemmetsjournal.se\/anna\/wp-json\/wp\/v2\/tags?post=983"}],"curies":[{"name":"wp","href":"https:\/\/api.w.org\/{rel}","templated":true}]}}