{"id":9814,"date":"2014-08-18T07:45:57","date_gmt":"2014-08-18T06:45:57","guid":{"rendered":"https:\/\/hj.ekmsandbox.se\/?p=9814"},"modified":"2014-08-18T07:45:57","modified_gmt":"2014-08-18T06:45:57","slug":"nu-har-de-kommit","status":"publish","type":"post","link":"https:\/\/bloggar.hemmetsjournal.se\/anna\/2014\/nu-har-de-kommit\/","title":{"rendered":"Nu har de kommit!"},"content":{"rendered":"<figure id=\"attachment_9815\" aria-describedby=\"caption-attachment-9815\" style=\"width: 1000px\" class=\"wp-caption alignleft\"><a href=\"https:\/\/bloggar.hemmetsjournal.se\/anna\/wp-content\/uploads\/sites\/2\/2014\/08\/tre-sista.jpg\"><img loading=\"lazy\" decoding=\"async\" class=\"size-full wp-image-9815\" src=\"https:\/\/bloggar.hemmetsjournal.se\/anna\/wp-content\/uploads\/sites\/2\/2014\/08\/tre-sista.jpg\" alt=\"H\u00e4r \u00e4r de!\" width=\"1000\" height=\"666\" \/><\/a><figcaption id=\"caption-attachment-9815\" class=\"wp-caption-text\">H\u00e4r \u00e4r de!<\/figcaption><\/figure>\n<p>Tre nya receptb\u00f6cker p\u00e5 en g\u00e5ng &#8212; och de blev klara som de skulle, och nu har de kommit fr\u00e5n tryckeriet i Lettland! Hurra!<\/p>\n<p>De blir nummer tio, elva och tolv i Lilla Kyrkkaffe-serien. Som fr\u00e5n b\u00f6rjan bara skulle vara tv\u00e5 &#8212; f\u00f6r allt \u00e4r inte f\u00f6ruts\u00e4gbart ens n\u00e4r det g\u00e4ller n\u00e5got s\u00e5 p\u00e5tagligt som b\u00f6cker.<\/p>\n<p>F\u00f6rst ska jag s\u00e5klart ber\u00e4tta att det g\u00e5r att k\u00f6pa eller best\u00e4lla dem i vilken bokhandel som helst och i de stora internetbokl\u00e5dorna (Adlibris och Bokus till exempel). Och att de finns i Libris egen internetbokhandel, libris.se (<a href=\"https:\/\/www.libris.se\/julfika.html\" target=\"_blank\">h\u00e4r <\/a>och <a href=\"https:\/\/www.libris.se\/inte-utan-min-langpanna.html\" target=\"_blank\">h\u00e4r <\/a>och <a href=\"https:\/\/www.libris.se\/glad-i-choklad.html\" target=\"_blank\">h\u00e4r<\/a>).<\/p>\n<p>Sedan ska jag ber\u00e4tta att <strong>Else-Marie<\/strong>\u00a0p\u00e5 Libris har packat paket och skrivit ut adressetiketter s\u00e5 att alla ni som har hj\u00e4lpt till med recept och till exempel ber\u00e4ttat om varf\u00f6r ni tycker om att baka i l\u00e5ngpanna f\u00e5r era medverkandeexemplar s\u00e5 snabbt som det bara g\u00e5r. Ni f\u00e5r ocks\u00e5 en rabattkod s\u00e5 att ni kan k\u00f6pa s\u00e5 m\u00e5nga exemplar ni vill till medverkandepris. Hoppas att det blir bra!<\/p>\n<p>Och s\u00e5 ska jag ber\u00e4tta n\u00e5got om varf\u00f6r de tre sista b\u00f6ckerna i serien blev just de h\u00e4r tre.<\/p>\n<p>&nbsp;<\/p>\n<figure id=\"attachment_9817\" aria-describedby=\"caption-attachment-9817\" style=\"width: 199px\" class=\"wp-caption alignleft\"><a href=\"https:\/\/bloggar.hemmetsjournal.se\/anna\/wp-content\/uploads\/sites\/2\/2014\/08\/Julfika.jpg\"><img loading=\"lazy\" decoding=\"async\" class=\"size-medium wp-image-9817\" src=\"https:\/\/bloggar.hemmetsjournal.se\/anna\/wp-content\/uploads\/sites\/2\/2014\/08\/Julfika-199x300.jpg\" alt=\"Massor att bjuda p\u00e5. \" width=\"199\" height=\"300\" \/><\/a><figcaption id=\"caption-attachment-9817\" class=\"wp-caption-text\">Massor att bjuda p\u00e5.<\/figcaption><\/figure>\n<p><a href=\"https:\/\/www.libris.se\/julfika.html\" target=\"_blank\"><em>Julfika<\/em> <\/a>\u00e4r n\u00e5got som har dykt upp med oj\u00e4mna mellanrum p\u00e5 Libris i minst tio \u00e5r, fast i lite olika skepnad. Minns jag inte fel s\u00e5 var det f\u00f6rl\u00e4ggaren <strong>Peter<\/strong> som b\u00f6rjade tala om sin dr\u00f6m om en julbok ungef\u00e4r samtidigt som <a href=\"https:\/\/www.libris.se\/kyrkkaffe.html\" target=\"_blank\"><em>Kyrkkaffe<\/em> <\/a>kom ut &#8230; Det har varit tal om en stor bok, om en matbok, om n\u00e5got mer antologiaktigt med klassiska ber\u00e4ttelser, och nu blev det en fikabok. Inte s\u00e5 l\u00e4tt att skapa julst\u00e4mning i mars och april, och vi kunde inte g\u00f6ra arbetet tidigare, men <strong>fotograf-Magnus<\/strong> som alltid \u00e4r en stj\u00e4rna visade sig vara en julstj\u00e4rna ocks\u00e5!<\/p>\n<p>Och s\u00e5 letade ju <strong>faktor-Ingrid<\/strong> upp sin ask med sm\u00e5f\u00e5glar och r\u00f6da b\u00e4r, och jag fotograferade dem i personalk\u00f6ket p\u00e5 Libris, och <strong>repro-Henrik<\/strong> hj\u00e4lpte till med att putsa f\u00e4rger och fril\u00e4ggning, och <strong>formgivar-Maria<\/strong> str\u00f6sslade h\u00e4r och var i boken, och s\u00e5 blev det den allra varmaste och vackraste sortens jul. Jul p\u00e5 kyrkkaffevis, f\u00f6rst\u00e5s: stora satser, enkla recept, det mesta ganska snabbakat, s\u00e5 att ocks\u00e5 den som bakar kan pusta ut och s\u00e4tta sig tillsammans med g\u00e4sterna och s\u00e5 att alla kan vara med.<\/p>\n<p>&nbsp;<\/p>\n<figure id=\"attachment_9818\" aria-describedby=\"caption-attachment-9818\" style=\"width: 200px\" class=\"wp-caption alignleft\"><a href=\"https:\/\/bloggar.hemmetsjournal.se\/anna\/wp-content\/uploads\/sites\/2\/2014\/08\/Glad-i-choklad.jpg\"><img loading=\"lazy\" decoding=\"async\" class=\"size-medium wp-image-9818\" src=\"https:\/\/bloggar.hemmetsjournal.se\/anna\/wp-content\/uploads\/sites\/2\/2014\/08\/Glad-i-choklad-200x300.jpg\" alt=\"Tillsammans med Sackeus.\" width=\"200\" height=\"300\" \/><\/a><figcaption id=\"caption-attachment-9818\" class=\"wp-caption-text\">Tillsammans med Sackeus.<\/figcaption><\/figure>\n<p><a href=\"https:\/\/www.libris.se\/glad-i-choklad.html\" target=\"_blank\"><em>Glad i choklad<\/em><\/a> \u00e4r ocks\u00e5 n\u00e5got som har funnits som en id\u00e9 ett bra tag &#8212; f\u00f6r \u00e4nda sedan de f\u00f6rsta fair trade-m\u00e4rkta chokladsorterna och kakaof\u00f6rpackningarna d\u00f6k upp i Sverige har jag tyckt att det borde g\u00e5 att komma p\u00e5 ett s\u00e4tt att ber\u00e4tta om f\u00f6ruts\u00e4ttningarna f\u00f6r v\u00e5r svenska vana att hela tiden \u00e4ta och dricka choklad och baka med choklad och kakao.<\/p>\n<p>Man kan kalla choklad f\u00f6r en j\u00e4tteindustri. Eller ocks\u00e5 kan man tala om alla de m\u00e4nniskor som arbetar f\u00f6r att vi ska f\u00e5 n\u00e5got som \u00e4r s\u00e5 gott.<\/p>\n<p>I sann kyrkkaffeanda m\u00e5ste vi f\u00f6rst\u00e5s konstatera att\u00a0det andra alternativet \u00e4r det intressanta och relevanta. S\u00e5 <em>Glad i choklad<\/em> inneh\u00e5ller ganska mycket om kakaob\u00f6nor och kakaosk\u00f6rd och j\u00e4sning och kvalitetskontroll och fair trade-bonus &#8212; och s\u00e5 alla de favoritrecept som har kommit fr\u00e5n olika h\u00e5ll. <a href=\"https:\/\/www.sackeus.se\" target=\"_blank\">Sackeus <\/a>st\u00e5r f\u00f6r bakgrundsmaterial och bilder fr\u00e5n Sydamerika. Otroligt roligt att f\u00e5 f\u00f6rverkliga id\u00e9n!<\/p>\n<p>&nbsp;<\/p>\n<p>&nbsp;<\/p>\n<figure id=\"attachment_9816\" aria-describedby=\"caption-attachment-9816\" style=\"width: 199px\" class=\"wp-caption alignleft\"><a href=\"https:\/\/bloggar.hemmetsjournal.se\/anna\/wp-content\/uploads\/sites\/2\/2014\/08\/Inte-utan-min-l\u00e5ngpanna.jpg\"><img loading=\"lazy\" decoding=\"async\" class=\"size-medium wp-image-9816\" src=\"https:\/\/bloggar.hemmetsjournal.se\/anna\/wp-content\/uploads\/sites\/2\/2014\/08\/Inte-utan-min-l\u00e5ngpanna-199x300.jpg\" alt=\"Fj\u00e4rde l\u00e5ngpanneboken -- mjuk pepparkaka med f\u00e4rskostglasyr och lingon p\u00e5 omslaget.\" width=\"199\" height=\"300\" \/><\/a><figcaption id=\"caption-attachment-9816\" class=\"wp-caption-text\">Fj\u00e4rde l\u00e5ngpanneboken &#8212; mjuk pepparkaka med f\u00e4rskostglasyr och lingon p\u00e5 omslaget.<\/figcaption><\/figure>\n<p><a href=\"https:\/\/www.libris.se\/inte-utan-min-langpanna.html\" target=\"_blank\"><em>Inte utan min l\u00e5ngpanna<\/em><\/a> \u00e4r den fj\u00e4rde l\u00e5ngpanneboken i serien &#8212; ocks\u00e5 en of\u00f6ruts\u00e4gbar utveckling, men jag b\u00f6rjade med <a href=\"https:\/\/www.libris.se\/langpannans-lov.html\" target=\"_blank\"><em>L\u00e5ngpannans lov<\/em><\/a>, och sedan var det en bokklubbsredakt\u00f6r som fr\u00e5gade om vi inte f\u00f6r hade recept p\u00e5 lunch- och middagsr\u00e4tter att laga i l\u00e5ngpanna ocks\u00e5, s\u00e5 d\u00e5 gjorde vi <a href=\"https:\/\/www.libris.se\/mat-i-langpanna.html\" target=\"_blank\"><em>Mat i l\u00e5ngpanna<\/em><\/a>, och sedan hade det kommit s\u00e5 m\u00e5nga nya bakrecept att det var dags f\u00f6r <em><a href=\"https:\/\/www.libris.se\/mer-langpannans-lov.html\" target=\"_blank\">Mer l\u00e5ngpannans lov<\/a>.\u00a0<\/em>Nu blir det inte fler, inte med mig som redakt\u00f6r \u00e5tminstone, s\u00e5 jag hoppas att recepten i den nya \u00e4r precis vad ni beh\u00f6ver! Det blev v\u00e4ldigt mycket av allting under fotograferingsdagarna, men inte en enda kant gick till spillo &#8212; vi hade s\u00e4rskilda kantl\u00e5dor och packade rutorna till dagledigtr\u00e4ff, personalfika, RIA Dorkas i \u00d6rebro, ett h\u00e4rb\u00e4rge i V\u00e4ster\u00e5s och privata frysar.<\/p>\n<p>Och nu ska jag passa p\u00e5 att tacka alla er som har skickat recept och annat, och <strong>Marita<\/strong> och <strong>Ulf<\/strong> och <strong>Lars<\/strong> och <strong>Mikael<\/strong> och <strong>Ingrid<\/strong> och <strong>Johan<\/strong> och <strong>Mia<\/strong> och <strong>Josefina<\/strong> och <strong>Daniel<\/strong> och <strong>Sara<\/strong> som har l\u00e5nat ut k\u00f6k och l\u00e5tit mig och Magnus kl\u00e4ttra omkring och fotografera, och v\u00e5ra fikande fotomodeller, och <strong>Sofia<\/strong> och <strong>Else-Marie<\/strong> och <strong>Jennifer<\/strong> och ni andra som har hj\u00e4lpt till med sj\u00e4lva bakandet, och alla er som har hejat p\u00e5 under arbetet p\u00e5 olika vis.<\/p>\n<p>Lycka till med bakandet, alla kyrkkaffev\u00e4nner! Och med bjudandet!<\/p>\n<p>Lite G\u00f6ran Sonnevi s\u00e5h\u00e4r som avslutning: &#8221;I varje bit br\u00f6d\/ jag\u00a0tar i min mun\/\u00a0finns alla m\u00e4nniskor\/ hela jorden\/ hela himlen\/ och alla stj\u00e4rnor.&#8221;<\/p>\n","protected":false},"excerpt":{"rendered":"<p>Tre nya receptb\u00f6cker p\u00e5 en g\u00e5ng &#8212; och de blev klara som de skulle, och nu har de kommit fr\u00e5n tryckeriet i Lettland! Hurra! De blir nummer tio, elva och tolv i Lilla Kyrkkaffe-serien. Som fr\u00e5n b\u00f6rjan bara skulle vara tv\u00e5 &#8212; f\u00f6r allt \u00e4r inte f\u00f6ruts\u00e4gbart ens n\u00e4r det g\u00e4ller n\u00e5got s\u00e5 p\u00e5tagligt som&#8230;<\/p>\n","protected":false},"author":31,"featured_media":0,"comment_status":"open","ping_status":"open","sticky":false,"template":"","format":"standard","meta":{"site-sidebar-layout":"default","site-content-layout":"","ast-site-content-layout":"default","site-content-style":"default","site-sidebar-style":"default","ast-global-header-display":"","ast-banner-title-visibility":"","ast-main-header-display":"","ast-hfb-above-header-display":"","ast-hfb-below-header-display":"","ast-hfb-mobile-header-display":"","site-post-title":"","ast-breadcrumbs-content":"","ast-featured-img":"","footer-sml-layout":"","ast-disable-related-posts":"","theme-transparent-header-meta":"","adv-header-id-meta":"","stick-header-meta":"","header-above-stick-meta":"","header-main-stick-meta":"","header-below-stick-meta":"","astra-migrate-meta-layouts":"default","ast-page-background-enabled":"default","ast-page-background-meta":{"desktop":{"background-color":"var(--ast-global-color-4)","background-image":"","background-repeat":"repeat","background-position":"center center","background-size":"auto","background-attachment":"scroll","background-type":"","background-media":"","overlay-type":"","overlay-color":"","overlay-opacity":"","overlay-gradient":""},"tablet":{"background-color":"","background-image":"","background-repeat":"repeat","background-position":"center center","background-size":"auto","background-attachment":"scroll","background-type":"","background-media":"","overlay-type":"","overlay-color":"","overlay-opacity":"","overlay-gradient":""},"mobile":{"background-color":"","background-image":"","background-repeat":"repeat","background-position":"center center","background-size":"auto","background-attachment":"scroll","background-type":"","background-media":"","overlay-type":"","overlay-color":"","overlay-opacity":"","overlay-gradient":""}},"ast-content-background-meta":{"desktop":{"background-color":"var(--ast-global-color-5)","background-image":"","background-repeat":"repeat","background-position":"center center","background-size":"auto","background-attachment":"scroll","background-type":"","background-media":"","overlay-type":"","overlay-color":"","overlay-opacity":"","overlay-gradient":""},"tablet":{"background-color":"var(--ast-global-color-5)","background-image":"","background-repeat":"repeat","background-position":"center center","background-size":"auto","background-attachment":"scroll","background-type":"","background-media":"","overlay-type":"","overlay-color":"","overlay-opacity":"","overlay-gradient":""},"mobile":{"background-color":"var(--ast-global-color-5)","background-image":"","background-repeat":"repeat","background-position":"center center","background-size":"auto","background-attachment":"scroll","background-type":"","background-media":"","overlay-type":"","overlay-color":"","overlay-opacity":"","overlay-gradient":""}},"footnotes":""},"categories":[344,1],"tags":[],"class_list":["post-9814","post","type-post","status-publish","format-standard","hentry","category-kyrkkaffeprat","category-uncategorized"],"_links":{"self":[{"href":"https:\/\/bloggar.hemmetsjournal.se\/anna\/wp-json\/wp\/v2\/posts\/9814"}],"collection":[{"href":"https:\/\/bloggar.hemmetsjournal.se\/anna\/wp-json\/wp\/v2\/posts"}],"about":[{"href":"https:\/\/bloggar.hemmetsjournal.se\/anna\/wp-json\/wp\/v2\/types\/post"}],"author":[{"embeddable":true,"href":"https:\/\/bloggar.hemmetsjournal.se\/anna\/wp-json\/wp\/v2\/users\/31"}],"replies":[{"embeddable":true,"href":"https:\/\/bloggar.hemmetsjournal.se\/anna\/wp-json\/wp\/v2\/comments?post=9814"}],"version-history":[{"count":0,"href":"https:\/\/bloggar.hemmetsjournal.se\/anna\/wp-json\/wp\/v2\/posts\/9814\/revisions"}],"wp:attachment":[{"href":"https:\/\/bloggar.hemmetsjournal.se\/anna\/wp-json\/wp\/v2\/media?parent=9814"}],"wp:term":[{"taxonomy":"category","embeddable":true,"href":"https:\/\/bloggar.hemmetsjournal.se\/anna\/wp-json\/wp\/v2\/categories?post=9814"},{"taxonomy":"post_tag","embeddable":true,"href":"https:\/\/bloggar.hemmetsjournal.se\/anna\/wp-json\/wp\/v2\/tags?post=9814"}],"curies":[{"name":"wp","href":"https:\/\/api.w.org\/{rel}","templated":true}]}}