{"id":967,"date":"2016-10-03T14:04:40","date_gmt":"2016-10-03T12:04:40","guid":{"rendered":"https:\/\/bloggar.hemmetsjournal.se\/anna\/?p=967"},"modified":"2016-10-03T14:04:40","modified_gmt":"2016-10-03T12:04:40","slug":"garnhistoria","status":"publish","type":"post","link":"https:\/\/bloggar.hemmetsjournal.se\/anna\/2016\/garnhistoria\/","title":{"rendered":"Garnhistoria"},"content":{"rendered":"<p><img loading=\"lazy\" decoding=\"async\" class=\"alignnone size-full wp-image-968\" src=\"https:\/\/bloggar.hemmetsjournal.se\/anna\/wp-content\/uploads\/sites\/2\/2016\/10\/IMG_0415.jpg\" alt=\"img_0415\" width=\"720\" height=\"960\" srcset=\"https:\/\/bloggar.hemmetsjournal.se\/anna\/wp-content\/uploads\/sites\/2\/2016\/10\/IMG_0415.jpg 720w, https:\/\/bloggar.hemmetsjournal.se\/anna\/wp-content\/uploads\/sites\/2\/2016\/10\/IMG_0415-225x300.jpg 225w\" sizes=\"(max-width: 720px) 100vw, 720px\" \/>Kan man g\u00f6ra garn av vad som helst?<\/p>\n<p>Mj\u00f6lkgarnet \u00e4r kanske ett svar p\u00e5 den fr\u00e5gan.<\/p>\n<p>Men n\u00e4r jag var i en second hand-butik f\u00f6rra helgen blev jag \u00e4nd\u00e5 f\u00f6rv\u00e5nad: d\u00e4r l\u00e5g flera h\u00e4rvor av n\u00e5got som var m\u00e4rkt &#8221;n\u00f6th\u00e5rsgarn&#8221;!<\/p>\n<p>Det verkar som om det har varit \u00e5tminstone ganska vanligt f\u00f6r kanske 50 \u00e5r sedan, men mest som v\u00e4vgarn till mattor och s\u00e5dant. D\u00e5 borde det v\u00e4l vara spolat p\u00e5 koner och inte snurrat i en h\u00e4rva? S\u00e5 visst m\u00e5ste det som jag hittade vara t\u00e4nkt f\u00f6r stickning?<\/p>\n<p>De senaste veckorna har varit fullproppade med flyttbestyr f\u00f6r mig, s\u00e5 jag k\u00f6pte den h\u00e4r h\u00e4rvan och n\u00e5gra till men postade dem direkt till <strong>Margaretha<\/strong> som \u00e4r hj\u00e4lpstickare och som g\u00e4rna tar emot garnbidrag (jag har aldrig tr\u00e4ffat henne, men jag k\u00e4nner hennes dotter och hennes sv\u00e4rson). Vi f\u00e5r v\u00e4l se vad hon tycker om dem och vad hon tycker att man kan anv\u00e4nda dem till.<\/p>\n<p>Men alla ni andra &#8212; \u00e4r det n\u00e5gon som vet n\u00e5got om n\u00f6th\u00e5rsgarn eller om Berg\u00e5 eller som har n\u00e5got att ber\u00e4tta?<\/p>\n<p>&nbsp;<\/p>\n","protected":false},"excerpt":{"rendered":"<p>Kan man g\u00f6ra garn av vad som helst? Mj\u00f6lkgarnet \u00e4r kanske ett svar p\u00e5 den fr\u00e5gan. Men n\u00e4r jag var i en second hand-butik f\u00f6rra helgen blev jag \u00e4nd\u00e5 f\u00f6rv\u00e5nad: d\u00e4r l\u00e5g flera h\u00e4rvor av n\u00e5got som var m\u00e4rkt &#8221;n\u00f6th\u00e5rsgarn&#8221;! Det verkar som om det har varit \u00e5tminstone ganska vanligt f\u00f6r kanske 50 \u00e5r sedan,&#8230;<\/p>\n","protected":false},"author":31,"featured_media":0,"comment_status":"closed","ping_status":"closed","sticky":false,"template":"","format":"standard","meta":{"site-sidebar-layout":"default","site-content-layout":"","ast-site-content-layout":"default","site-content-style":"default","site-sidebar-style":"default","ast-global-header-display":"","ast-banner-title-visibility":"","ast-main-header-display":"","ast-hfb-above-header-display":"","ast-hfb-below-header-display":"","ast-hfb-mobile-header-display":"","site-post-title":"","ast-breadcrumbs-content":"","ast-featured-img":"","footer-sml-layout":"","ast-disable-related-posts":"","theme-transparent-header-meta":"","adv-header-id-meta":"","stick-header-meta":"","header-above-stick-meta":"","header-main-stick-meta":"","header-below-stick-meta":"","astra-migrate-meta-layouts":"default","ast-page-background-enabled":"default","ast-page-background-meta":{"desktop":{"background-color":"var(--ast-global-color-4)","background-image":"","background-repeat":"repeat","background-position":"center center","background-size":"auto","background-attachment":"scroll","background-type":"","background-media":"","overlay-type":"","overlay-color":"","overlay-opacity":"","overlay-gradient":""},"tablet":{"background-color":"","background-image":"","background-repeat":"repeat","background-position":"center center","background-size":"auto","background-attachment":"scroll","background-type":"","background-media":"","overlay-type":"","overlay-color":"","overlay-opacity":"","overlay-gradient":""},"mobile":{"background-color":"","background-image":"","background-repeat":"repeat","background-position":"center center","background-size":"auto","background-attachment":"scroll","background-type":"","background-media":"","overlay-type":"","overlay-color":"","overlay-opacity":"","overlay-gradient":""}},"ast-content-background-meta":{"desktop":{"background-color":"var(--ast-global-color-5)","background-image":"","background-repeat":"repeat","background-position":"center center","background-size":"auto","background-attachment":"scroll","background-type":"","background-media":"","overlay-type":"","overlay-color":"","overlay-opacity":"","overlay-gradient":""},"tablet":{"background-color":"var(--ast-global-color-5)","background-image":"","background-repeat":"repeat","background-position":"center center","background-size":"auto","background-attachment":"scroll","background-type":"","background-media":"","overlay-type":"","overlay-color":"","overlay-opacity":"","overlay-gradient":""},"mobile":{"background-color":"var(--ast-global-color-5)","background-image":"","background-repeat":"repeat","background-position":"center center","background-size":"auto","background-attachment":"scroll","background-type":"","background-media":"","overlay-type":"","overlay-color":"","overlay-opacity":"","overlay-gradient":""}},"footnotes":""},"categories":[1],"tags":[95,94],"class_list":["post-967","post","type-post","status-publish","format-standard","hentry","category-uncategorized","tag-notharsgarn","tag-second-hand"],"_links":{"self":[{"href":"https:\/\/bloggar.hemmetsjournal.se\/anna\/wp-json\/wp\/v2\/posts\/967"}],"collection":[{"href":"https:\/\/bloggar.hemmetsjournal.se\/anna\/wp-json\/wp\/v2\/posts"}],"about":[{"href":"https:\/\/bloggar.hemmetsjournal.se\/anna\/wp-json\/wp\/v2\/types\/post"}],"author":[{"embeddable":true,"href":"https:\/\/bloggar.hemmetsjournal.se\/anna\/wp-json\/wp\/v2\/users\/31"}],"replies":[{"embeddable":true,"href":"https:\/\/bloggar.hemmetsjournal.se\/anna\/wp-json\/wp\/v2\/comments?post=967"}],"version-history":[{"count":1,"href":"https:\/\/bloggar.hemmetsjournal.se\/anna\/wp-json\/wp\/v2\/posts\/967\/revisions"}],"predecessor-version":[{"id":969,"href":"https:\/\/bloggar.hemmetsjournal.se\/anna\/wp-json\/wp\/v2\/posts\/967\/revisions\/969"}],"wp:attachment":[{"href":"https:\/\/bloggar.hemmetsjournal.se\/anna\/wp-json\/wp\/v2\/media?parent=967"}],"wp:term":[{"taxonomy":"category","embeddable":true,"href":"https:\/\/bloggar.hemmetsjournal.se\/anna\/wp-json\/wp\/v2\/categories?post=967"},{"taxonomy":"post_tag","embeddable":true,"href":"https:\/\/bloggar.hemmetsjournal.se\/anna\/wp-json\/wp\/v2\/tags?post=967"}],"curies":[{"name":"wp","href":"https:\/\/api.w.org\/{rel}","templated":true}]}}