{"id":9665,"date":"2014-07-29T11:15:40","date_gmt":"2014-07-29T10:15:40","guid":{"rendered":"https:\/\/hj.ekmsandbox.se\/?p=9665"},"modified":"2014-07-29T11:15:40","modified_gmt":"2014-07-29T10:15:40","slug":"mossa-till-koftan-med-bubbelrander","status":"publish","type":"post","link":"https:\/\/bloggar.hemmetsjournal.se\/anna\/2014\/mossa-till-koftan-med-bubbelrander\/","title":{"rendered":"M\u00f6ssa till koftan med bubbelr\u00e4nder"},"content":{"rendered":"<figure id=\"attachment_9666\" aria-describedby=\"caption-attachment-9666\" style=\"width: 300px\" class=\"wp-caption alignleft\"><a href=\"https:\/\/bloggar.hemmetsjournal.se\/anna\/wp-content\/uploads\/sites\/2\/2014\/07\/bubbelm\u00f6ssa-och-bubbelkofta.jpg\"><img loading=\"lazy\" decoding=\"async\" class=\"size-medium wp-image-9666\" src=\"https:\/\/bloggar.hemmetsjournal.se\/anna\/wp-content\/uploads\/sites\/2\/2014\/07\/bubbelm\u00f6ssa-och-bubbelkofta-300x200.jpg\" alt=\"Koftan har f\u00e5tt s\u00e4llskap av en liten m\u00f6ssa.\" width=\"300\" height=\"200\" \/><\/a><figcaption id=\"caption-attachment-9666\" class=\"wp-caption-text\">Koftan har f\u00e5tt s\u00e4llskap av en liten m\u00f6ssa.<\/figcaption><\/figure>\n<p>Det h\u00e4r \u00e4r s\u00e5 enkelt att det n\u00e4stan inte \u00e4r en beskrivning, men jag bjuder p\u00e5 den i alla fall:<\/p>\n<p>Den nya lilla koftan, <a href=\"https:\/\/bloggar.hemmetsjournal.se\/?p=9615\" target=\"_blank\">Femtimmarskoftan med bubbelr\u00e4nder<\/a>, beh\u00f6vde s\u00e4llskap. S\u00e5 det blev en liten m\u00f6ssa med bubbelr\u00e4nder.<\/p>\n<p>Om jag hade haft mer av det vita skulle jag s\u00e5klart ha stickat bubbelr\u00e4nderna med det, men nu blev det i alla fall en tunn vit rand med den lilla bit som fanns kvar.<\/p>\n<p>S\u00e5h\u00e4r:<\/p>\n<p>L\u00e4gg upp 60 m (p\u00e5 samma stickor och med samma garn som du anv\u00e4nde till koftan, s\u00e5 ska proportionerna st\u00e4mma &#8212;\u00a0koftan \u00e4r som bekant lite liten i halsringningen, och det i sin tur g\u00f6r inget, f\u00f6r knytbandet sitter en bit ner och det blir ett slags halv-V-ringning) och sticka 9 v r\u00e4tstickning.<\/p>\n<p>Sticka sl\u00e4tstickning i\u00a02 v. (Ett av dem blev allts\u00e5 i en annan f\u00e4rg p\u00e5 den h\u00e4r m\u00f6ssan.)<\/p>\n<figure id=\"attachment_9668\" aria-describedby=\"caption-attachment-9668\" style=\"width: 300px\" class=\"wp-caption alignleft\"><a href=\"https:\/\/bloggar.hemmetsjournal.se\/anna\/wp-content\/uploads\/sites\/2\/2014\/07\/bubbelm\u00f6ssa-ensam1.jpg\"><img loading=\"lazy\" decoding=\"async\" class=\"size-medium wp-image-9668\" src=\"https:\/\/bloggar.hemmetsjournal.se\/anna\/wp-content\/uploads\/sites\/2\/2014\/07\/bubbelm\u00f6ssa-ensam1-300x200.jpg\" alt=\"P\u00e5 n\u00e4rmare h\u00e5ll.\" width=\"300\" height=\"200\" \/><\/a><figcaption id=\"caption-attachment-9668\" class=\"wp-caption-text\">P\u00e5 n\u00e4rmare h\u00e5ll.<\/figcaption><\/figure>\n<p>F\u00f6rsta bubbelvarvet:\u00a01 rm (kantmaska), sticka 2 m tills r tills\u00a01 m \u00e5terst\u00e5r, 1 rm (kantmaska).<\/p>\n<p>Andra bubbelvarvet:\u00a02 rm, 1 rm i tr\u00e5den mellan m, 1 rm, 1 rm i tr\u00e5den mellan m, forts\u00e4tt likadant fram till kantmaskan som stickas r. Nu ska det vara\u00a060 m p\u00e5 stickan igen.<\/p>\n<p>Upprepa bubbelvarven och sticka sedan sl\u00e4tstickning i ca 25 v. Maska av.<\/p>\n<p>Vik rektangeln dubbel med avigsidan ut och sy eller virka ihop kortsidorna s\u00e5 att det blir en &#8221;tub&#8221;. Vik sedan om &#8221;tuben&#8221; s\u00e5 att s\u00f6mmen hamnar mitt p\u00e5 ist\u00e4llet f\u00f6r utmed ena kanten (ja, hur f\u00f6rklarar man detta? Det \u00e4r samma grundid\u00e9 som f\u00f6r en rad tidigare m\u00f6ssbeskrivningar, men inte har jag kommit p\u00e5 det optimala och helt tydliga s\u00e4ttet att ber\u00e4tta hur man g\u00f6r &#8230;). Sy ihop m\u00f6ssans \u00f6verkant. V\u00e4nd den s\u00e5 att r\u00e4tsidan kommer ut.<\/p>\n<p>T\u00e4nk p\u00e5 hur en papperskasses botten brukar se ut &#8212; platta till m\u00f6ssans h\u00f6rn &#8221;p\u00e5 andra h\u00e5llet&#8221; och f\u00e4st dem mitt p\u00e5 topps\u00f6mmen med n\u00e5gra stygn.<\/p>\n<figure id=\"attachment_9669\" aria-describedby=\"caption-attachment-9669\" style=\"width: 300px\" class=\"wp-caption alignleft\"><a href=\"https:\/\/bloggar.hemmetsjournal.se\/anna\/wp-content\/uploads\/sites\/2\/2014\/07\/bubbelm\u00f6ssa-n\u00e4rmare.jpg\"><img loading=\"lazy\" decoding=\"async\" class=\"size-medium wp-image-9669\" src=\"https:\/\/bloggar.hemmetsjournal.se\/anna\/wp-content\/uploads\/sites\/2\/2014\/07\/bubbelm\u00f6ssa-n\u00e4rmare-300x200.jpg\" alt=\"Nu \u00e5ker de h\u00e4r b\u00e5da till en nyf\u00f6dd som beh\u00f6ver dem!\" width=\"300\" height=\"200\" \/><\/a><figcaption id=\"caption-attachment-9669\" class=\"wp-caption-text\">Nu \u00e5ker de h\u00e4r b\u00e5da till en nyf\u00f6dd som beh\u00f6ver dem!<\/figcaption><\/figure>\n<p>(Om man ordnar sig en ganska l\u00e5ng extratr\u00e5d vid uppl\u00e4ggningen kan man anv\u00e4nda den till att sy kortsidess\u00f6mmen, och tar man till lite extra efter avmaskningen kan man sy f\u00f6rst \u00e5t ena h\u00e5llet, v\u00e4nda och f\u00e4sta det h\u00f6rnet, v\u00e4nda tillbaka, sy \u00e5t andra h\u00e5llet, v\u00e4nda och f\u00e4sta det h\u00f6rnet och till slut f\u00e4sta b\u00e5da tr\u00e5darna. Men det kan jag inte alls f\u00f6rklara med ord, s\u00e5 ni som f\u00f6rst\u00e5r hur jag menar kan g\u00f6ra s\u00e5, och ni som inte f\u00f6rst\u00e5r: urs\u00e4kta, vi f\u00e5r ses n\u00e5gon g\u00e5ng s\u00e5 att jag kan visa &#8230;)<\/p>\n<p>&nbsp;<\/p>\n","protected":false},"excerpt":{"rendered":"<p>Det h\u00e4r \u00e4r s\u00e5 enkelt att det n\u00e4stan inte \u00e4r en beskrivning, men jag bjuder p\u00e5 den i alla fall: Den nya lilla koftan, Femtimmarskoftan med bubbelr\u00e4nder, beh\u00f6vde s\u00e4llskap. S\u00e5 det blev en liten m\u00f6ssa med bubbelr\u00e4nder. Om jag hade haft mer av det vita skulle jag s\u00e5klart ha stickat bubbelr\u00e4nderna med det, men nu&#8230;<\/p>\n","protected":false},"author":31,"featured_media":0,"comment_status":"open","ping_status":"open","sticky":false,"template":"","format":"standard","meta":{"site-sidebar-layout":"default","site-content-layout":"","ast-site-content-layout":"default","site-content-style":"default","site-sidebar-style":"default","ast-global-header-display":"","ast-banner-title-visibility":"","ast-main-header-display":"","ast-hfb-above-header-display":"","ast-hfb-below-header-display":"","ast-hfb-mobile-header-display":"","site-post-title":"","ast-breadcrumbs-content":"","ast-featured-img":"","footer-sml-layout":"","ast-disable-related-posts":"","theme-transparent-header-meta":"","adv-header-id-meta":"","stick-header-meta":"","header-above-stick-meta":"","header-main-stick-meta":"","header-below-stick-meta":"","astra-migrate-meta-layouts":"default","ast-page-background-enabled":"default","ast-page-background-meta":{"desktop":{"background-color":"var(--ast-global-color-4)","background-image":"","background-repeat":"repeat","background-position":"center center","background-size":"auto","background-attachment":"scroll","background-type":"","background-media":"","overlay-type":"","overlay-color":"","overlay-opacity":"","overlay-gradient":""},"tablet":{"background-color":"","background-image":"","background-repeat":"repeat","background-position":"center center","background-size":"auto","background-attachment":"scroll","background-type":"","background-media":"","overlay-type":"","overlay-color":"","overlay-opacity":"","overlay-gradient":""},"mobile":{"background-color":"","background-image":"","background-repeat":"repeat","background-position":"center center","background-size":"auto","background-attachment":"scroll","background-type":"","background-media":"","overlay-type":"","overlay-color":"","overlay-opacity":"","overlay-gradient":""}},"ast-content-background-meta":{"desktop":{"background-color":"var(--ast-global-color-5)","background-image":"","background-repeat":"repeat","background-position":"center center","background-size":"auto","background-attachment":"scroll","background-type":"","background-media":"","overlay-type":"","overlay-color":"","overlay-opacity":"","overlay-gradient":""},"tablet":{"background-color":"var(--ast-global-color-5)","background-image":"","background-repeat":"repeat","background-position":"center center","background-size":"auto","background-attachment":"scroll","background-type":"","background-media":"","overlay-type":"","overlay-color":"","overlay-opacity":"","overlay-gradient":""},"mobile":{"background-color":"var(--ast-global-color-5)","background-image":"","background-repeat":"repeat","background-position":"center center","background-size":"auto","background-attachment":"scroll","background-type":"","background-media":"","overlay-type":"","overlay-color":"","overlay-opacity":"","overlay-gradient":""}},"footnotes":""},"categories":[349,1],"tags":[],"class_list":["post-9665","post","type-post","status-publish","format-standard","hentry","category-varma-liten-insamling-till-kongo","category-uncategorized"],"_links":{"self":[{"href":"https:\/\/bloggar.hemmetsjournal.se\/anna\/wp-json\/wp\/v2\/posts\/9665"}],"collection":[{"href":"https:\/\/bloggar.hemmetsjournal.se\/anna\/wp-json\/wp\/v2\/posts"}],"about":[{"href":"https:\/\/bloggar.hemmetsjournal.se\/anna\/wp-json\/wp\/v2\/types\/post"}],"author":[{"embeddable":true,"href":"https:\/\/bloggar.hemmetsjournal.se\/anna\/wp-json\/wp\/v2\/users\/31"}],"replies":[{"embeddable":true,"href":"https:\/\/bloggar.hemmetsjournal.se\/anna\/wp-json\/wp\/v2\/comments?post=9665"}],"version-history":[{"count":0,"href":"https:\/\/bloggar.hemmetsjournal.se\/anna\/wp-json\/wp\/v2\/posts\/9665\/revisions"}],"wp:attachment":[{"href":"https:\/\/bloggar.hemmetsjournal.se\/anna\/wp-json\/wp\/v2\/media?parent=9665"}],"wp:term":[{"taxonomy":"category","embeddable":true,"href":"https:\/\/bloggar.hemmetsjournal.se\/anna\/wp-json\/wp\/v2\/categories?post=9665"},{"taxonomy":"post_tag","embeddable":true,"href":"https:\/\/bloggar.hemmetsjournal.se\/anna\/wp-json\/wp\/v2\/tags?post=9665"}],"curies":[{"name":"wp","href":"https:\/\/api.w.org\/{rel}","templated":true}]}}