{"id":958,"date":"2016-09-24T16:51:41","date_gmt":"2016-09-24T14:51:41","guid":{"rendered":"https:\/\/bloggar.hemmetsjournal.se\/anna\/?p=958"},"modified":"2016-09-24T16:52:33","modified_gmt":"2016-09-24T14:52:33","slug":"tavling-stora-boken-om-handarbete","status":"publish","type":"post","link":"https:\/\/bloggar.hemmetsjournal.se\/anna\/2016\/tavling-stora-boken-om-handarbete\/","title":{"rendered":"T\u00e4vling: Stora boken om handarbete"},"content":{"rendered":"<p>Idag har jag varit i den stora second hand-butik som Kalmar Stadsmission driver. Den har \u00f6ppet tv\u00e5 dagar i veckan, \u00e4r full av proffsiga volont\u00e4rer och har blivit s\u00e5 popul\u00e4r att det ibland \u00e4r k\u00f6 utanf\u00f6r!<\/p>\n<p>D\u00e4r hittade jag den h\u00e4r boken:<\/p>\n<p><img loading=\"lazy\" decoding=\"async\" class=\"alignnone wp-image-959\" src=\"https:\/\/bloggar.hemmetsjournal.se\/anna\/wp-content\/uploads\/sites\/2\/2016\/09\/IMG_04091.jpg\" alt=\"img_04091\" width=\"559\" height=\"741\" \/><\/p>\n<p>Oj vad m\u00e5nga minnen! Min mamma och min mormor hade varsin, och jag m\u00e5ste ha \u00e4gnat m\u00e5nga timmar \u00e5t att bl\u00e4ddra i den (och i min mormors perfekta samling av S\u00f6mnad och Handarbete, och i en serie handarbetsb\u00f6cker som jag tror kom fr\u00e5n ICA-f\u00f6rlaget de ocks\u00e5).<\/p>\n<p>Den inneh\u00e5ller klassiker som den h\u00e4r koftan och hj\u00e4lmen (byxorna har jag inte sett lika ofta, men de kanske \u00e4r or\u00e4ttvist bortgl\u00f6mda):<\/p>\n<p><img loading=\"lazy\" decoding=\"async\" class=\"alignnone size-full wp-image-960\" src=\"https:\/\/bloggar.hemmetsjournal.se\/anna\/wp-content\/uploads\/sites\/2\/2016\/09\/IMG_04131.jpg\" alt=\"img_04131\" width=\"720\" height=\"960\" srcset=\"https:\/\/bloggar.hemmetsjournal.se\/anna\/wp-content\/uploads\/sites\/2\/2016\/09\/IMG_04131.jpg 720w, https:\/\/bloggar.hemmetsjournal.se\/anna\/wp-content\/uploads\/sites\/2\/2016\/09\/IMG_04131-225x300.jpg 225w\" sizes=\"(max-width: 720px) 100vw, 720px\" \/><\/p>\n<p>Och den h\u00e4r h\u00e4ttan som jag har sett att folk efterlyser d\u00e5 och d\u00e5:<\/p>\n<p><img loading=\"lazy\" decoding=\"async\" class=\"alignnone size-full wp-image-961\" src=\"https:\/\/bloggar.hemmetsjournal.se\/anna\/wp-content\/uploads\/sites\/2\/2016\/09\/IMG_04141.jpg\" alt=\"img_04141\" width=\"720\" height=\"960\" srcset=\"https:\/\/bloggar.hemmetsjournal.se\/anna\/wp-content\/uploads\/sites\/2\/2016\/09\/IMG_04141.jpg 720w, https:\/\/bloggar.hemmetsjournal.se\/anna\/wp-content\/uploads\/sites\/2\/2016\/09\/IMG_04141-225x300.jpg 225w\" sizes=\"(max-width: 720px) 100vw, 720px\" \/><\/p>\n<p>Boken kostade n\u00e4stan inget alls, och m\u00e5nga av er har s\u00e4kert ett sparat eller \u00e4rvt exemplar, men jag gissar att det finns en och annan som inte hade kommit ig\u00e5ng n\u00e4r den fanns att k\u00f6pa eller som i ett obet\u00e4nksamt \u00f6gonblick har r\u00e5kat g\u00f6ra sig av med den.<\/p>\n<p>S\u00e5: en t\u00e4vling!<\/p>\n<p>Skriv n\u00e5got i kommentarsf\u00e4ltet h\u00e4r nedan s\u00e5 \u00e4r du med. Till exempel:<\/p>\n<p>* ber\u00e4tta n\u00e5got om den som l\u00e4rde dig att sticka eller virka<\/p>\n<p>* tipsa om en gammal modell som du tycker \u00e4r bra<\/p>\n<p>* dela med dig av n\u00e5got trick som g\u00f6r stickandet, virkandet eller monteringen enklare eller roligare<\/p>\n<p>* ber\u00e4tta om en teknik som du skulle vilja l\u00e4ra dig<\/p>\n<p>Om du inte har Facebook eller om du inte vill synas h\u00e4r s\u00e5 kan du skriva till mig p\u00e5 adressen annabraw[snabel-a]gmail.com.<\/p>\n<p><strong>P\u00e5 onsdag kv\u00e4ll, den 28:e september,<\/strong>\u00a0g\u00e5r jag igenom svaren och l\u00e5ter en slumpvalsmaskin dra en vinnare. Blir det bra? Hoppas det!<\/p>\n","protected":false},"excerpt":{"rendered":"<p>Idag har jag varit i den stora second hand-butik som Kalmar Stadsmission driver. Den har \u00f6ppet tv\u00e5 dagar i veckan, \u00e4r full av proffsiga volont\u00e4rer och har blivit s\u00e5 popul\u00e4r att det ibland \u00e4r k\u00f6 utanf\u00f6r! D\u00e4r hittade jag den h\u00e4r boken: Oj vad m\u00e5nga minnen! Min mamma och min mormor hade varsin, och jag&#8230;<\/p>\n","protected":false},"author":31,"featured_media":0,"comment_status":"closed","ping_status":"closed","sticky":false,"template":"","format":"standard","meta":{"site-sidebar-layout":"default","site-content-layout":"","ast-site-content-layout":"default","site-content-style":"default","site-sidebar-style":"default","ast-global-header-display":"","ast-banner-title-visibility":"","ast-main-header-display":"","ast-hfb-above-header-display":"","ast-hfb-below-header-display":"","ast-hfb-mobile-header-display":"","site-post-title":"","ast-breadcrumbs-content":"","ast-featured-img":"","footer-sml-layout":"","ast-disable-related-posts":"","theme-transparent-header-meta":"","adv-header-id-meta":"","stick-header-meta":"","header-above-stick-meta":"","header-main-stick-meta":"","header-below-stick-meta":"","astra-migrate-meta-layouts":"default","ast-page-background-enabled":"default","ast-page-background-meta":{"desktop":{"background-color":"var(--ast-global-color-4)","background-image":"","background-repeat":"repeat","background-position":"center center","background-size":"auto","background-attachment":"scroll","background-type":"","background-media":"","overlay-type":"","overlay-color":"","overlay-opacity":"","overlay-gradient":""},"tablet":{"background-color":"","background-image":"","background-repeat":"repeat","background-position":"center center","background-size":"auto","background-attachment":"scroll","background-type":"","background-media":"","overlay-type":"","overlay-color":"","overlay-opacity":"","overlay-gradient":""},"mobile":{"background-color":"","background-image":"","background-repeat":"repeat","background-position":"center center","background-size":"auto","background-attachment":"scroll","background-type":"","background-media":"","overlay-type":"","overlay-color":"","overlay-opacity":"","overlay-gradient":""}},"ast-content-background-meta":{"desktop":{"background-color":"var(--ast-global-color-5)","background-image":"","background-repeat":"repeat","background-position":"center center","background-size":"auto","background-attachment":"scroll","background-type":"","background-media":"","overlay-type":"","overlay-color":"","overlay-opacity":"","overlay-gradient":""},"tablet":{"background-color":"var(--ast-global-color-5)","background-image":"","background-repeat":"repeat","background-position":"center center","background-size":"auto","background-attachment":"scroll","background-type":"","background-media":"","overlay-type":"","overlay-color":"","overlay-opacity":"","overlay-gradient":""},"mobile":{"background-color":"var(--ast-global-color-5)","background-image":"","background-repeat":"repeat","background-position":"center center","background-size":"auto","background-attachment":"scroll","background-type":"","background-media":"","overlay-type":"","overlay-color":"","overlay-opacity":"","overlay-gradient":""}},"footnotes":""},"categories":[33],"tags":[93,92],"class_list":["post-958","post","type-post","status-publish","format-standard","hentry","category-tavling","tag-ica-forlaget","tag-stora-boken-om-handarbete"],"_links":{"self":[{"href":"https:\/\/bloggar.hemmetsjournal.se\/anna\/wp-json\/wp\/v2\/posts\/958"}],"collection":[{"href":"https:\/\/bloggar.hemmetsjournal.se\/anna\/wp-json\/wp\/v2\/posts"}],"about":[{"href":"https:\/\/bloggar.hemmetsjournal.se\/anna\/wp-json\/wp\/v2\/types\/post"}],"author":[{"embeddable":true,"href":"https:\/\/bloggar.hemmetsjournal.se\/anna\/wp-json\/wp\/v2\/users\/31"}],"replies":[{"embeddable":true,"href":"https:\/\/bloggar.hemmetsjournal.se\/anna\/wp-json\/wp\/v2\/comments?post=958"}],"version-history":[{"count":2,"href":"https:\/\/bloggar.hemmetsjournal.se\/anna\/wp-json\/wp\/v2\/posts\/958\/revisions"}],"predecessor-version":[{"id":963,"href":"https:\/\/bloggar.hemmetsjournal.se\/anna\/wp-json\/wp\/v2\/posts\/958\/revisions\/963"}],"wp:attachment":[{"href":"https:\/\/bloggar.hemmetsjournal.se\/anna\/wp-json\/wp\/v2\/media?parent=958"}],"wp:term":[{"taxonomy":"category","embeddable":true,"href":"https:\/\/bloggar.hemmetsjournal.se\/anna\/wp-json\/wp\/v2\/categories?post=958"},{"taxonomy":"post_tag","embeddable":true,"href":"https:\/\/bloggar.hemmetsjournal.se\/anna\/wp-json\/wp\/v2\/tags?post=958"}],"curies":[{"name":"wp","href":"https:\/\/api.w.org\/{rel}","templated":true}]}}