{"id":9514,"date":"2014-07-12T06:47:32","date_gmt":"2014-07-12T05:47:32","guid":{"rendered":"https:\/\/hj.ekmsandbox.se\/?p=9514"},"modified":"2014-07-12T06:47:32","modified_gmt":"2014-07-12T05:47:32","slug":"nagot-att-ma-bra-av","status":"publish","type":"post","link":"https:\/\/bloggar.hemmetsjournal.se\/anna\/2014\/nagot-att-ma-bra-av\/","title":{"rendered":"N\u00e5got att m\u00e5 bra av"},"content":{"rendered":"<figure id=\"attachment_9515\" aria-describedby=\"caption-attachment-9515\" style=\"width: 300px\" class=\"wp-caption alignleft\"><a href=\"https:\/\/bloggar.hemmetsjournal.se\/anna\/wp-content\/uploads\/sites\/2\/2014\/06\/aldrekontakt.jpg\"><img loading=\"lazy\" decoding=\"async\" class=\"size-medium wp-image-9515\" src=\"https:\/\/bloggar.hemmetsjournal.se\/anna\/wp-content\/uploads\/sites\/2\/2014\/06\/aldrekontakt-300x200.jpg\" alt=\"Fika och prata! Bild l\u00e5nad fr\u00e5n \u00c4ldrekontakts webplats.\" width=\"300\" height=\"200\" \/><\/a><figcaption id=\"caption-attachment-9515\" class=\"wp-caption-text\">Fika och prata! Bild l\u00e5nad fr\u00e5n \u00c4ldrekontakts webplats.<\/figcaption><\/figure>\n<p>Egentligen hoppas jag att alla redan har sett och l\u00e4st <a href=\"https:\/\/www.dn.se\/sthlm\/martina-ar-mitt-livselixir\/\" target=\"_blank\">det h\u00e4r reportaget i Dagens Nyheter <\/a>&#8212; men det skadar v\u00e4l inte att tipsa om det \u00e4nd\u00e5?<\/p>\n<p>En av dem som blir intervjuad \u00e4r en kvinna i 30-\u00e5rs\u00e5ldern. Hon b\u00f6rjade f\u00f6r ett par \u00e5r sedan fundera \u00f6ver hur det skulle bli att bli gammal &#8212; skulle hon bli ensam? Hennes egen mamma hade g\u00e5tt bort i cancer, och hon l\u00e4ngtade efter n\u00e5got att engagera sig i, att vara till nytta f\u00f6r andra.<\/p>\n<p>Den andra som blir intervjuad \u00e4r en kvinna i 100-\u00e5rs\u00e5ldern (!). Hon klarar sig sj\u00e4lv i sin l\u00e4genhet men har sv\u00e5rt att ta sig n\u00e5gon annanstans.<\/p>\n<p>En organisation som heter \u00c4ldrekontakt har satt ihop dem, och nu h\u00e4mtar den yngre den \u00e4ldre i sin bil och k\u00f6r henne till en fikatr\u00e4ff med fler \u00e4ldre och yngre en g\u00e5ng i m\u00e5naden.<\/p>\n<p>Det h\u00e4r liknar m\u00e5nga f\u00f6rsamlingars bes\u00f6ksverksamhet, diakonigrupper och dagledigtr\u00e4ffar &#8212; men visst \u00e4r det en po\u00e4ng att s\u00e5 mycket sk\u00f6ts av frivilliga och p\u00e5 tider som passar frivilliga?<\/p>\n<p>Bakom alltihop finns finansfamiljen Gyll. De hade kanske kunnat bygga ett lyxigt \u00e4ldreboende f\u00f6r massor av pengar, men de startade en ideell organisation ist\u00e4llet. Ocks\u00e5 en po\u00e4ng tror jag!<\/p>\n<p>L\u00e4s mer om \u00c4ldrekontakt p\u00e5 <a href=\"https:\/\/aldrekontakt.se\/\" target=\"_blank\">organisationens egen webplats<\/a>.<\/p>\n<p>&nbsp;<\/p>\n","protected":false},"excerpt":{"rendered":"<p>Egentligen hoppas jag att alla redan har sett och l\u00e4st det h\u00e4r reportaget i Dagens Nyheter &#8212; men det skadar v\u00e4l inte att tipsa om det \u00e4nd\u00e5? En av dem som blir intervjuad \u00e4r en kvinna i 30-\u00e5rs\u00e5ldern. Hon b\u00f6rjade f\u00f6r ett par \u00e5r sedan fundera \u00f6ver hur det skulle bli att bli gammal &#8212;&#8230;<\/p>\n","protected":false},"author":31,"featured_media":0,"comment_status":"open","ping_status":"open","sticky":false,"template":"","format":"standard","meta":{"site-sidebar-layout":"default","site-content-layout":"","ast-site-content-layout":"default","site-content-style":"default","site-sidebar-style":"default","ast-global-header-display":"","ast-banner-title-visibility":"","ast-main-header-display":"","ast-hfb-above-header-display":"","ast-hfb-below-header-display":"","ast-hfb-mobile-header-display":"","site-post-title":"","ast-breadcrumbs-content":"","ast-featured-img":"","footer-sml-layout":"","ast-disable-related-posts":"","theme-transparent-header-meta":"","adv-header-id-meta":"","stick-header-meta":"","header-above-stick-meta":"","header-main-stick-meta":"","header-below-stick-meta":"","astra-migrate-meta-layouts":"default","ast-page-background-enabled":"default","ast-page-background-meta":{"desktop":{"background-color":"var(--ast-global-color-4)","background-image":"","background-repeat":"repeat","background-position":"center center","background-size":"auto","background-attachment":"scroll","background-type":"","background-media":"","overlay-type":"","overlay-color":"","overlay-opacity":"","overlay-gradient":""},"tablet":{"background-color":"","background-image":"","background-repeat":"repeat","background-position":"center center","background-size":"auto","background-attachment":"scroll","background-type":"","background-media":"","overlay-type":"","overlay-color":"","overlay-opacity":"","overlay-gradient":""},"mobile":{"background-color":"","background-image":"","background-repeat":"repeat","background-position":"center center","background-size":"auto","background-attachment":"scroll","background-type":"","background-media":"","overlay-type":"","overlay-color":"","overlay-opacity":"","overlay-gradient":""}},"ast-content-background-meta":{"desktop":{"background-color":"var(--ast-global-color-5)","background-image":"","background-repeat":"repeat","background-position":"center center","background-size":"auto","background-attachment":"scroll","background-type":"","background-media":"","overlay-type":"","overlay-color":"","overlay-opacity":"","overlay-gradient":""},"tablet":{"background-color":"var(--ast-global-color-5)","background-image":"","background-repeat":"repeat","background-position":"center center","background-size":"auto","background-attachment":"scroll","background-type":"","background-media":"","overlay-type":"","overlay-color":"","overlay-opacity":"","overlay-gradient":""},"mobile":{"background-color":"var(--ast-global-color-5)","background-image":"","background-repeat":"repeat","background-position":"center center","background-size":"auto","background-attachment":"scroll","background-type":"","background-media":"","overlay-type":"","overlay-color":"","overlay-opacity":"","overlay-gradient":""}},"footnotes":""},"categories":[344,1],"tags":[],"class_list":["post-9514","post","type-post","status-publish","format-standard","hentry","category-kyrkkaffeprat","category-uncategorized"],"_links":{"self":[{"href":"https:\/\/bloggar.hemmetsjournal.se\/anna\/wp-json\/wp\/v2\/posts\/9514"}],"collection":[{"href":"https:\/\/bloggar.hemmetsjournal.se\/anna\/wp-json\/wp\/v2\/posts"}],"about":[{"href":"https:\/\/bloggar.hemmetsjournal.se\/anna\/wp-json\/wp\/v2\/types\/post"}],"author":[{"embeddable":true,"href":"https:\/\/bloggar.hemmetsjournal.se\/anna\/wp-json\/wp\/v2\/users\/31"}],"replies":[{"embeddable":true,"href":"https:\/\/bloggar.hemmetsjournal.se\/anna\/wp-json\/wp\/v2\/comments?post=9514"}],"version-history":[{"count":0,"href":"https:\/\/bloggar.hemmetsjournal.se\/anna\/wp-json\/wp\/v2\/posts\/9514\/revisions"}],"wp:attachment":[{"href":"https:\/\/bloggar.hemmetsjournal.se\/anna\/wp-json\/wp\/v2\/media?parent=9514"}],"wp:term":[{"taxonomy":"category","embeddable":true,"href":"https:\/\/bloggar.hemmetsjournal.se\/anna\/wp-json\/wp\/v2\/categories?post=9514"},{"taxonomy":"post_tag","embeddable":true,"href":"https:\/\/bloggar.hemmetsjournal.se\/anna\/wp-json\/wp\/v2\/tags?post=9514"}],"curies":[{"name":"wp","href":"https:\/\/api.w.org\/{rel}","templated":true}]}}