{"id":948,"date":"2016-09-21T07:05:39","date_gmt":"2016-09-21T05:05:39","guid":{"rendered":"https:\/\/bloggar.hemmetsjournal.se\/anna\/?p=948"},"modified":"2016-09-21T07:05:39","modified_gmt":"2016-09-21T05:05:39","slug":"i-lordags-i-hoor","status":"publish","type":"post","link":"https:\/\/bloggar.hemmetsjournal.se\/anna\/2016\/i-lordags-i-hoor\/","title":{"rendered":"I l\u00f6rdags i H\u00f6\u00f6r"},"content":{"rendered":"<p>I l\u00f6rdags var det hj\u00e4lpstickningsdag i <strong>H\u00f6\u00f6r<\/strong>.<\/p>\n<p><strong>Anna-Lotta<\/strong> p\u00e5 <strong>Bilda<\/strong> hade tillsammans med en grupp i <strong>Equmeniakyrkan<\/strong> (tidigare Betelkyrkan) ordnat allting, och jag hade f\u00f6rberett tre pass: ett som man kanske kan kalla &#8221;hj\u00e4lpstickningens historia&#8221;, ett om vad man kan engagera sig i och ett om att anv\u00e4nda enkla modeller och hitta p\u00e5 olika variationer.<\/p>\n<p><img loading=\"lazy\" decoding=\"async\" class=\"alignnone size-medium wp-image-949\" src=\"https:\/\/bloggar.hemmetsjournal.se\/anna\/wp-content\/uploads\/sites\/2\/2016\/09\/IMG_03931-225x300.jpg\" alt=\"IMG_0393[1]\" width=\"225\" height=\"300\" srcset=\"https:\/\/bloggar.hemmetsjournal.se\/anna\/wp-content\/uploads\/sites\/2\/2016\/09\/IMG_03931-225x300.jpg 225w, https:\/\/bloggar.hemmetsjournal.se\/anna\/wp-content\/uploads\/sites\/2\/2016\/09\/IMG_03931.jpg 720w\" sizes=\"(max-width: 225px) 100vw, 225px\" \/><\/p>\n<p>Vi fick ordentligt frukostfika n\u00e4r vi kom, frukt i pauserna och soppa (tv\u00e5 olika sorter) till lunch.<\/p>\n<p><img loading=\"lazy\" decoding=\"async\" class=\"alignnone size-medium wp-image-950\" src=\"https:\/\/bloggar.hemmetsjournal.se\/anna\/wp-content\/uploads\/sites\/2\/2016\/09\/IMG_03971-225x300.jpg\" alt=\"IMG_0397[1]\" width=\"225\" height=\"300\" srcset=\"https:\/\/bloggar.hemmetsjournal.se\/anna\/wp-content\/uploads\/sites\/2\/2016\/09\/IMG_03971-225x300.jpg 225w, https:\/\/bloggar.hemmetsjournal.se\/anna\/wp-content\/uploads\/sites\/2\/2016\/09\/IMG_03971.jpg 720w\" sizes=\"(max-width: 225px) 100vw, 225px\" \/><\/p>\n<p>De flesta hade stickningar och virkningar med sig, och n\u00e5gra som inte hade det fick ta hand om garnh\u00e4rvor som jag hade med mig (lite f\u00f6rutseende \u00e4r jag!) och nysta dem.<\/p>\n<p><img loading=\"lazy\" decoding=\"async\" class=\"alignnone size-medium wp-image-951\" src=\"https:\/\/bloggar.hemmetsjournal.se\/anna\/wp-content\/uploads\/sites\/2\/2016\/09\/IMG_04021-225x300.jpg\" alt=\"IMG_0402[1]\" width=\"225\" height=\"300\" srcset=\"https:\/\/bloggar.hemmetsjournal.se\/anna\/wp-content\/uploads\/sites\/2\/2016\/09\/IMG_04021-225x300.jpg 225w, https:\/\/bloggar.hemmetsjournal.se\/anna\/wp-content\/uploads\/sites\/2\/2016\/09\/IMG_04021.jpg 720w\" sizes=\"(max-width: 225px) 100vw, 225px\" \/><\/p>\n<p>Anna-Lotta hade ordnat ett stort bokbord (Kjell fr\u00e5n Arken kom och s\u00e5lde), restgarnsbord d\u00e4r alla som ville fick l\u00e4mna och ta f\u00f6r sig (det blev massor!), och utst\u00e4llningsbord d\u00e4r alla som ville kunde visa vad de g\u00f6r. N\u00e5gra hade med sig s\u00e5dant som de ville l\u00e4mna till n\u00e5gon insamling, och jag har lovat att se till att det kommer fram till ett bra st\u00e4lle.<\/p>\n<p><img loading=\"lazy\" decoding=\"async\" class=\"alignnone size-medium wp-image-952\" src=\"https:\/\/bloggar.hemmetsjournal.se\/anna\/wp-content\/uploads\/sites\/2\/2016\/09\/IMG_04001-225x300.jpg\" alt=\"IMG_0400[1]\" width=\"225\" height=\"300\" srcset=\"https:\/\/bloggar.hemmetsjournal.se\/anna\/wp-content\/uploads\/sites\/2\/2016\/09\/IMG_04001-225x300.jpg 225w, https:\/\/bloggar.hemmetsjournal.se\/anna\/wp-content\/uploads\/sites\/2\/2016\/09\/IMG_04001.jpg 720w\" sizes=\"(max-width: 225px) 100vw, 225px\" \/><\/p>\n<p>S\u00e5h\u00e4r s\u00e5g ett av utst\u00e4llningsborden ut.<\/p>\n<p>Tack alla ni som hj\u00e4lpte till och alla ni som kom &#8212; ni v\u00e4rmde mitt hj\u00e4rta mycket, och visserligen fick jag inte med ganska mycket av det jag hade t\u00e4nkt ber\u00e4tta, men jag hoppas att n\u00e5got av det som kom fram var det som ni beh\u00f6vde h\u00f6ra! Extra stort tack till Kerstin, Britt-Marie, Birgitta och alla er andra som kom fram och ber\u00e4ttade om viktiga och inspirerande satsningar i mikrofonen!<\/p>\n","protected":false},"excerpt":{"rendered":"<p>I l\u00f6rdags var det hj\u00e4lpstickningsdag i H\u00f6\u00f6r. Anna-Lotta p\u00e5 Bilda hade tillsammans med en grupp i Equmeniakyrkan (tidigare Betelkyrkan) ordnat allting, och jag hade f\u00f6rberett tre pass: ett som man kanske kan kalla &#8221;hj\u00e4lpstickningens historia&#8221;, ett om vad man kan engagera sig i och ett om att anv\u00e4nda enkla modeller och hitta p\u00e5 olika variationer&#8230;.<\/p>\n","protected":false},"author":31,"featured_media":0,"comment_status":"closed","ping_status":"closed","sticky":false,"template":"","format":"standard","meta":{"site-sidebar-layout":"default","site-content-layout":"","ast-site-content-layout":"default","site-content-style":"default","site-sidebar-style":"default","ast-global-header-display":"","ast-banner-title-visibility":"","ast-main-header-display":"","ast-hfb-above-header-display":"","ast-hfb-below-header-display":"","ast-hfb-mobile-header-display":"","site-post-title":"","ast-breadcrumbs-content":"","ast-featured-img":"","footer-sml-layout":"","ast-disable-related-posts":"","theme-transparent-header-meta":"","adv-header-id-meta":"","stick-header-meta":"","header-above-stick-meta":"","header-main-stick-meta":"","header-below-stick-meta":"","astra-migrate-meta-layouts":"default","ast-page-background-enabled":"default","ast-page-background-meta":{"desktop":{"background-color":"var(--ast-global-color-4)","background-image":"","background-repeat":"repeat","background-position":"center center","background-size":"auto","background-attachment":"scroll","background-type":"","background-media":"","overlay-type":"","overlay-color":"","overlay-opacity":"","overlay-gradient":""},"tablet":{"background-color":"","background-image":"","background-repeat":"repeat","background-position":"center center","background-size":"auto","background-attachment":"scroll","background-type":"","background-media":"","overlay-type":"","overlay-color":"","overlay-opacity":"","overlay-gradient":""},"mobile":{"background-color":"","background-image":"","background-repeat":"repeat","background-position":"center center","background-size":"auto","background-attachment":"scroll","background-type":"","background-media":"","overlay-type":"","overlay-color":"","overlay-opacity":"","overlay-gradient":""}},"ast-content-background-meta":{"desktop":{"background-color":"var(--ast-global-color-5)","background-image":"","background-repeat":"repeat","background-position":"center center","background-size":"auto","background-attachment":"scroll","background-type":"","background-media":"","overlay-type":"","overlay-color":"","overlay-opacity":"","overlay-gradient":""},"tablet":{"background-color":"var(--ast-global-color-5)","background-image":"","background-repeat":"repeat","background-position":"center center","background-size":"auto","background-attachment":"scroll","background-type":"","background-media":"","overlay-type":"","overlay-color":"","overlay-opacity":"","overlay-gradient":""},"mobile":{"background-color":"var(--ast-global-color-5)","background-image":"","background-repeat":"repeat","background-position":"center center","background-size":"auto","background-attachment":"scroll","background-type":"","background-media":"","overlay-type":"","overlay-color":"","overlay-opacity":"","overlay-gradient":""}},"footnotes":""},"categories":[70],"tags":[88,89,87],"class_list":["post-948","post","type-post","status-publish","format-standard","hentry","category-hjalpstickningstraffar","tag-bilda","tag-equmeniakyrkan-hoor","tag-hoor"],"_links":{"self":[{"href":"https:\/\/bloggar.hemmetsjournal.se\/anna\/wp-json\/wp\/v2\/posts\/948"}],"collection":[{"href":"https:\/\/bloggar.hemmetsjournal.se\/anna\/wp-json\/wp\/v2\/posts"}],"about":[{"href":"https:\/\/bloggar.hemmetsjournal.se\/anna\/wp-json\/wp\/v2\/types\/post"}],"author":[{"embeddable":true,"href":"https:\/\/bloggar.hemmetsjournal.se\/anna\/wp-json\/wp\/v2\/users\/31"}],"replies":[{"embeddable":true,"href":"https:\/\/bloggar.hemmetsjournal.se\/anna\/wp-json\/wp\/v2\/comments?post=948"}],"version-history":[{"count":1,"href":"https:\/\/bloggar.hemmetsjournal.se\/anna\/wp-json\/wp\/v2\/posts\/948\/revisions"}],"predecessor-version":[{"id":953,"href":"https:\/\/bloggar.hemmetsjournal.se\/anna\/wp-json\/wp\/v2\/posts\/948\/revisions\/953"}],"wp:attachment":[{"href":"https:\/\/bloggar.hemmetsjournal.se\/anna\/wp-json\/wp\/v2\/media?parent=948"}],"wp:term":[{"taxonomy":"category","embeddable":true,"href":"https:\/\/bloggar.hemmetsjournal.se\/anna\/wp-json\/wp\/v2\/categories?post=948"},{"taxonomy":"post_tag","embeddable":true,"href":"https:\/\/bloggar.hemmetsjournal.se\/anna\/wp-json\/wp\/v2\/tags?post=948"}],"curies":[{"name":"wp","href":"https:\/\/api.w.org\/{rel}","templated":true}]}}