{"id":9331,"date":"2014-03-05T15:33:25","date_gmt":"2014-03-05T14:33:25","guid":{"rendered":"https:\/\/hj.ekmsandbox.se\/?p=9119"},"modified":"2014-03-05T15:33:25","modified_gmt":"2014-03-05T14:33:25","slug":"fest-for-hela-familjens-psalmbok-pa-sondag","status":"publish","type":"post","link":"https:\/\/bloggar.hemmetsjournal.se\/anna\/2014\/fest-for-hela-familjens-psalmbok-pa-sondag\/","title":{"rendered":"Fest f\u00f6r Hela familjens psalmbok p\u00e5 s\u00f6ndag"},"content":{"rendered":"<figure id=\"attachment_8538\" aria-describedby=\"caption-attachment-8538\" style=\"width: 205px\" class=\"wp-caption alignleft\"><a href=\"https:\/\/bloggar.hemmetsjournal.se\/anna\/wp-content\/uploads\/sites\/2\/2013\/10\/Hela-familjens-psalmbok_9789173872997.jpg\"><img loading=\"lazy\" decoding=\"async\" class=\"size-medium wp-image-8538\" alt=\"Den h\u00e4r firar vi!\" src=\"https:\/\/bloggar.hemmetsjournal.se\/anna\/wp-content\/uploads\/sites\/2\/2013\/10\/Hela-familjens-psalmbok_9789173872997-205x300.jpg\" width=\"205\" height=\"300\" \/><\/a><figcaption id=\"caption-attachment-8538\" class=\"wp-caption-text\">Den h\u00e4r firar vi!<\/figcaption><\/figure>\n<p>P\u00e5 <strong>s\u00f6ndag<\/strong> den <strong>9 mars<\/strong> klockan <strong>16<\/strong> \u00e4r alla &#8212; verkligen alla! &#8212; v\u00e4lkomna att vara med och fira <a href=\"https:\/\/www.libris.se\/hela-familjens-psalmbok.html\" target=\"_blank\"><em>Hela familjens psalmbok<\/em> <\/a>i <strong>Olaus Petri kyrka<\/strong> i <strong>\u00d6rebro<\/strong>.<\/p>\n<p>Barnen i Vox Florens, Olaus Petri barnk\u00f6r, Olaus Petri gossk\u00f6r och Ceciliak\u00f6ren sjunger ur den, och vi f\u00e5r vara med p\u00e5 ett par s\u00e5nger. Ingrid Misgeld och Unn J\u00f6rgensdotter Wing leder k\u00f6rerna. Mats \u00d6hlund \u00e4r med och spelar. Jag har lovat att ber\u00e4tta lite grann.<\/p>\n<p>Efter\u00e5t bjuder Libris p\u00e5 kyrkkaffe i f\u00f6rsamlingshemmet.<\/p>\n<p>Kom och var med!<\/p>\n","protected":false},"excerpt":{"rendered":"<p>P\u00e5 s\u00f6ndag den 9 mars klockan 16 \u00e4r alla &#8212; verkligen alla! &#8212; v\u00e4lkomna att vara med och fira Hela familjens psalmbok i Olaus Petri kyrka i \u00d6rebro. Barnen i Vox Florens, Olaus Petri barnk\u00f6r, Olaus Petri gossk\u00f6r och Ceciliak\u00f6ren sjunger ur den, och vi f\u00e5r vara med p\u00e5 ett par s\u00e5nger. Ingrid Misgeld och&#8230;<\/p>\n","protected":false},"author":31,"featured_media":0,"comment_status":"open","ping_status":"open","sticky":false,"template":"","format":"standard","meta":{"site-sidebar-layout":"default","site-content-layout":"","ast-site-content-layout":"default","site-content-style":"default","site-sidebar-style":"default","ast-global-header-display":"","ast-banner-title-visibility":"","ast-main-header-display":"","ast-hfb-above-header-display":"","ast-hfb-below-header-display":"","ast-hfb-mobile-header-display":"","site-post-title":"","ast-breadcrumbs-content":"","ast-featured-img":"","footer-sml-layout":"","ast-disable-related-posts":"","theme-transparent-header-meta":"","adv-header-id-meta":"","stick-header-meta":"","header-above-stick-meta":"","header-main-stick-meta":"","header-below-stick-meta":"","astra-migrate-meta-layouts":"default","ast-page-background-enabled":"default","ast-page-background-meta":{"desktop":{"background-color":"var(--ast-global-color-4)","background-image":"","background-repeat":"repeat","background-position":"center center","background-size":"auto","background-attachment":"scroll","background-type":"","background-media":"","overlay-type":"","overlay-color":"","overlay-opacity":"","overlay-gradient":""},"tablet":{"background-color":"","background-image":"","background-repeat":"repeat","background-position":"center center","background-size":"auto","background-attachment":"scroll","background-type":"","background-media":"","overlay-type":"","overlay-color":"","overlay-opacity":"","overlay-gradient":""},"mobile":{"background-color":"","background-image":"","background-repeat":"repeat","background-position":"center center","background-size":"auto","background-attachment":"scroll","background-type":"","background-media":"","overlay-type":"","overlay-color":"","overlay-opacity":"","overlay-gradient":""}},"ast-content-background-meta":{"desktop":{"background-color":"var(--ast-global-color-5)","background-image":"","background-repeat":"repeat","background-position":"center center","background-size":"auto","background-attachment":"scroll","background-type":"","background-media":"","overlay-type":"","overlay-color":"","overlay-opacity":"","overlay-gradient":""},"tablet":{"background-color":"var(--ast-global-color-5)","background-image":"","background-repeat":"repeat","background-position":"center center","background-size":"auto","background-attachment":"scroll","background-type":"","background-media":"","overlay-type":"","overlay-color":"","overlay-opacity":"","overlay-gradient":""},"mobile":{"background-color":"var(--ast-global-color-5)","background-image":"","background-repeat":"repeat","background-position":"center center","background-size":"auto","background-attachment":"scroll","background-type":"","background-media":"","overlay-type":"","overlay-color":"","overlay-opacity":"","overlay-gradient":""}},"footnotes":""},"categories":[344,1],"tags":[],"class_list":["post-9331","post","type-post","status-publish","format-standard","hentry","category-kyrkkaffeprat","category-uncategorized"],"_links":{"self":[{"href":"https:\/\/bloggar.hemmetsjournal.se\/anna\/wp-json\/wp\/v2\/posts\/9331"}],"collection":[{"href":"https:\/\/bloggar.hemmetsjournal.se\/anna\/wp-json\/wp\/v2\/posts"}],"about":[{"href":"https:\/\/bloggar.hemmetsjournal.se\/anna\/wp-json\/wp\/v2\/types\/post"}],"author":[{"embeddable":true,"href":"https:\/\/bloggar.hemmetsjournal.se\/anna\/wp-json\/wp\/v2\/users\/31"}],"replies":[{"embeddable":true,"href":"https:\/\/bloggar.hemmetsjournal.se\/anna\/wp-json\/wp\/v2\/comments?post=9331"}],"version-history":[{"count":0,"href":"https:\/\/bloggar.hemmetsjournal.se\/anna\/wp-json\/wp\/v2\/posts\/9331\/revisions"}],"wp:attachment":[{"href":"https:\/\/bloggar.hemmetsjournal.se\/anna\/wp-json\/wp\/v2\/media?parent=9331"}],"wp:term":[{"taxonomy":"category","embeddable":true,"href":"https:\/\/bloggar.hemmetsjournal.se\/anna\/wp-json\/wp\/v2\/categories?post=9331"},{"taxonomy":"post_tag","embeddable":true,"href":"https:\/\/bloggar.hemmetsjournal.se\/anna\/wp-json\/wp\/v2\/tags?post=9331"}],"curies":[{"name":"wp","href":"https:\/\/api.w.org\/{rel}","templated":true}]}}