{"id":9318,"date":"2014-02-18T08:20:21","date_gmt":"2014-02-18T07:20:21","guid":{"rendered":"https:\/\/hj.ekmsandbox.se\/?p=9023"},"modified":"2014-02-18T08:20:21","modified_gmt":"2014-02-18T07:20:21","slug":"varvantar","status":"publish","type":"post","link":"https:\/\/bloggar.hemmetsjournal.se\/anna\/2014\/varvantar\/","title":{"rendered":"V\u00e5rvantar"},"content":{"rendered":"<p>&nbsp;<\/p>\n<figure id=\"attachment_9024\" aria-describedby=\"caption-attachment-9024\" style=\"width: 300px\" class=\"wp-caption alignleft\"><a href=\"https:\/\/bloggar.hemmetsjournal.se\/anna\/wp-content\/uploads\/sites\/2\/2014\/02\/v\u00e5rvante-5.jpg\"><img loading=\"lazy\" decoding=\"async\" class=\"size-medium wp-image-9024\" alt=\"V\u00e5rvantarna.\" src=\"https:\/\/bloggar.hemmetsjournal.se\/anna\/wp-content\/uploads\/sites\/2\/2014\/02\/v\u00e5rvante-5-300x200.jpg\" width=\"300\" height=\"200\" \/><\/a><figcaption id=\"caption-attachment-9024\" class=\"wp-caption-text\">V\u00e5rvantarna.<\/figcaption><\/figure>\n<p>Dags f\u00f6r v\u00e5rvantar?<\/p>\n<p>\u00c5tminstone i Sk\u00e5ne!<\/p>\n<p>Det h\u00e4r \u00e4r en id\u00e9 som jag har haft n\u00e4stan lika l\u00e4nge som den att <a href=\"https:\/\/bloggar.hemmetsjournal.se\/?p=7430\" target=\"_blank\">sy mjuka barnkl\u00e4der av kasserade T-shirts<\/a>. N\u00e4r jag h\u00e4romveckan ber\u00e4ttade f\u00f6r min bror vad jag t\u00e4nkte g\u00f6ra sa han: &#8221;Men har du sparat DEN? Det \u00e4r ju flera \u00e5r sedan jag tv\u00e4ttade den!&#8221; &#8212; Och jag var tvungen att erk\u00e4nna att det hade jag. Har man en id\u00e9 s\u00e5!<\/p>\n<p>Grundmaterialet \u00e4r n\u00e4mligen en ylletr\u00f6ja som har gjort ett ofrivilligt bes\u00f6k i tv\u00e4ttmaskinen och filtat sig. Har man aldrig gjort ett s\u00e5dant misstag kan man kanske fr\u00e5ga v\u00e4nner och bekanta &#8212; eller fr\u00e5ga om n\u00e5gon har en tr\u00f6ja som inte \u00e4r v\u00e4rd att laga, s\u00e5 att man kan k\u00f6ra den i tv\u00e4ttmaskinen med gott samvete.<\/p>\n<p>Jag har sett flera som g\u00f6r vantar p\u00e5 <a href=\"https:\/\/www.klockarbarn.blogspot.se\/2012\/10\/valkomna-till-aterbruksutmaning-del-5.html\" target=\"_blank\">det h\u00e4r s\u00e4ttet<\/a>, men jag tycker att tummen verkar vara lite sv\u00e5r att f\u00e5 till. <a href=\"https:\/\/husmorsskolan.blogspot.se\/2014\/02\/symote-ett-vant-experiment.html\" target=\"_blank\">Maja <\/a>och <a href=\"https:\/\/www.klockarbarn.blogspot.se\/2011\/02\/vantar-av-gammal-troja.html\" target=\"_blank\">Jessica <\/a>har provat en modell d\u00e4r man delar handflatan mitt p\u00e5 (s\u00e5 tycker jag att det ser ut i alla fall). Jessica har hj\u00e4lpt mig att hitta fler modeller: <a href=\"https:\/\/ocd-obsessivecraftingdisorder.blogspot.se\/2011\/03\/tutorial-felted-mittens-from-recycled.html\" target=\"_blank\">den h\u00e4r<\/a>, och <a href=\"https:\/\/josefindesign.blogg.se\/2007\/december\/monster-till-vanten-jattelatt-att-sy.html\" target=\"_blank\">den h\u00e4r<\/a>, och <a href=\"https:\/\/makeanddogirl.com\/2012\/01\/guest-tutorial-felted-sweater-mittens\/\" target=\"_blank\">den h\u00e4r<\/a>. Men s\u00e5 s\u00e5g jag en virkad vante som <strong>Soili<\/strong> hade hittat, d\u00e4r varje vante best\u00e5r av ett enda l\u00e5ngt och platt\u00a0stycke, och det tyckte jag verkade smart.<\/p>\n<p>Det h\u00e4r paret \u00e4r en prototyp och l\u00e4mnar verkligen utrymme f\u00f6r allehanda f\u00f6rb\u00e4ttringar. Och d\u00e5 har ni \u00e4nd\u00e5 inte sett den f\u00f6rsta vanten, den som jag provade att sy p\u00e5 maskin utan att ha listat ut hur man l\u00e4ttar p\u00e5 pressarfotens tryck &#8230;<\/p>\n<p>Men i alla fall:<\/p>\n<p><strong>Material:<\/strong> en ylletr\u00f6ja som har krympt i tv\u00e4tten och filtat ihop sig * lite tunnare yllegarn (jag anv\u00e4nde ett sockgarn som skiftar f\u00e4rg &#8212; det hade nog varit b\u00e4ttre med ett enf\u00e4rgat)<\/p>\n<p><strong>Hj\u00e4lpmedel:<\/strong> lagom stor vante * vass sax * garnn\u00e5l med udd<\/p>\n<figure id=\"attachment_9025\" aria-describedby=\"caption-attachment-9025\" style=\"width: 300px\" class=\"wp-caption alignleft\"><a href=\"https:\/\/bloggar.hemmetsjournal.se\/anna\/wp-content\/uploads\/sites\/2\/2014\/02\/v\u00e5rvante-1.jpg\"><img loading=\"lazy\" decoding=\"async\" class=\"size-medium wp-image-9025\" alt=\"H\u00e4r \u00e4r tummens insida redan klippt, men klipp f\u00f6rst tv\u00e5 vantbredder och tummens utsida. Klipp sedan &quot;ut&quot; tummens insida ur den f\u00f6rsta vanthalvan. Lite knasigt, men det fungerar!\" src=\"https:\/\/bloggar.hemmetsjournal.se\/anna\/wp-content\/uploads\/sites\/2\/2014\/02\/v\u00e5rvante-1-300x200.jpg\" width=\"300\" height=\"200\" \/><\/a><figcaption id=\"caption-attachment-9025\" class=\"wp-caption-text\">H\u00e4r \u00e4r tummens insida redan klippt, men klipp f\u00f6rst tv\u00e5 vantbredder och tummens utsida. Klipp sedan &#8221;ut&#8221; tummens insida ur den f\u00f6rsta vanthalvan. Lite knasigt, men det fungerar!<\/figcaption><\/figure>\n<p>L\u00e4gg vanten p\u00e5 tr\u00f6jan &#8212; till det f\u00f6rsta paret f\u00f6resl\u00e5r jag att man utnyttjar tr\u00f6jans nederkant som vantens nederkant och klipper ut en vante p\u00e5 tr\u00f6jans framsida och en p\u00e5 tr\u00f6jans baksida.<\/p>\n<p>R\u00e4kna med kanske tv\u00e5 millimeters s\u00f6msm\u00e5n (vanten kommer inte att v\u00e4ndas, men langettstygnen tar ju lite utrymme i anspr\u00e5k).<\/p>\n<p>Klipp f\u00f6rst upp\u00e5t\u00a0utmed vantens l\u00e5ngsida och \u00f6ver toppen. V\u00e4nd vanten s\u00e5 att den ligger bredvid den form som \u00e4r klippt, och klipp en spegelv\u00e4nd topp. Sedan \u00e4r det dags f\u00f6r tummens &#8221;yttre&#8221; halva, det knepigaste &#8212; titta p\u00e5 bilden och klipp.<\/p>\n<p>N\u00e4r stycket \u00e4r utklippt, vik och m\u00e4t och klipp formen p\u00e5 tummens &#8221;inre&#8221; halva s\u00e5 att formen och l\u00e4ngden st\u00e4mmer med den yttre.<\/p>\n<p>Klipp en vante till &#8212; den ska vara en spegelbild av den f\u00f6rsta.<\/p>\n<p>Brodera om du vill. Jag kom att t\u00e4nka p\u00e5 den h\u00e4r s\u00e5ngen (och p\u00e5 filmen <em>Tigern och sn\u00f6n<\/em>):<\/p>\n<figure id=\"attachment_9026\" aria-describedby=\"caption-attachment-9026\" style=\"width: 300px\" class=\"wp-caption alignleft\"><a href=\"https:\/\/bloggar.hemmetsjournal.se\/anna\/wp-content\/uploads\/sites\/2\/2014\/02\/v\u00e5rvante-3.jpg\"><img loading=\"lazy\" decoding=\"async\" class=\"size-medium wp-image-9026\" alt=\"H\u00e4r ser man kanske bra hur s\u00f6mmen g\u00e5r. Bara en s\u00f6m per vante!\" src=\"https:\/\/bloggar.hemmetsjournal.se\/anna\/wp-content\/uploads\/sites\/2\/2014\/02\/v\u00e5rvante-3-300x200.jpg\" width=\"300\" height=\"200\" \/><\/a><figcaption id=\"caption-attachment-9026\" class=\"wp-caption-text\">H\u00e4r ser man\u00a0ganska bra hur s\u00f6mmen g\u00e5r. Bara en s\u00f6m per vante!<\/figcaption><\/figure>\n<p>(Att brodera efter att vanten \u00e4r hopsydd \u00e4r n\u00e4mligen v\u00e4ldigt mycket kr\u00e5ngligare.)<\/p>\n<p>Sy ihop vanten (vantarna p\u00e5 bilden \u00e4r broderade med en tr\u00e5d och hopsydda med en dubbel): b\u00f6rja p\u00e5 handens utsida, sy ner till tumvecket, l\u00e4gg ihop tummens delar, sy ihop dem och forts\u00e4tt sedan ner till vantens nederkant. En enda s\u00f6m! Klart!<\/p>\n<p>Jag gjorde ett sprund l\u00e4ngst ner f\u00f6r att det skulle bli fint att vika upp en bit. Det blev inte S\u00c5 fint. S\u00e5 sy g\u00e4rna ihop hela v\u00e4gen ner.<\/p>\n<figure id=\"attachment_9028\" aria-describedby=\"caption-attachment-9028\" style=\"width: 300px\" class=\"wp-caption alignleft\"><a href=\"https:\/\/bloggar.hemmetsjournal.se\/anna\/wp-content\/uploads\/sites\/2\/2014\/02\/v\u00e5rvante-4.jpg\"><img loading=\"lazy\" decoding=\"async\" class=\"size-medium wp-image-9028\" alt=\"Resultatet. En prototyp f\u00f6r fortsatta experiment \u00e5tminstone.\" src=\"https:\/\/bloggar.hemmetsjournal.se\/anna\/wp-content\/uploads\/sites\/2\/2014\/02\/v\u00e5rvante-4-300x200.jpg\" width=\"300\" height=\"200\" \/><\/a><figcaption id=\"caption-attachment-9028\" class=\"wp-caption-text\">Resultatet. En prototyp f\u00f6r fortsatta experiment \u00e5tminstone.<\/figcaption><\/figure>\n<p><strong>N\u00e5gra saker att t\u00e4nka p\u00e5: <\/strong>* m\u00e4t noga (de h\u00e4r vantarna blev on\u00f6digt breda) * klipp noga (det g\u00e5r inte att r\u00e4dda en f\u00f6r smal tumme &#8230;) * langettstygnen \u00e4r ganska lika p\u00e5 framsida och baksida, men l\u00e4ttare att f\u00e5 j\u00e4mna p\u00e5 framsidan n\u00e4r man syr s\u00e5h\u00e4r\u00a0genom tv\u00e5 lager\u00a0* smart att sy ihop med s\u00e5 l\u00e5ng garnbit man orkar, f\u00f6r det \u00e4r sv\u00e5rt att f\u00e4sta och b\u00f6rja om med nytt garn utan att det syns * brodera citat med korta ord, och disponera utrymmet noga i f\u00f6rv\u00e4g (jag trodde faktiskt att jag gjorde det, hm)<\/p>\n<p>Ha s\u00e5 kul! Och skicka g\u00e4rna en bild av resultatet om ni ger er p\u00e5 n\u00e5got liknande.<\/p>\n","protected":false},"excerpt":{"rendered":"<p>&nbsp; Dags f\u00f6r v\u00e5rvantar? \u00c5tminstone i Sk\u00e5ne! Det h\u00e4r \u00e4r en id\u00e9 som jag har haft n\u00e4stan lika l\u00e4nge som den att sy mjuka barnkl\u00e4der av kasserade T-shirts. N\u00e4r jag h\u00e4romveckan ber\u00e4ttade f\u00f6r min bror vad jag t\u00e4nkte g\u00f6ra sa han: &#8221;Men har du sparat DEN? Det \u00e4r ju flera \u00e5r sedan jag tv\u00e4ttade den!&#8221;&#8230;<\/p>\n","protected":false},"author":31,"featured_media":0,"comment_status":"open","ping_status":"open","sticky":false,"template":"","format":"standard","meta":{"site-sidebar-layout":"default","site-content-layout":"","ast-site-content-layout":"default","site-content-style":"default","site-sidebar-style":"default","ast-global-header-display":"","ast-banner-title-visibility":"","ast-main-header-display":"","ast-hfb-above-header-display":"","ast-hfb-below-header-display":"","ast-hfb-mobile-header-display":"","site-post-title":"","ast-breadcrumbs-content":"","ast-featured-img":"","footer-sml-layout":"","ast-disable-related-posts":"","theme-transparent-header-meta":"","adv-header-id-meta":"","stick-header-meta":"","header-above-stick-meta":"","header-main-stick-meta":"","header-below-stick-meta":"","astra-migrate-meta-layouts":"default","ast-page-background-enabled":"default","ast-page-background-meta":{"desktop":{"background-color":"var(--ast-global-color-4)","background-image":"","background-repeat":"repeat","background-position":"center center","background-size":"auto","background-attachment":"scroll","background-type":"","background-media":"","overlay-type":"","overlay-color":"","overlay-opacity":"","overlay-gradient":""},"tablet":{"background-color":"","background-image":"","background-repeat":"repeat","background-position":"center center","background-size":"auto","background-attachment":"scroll","background-type":"","background-media":"","overlay-type":"","overlay-color":"","overlay-opacity":"","overlay-gradient":""},"mobile":{"background-color":"","background-image":"","background-repeat":"repeat","background-position":"center center","background-size":"auto","background-attachment":"scroll","background-type":"","background-media":"","overlay-type":"","overlay-color":"","overlay-opacity":"","overlay-gradient":""}},"ast-content-background-meta":{"desktop":{"background-color":"var(--ast-global-color-5)","background-image":"","background-repeat":"repeat","background-position":"center center","background-size":"auto","background-attachment":"scroll","background-type":"","background-media":"","overlay-type":"","overlay-color":"","overlay-opacity":"","overlay-gradient":""},"tablet":{"background-color":"var(--ast-global-color-5)","background-image":"","background-repeat":"repeat","background-position":"center center","background-size":"auto","background-attachment":"scroll","background-type":"","background-media":"","overlay-type":"","overlay-color":"","overlay-opacity":"","overlay-gradient":""},"mobile":{"background-color":"var(--ast-global-color-5)","background-image":"","background-repeat":"repeat","background-position":"center center","background-size":"auto","background-attachment":"scroll","background-type":"","background-media":"","overlay-type":"","overlay-color":"","overlay-opacity":"","overlay-gradient":""}},"footnotes":""},"categories":[349,1],"tags":[],"class_list":["post-9318","post","type-post","status-publish","format-standard","hentry","category-varma-liten-insamling-till-kongo","category-uncategorized"],"_links":{"self":[{"href":"https:\/\/bloggar.hemmetsjournal.se\/anna\/wp-json\/wp\/v2\/posts\/9318"}],"collection":[{"href":"https:\/\/bloggar.hemmetsjournal.se\/anna\/wp-json\/wp\/v2\/posts"}],"about":[{"href":"https:\/\/bloggar.hemmetsjournal.se\/anna\/wp-json\/wp\/v2\/types\/post"}],"author":[{"embeddable":true,"href":"https:\/\/bloggar.hemmetsjournal.se\/anna\/wp-json\/wp\/v2\/users\/31"}],"replies":[{"embeddable":true,"href":"https:\/\/bloggar.hemmetsjournal.se\/anna\/wp-json\/wp\/v2\/comments?post=9318"}],"version-history":[{"count":0,"href":"https:\/\/bloggar.hemmetsjournal.se\/anna\/wp-json\/wp\/v2\/posts\/9318\/revisions"}],"wp:attachment":[{"href":"https:\/\/bloggar.hemmetsjournal.se\/anna\/wp-json\/wp\/v2\/media?parent=9318"}],"wp:term":[{"taxonomy":"category","embeddable":true,"href":"https:\/\/bloggar.hemmetsjournal.se\/anna\/wp-json\/wp\/v2\/categories?post=9318"},{"taxonomy":"post_tag","embeddable":true,"href":"https:\/\/bloggar.hemmetsjournal.se\/anna\/wp-json\/wp\/v2\/tags?post=9318"}],"curies":[{"name":"wp","href":"https:\/\/api.w.org\/{rel}","templated":true}]}}