{"id":9110,"date":"2010-12-23T08:33:16","date_gmt":"2010-12-23T07:33:16","guid":{"rendered":"https:\/\/hj.ekmsandbox.se\/?p=908"},"modified":"2010-12-23T08:33:16","modified_gmt":"2010-12-23T07:33:16","slug":"fredagsforebild-ii-bullkyrkan-i-orebro","status":"publish","type":"post","link":"https:\/\/bloggar.hemmetsjournal.se\/anna\/2010\/fredagsforebild-ii-bullkyrkan-i-orebro\/","title":{"rendered":"Fredagsf\u00f6rebild II: Bullkyrkan i \u00d6rebro"},"content":{"rendered":"<p>V\u00e5r andra fredagsf\u00f6rebild, torsdagen f\u00f6re julafton,\u00a0f\u00e5r bli <a href=\"https:\/\/www.bullkyrkan.se\" target=\"_blank\">Bullkyrkan i \u00d6rebro<\/a>, en grupp som arbetar med \u00d6rebro Kristna Samarbetsr\u00e5d som paraply. &#8221;N\u00e4r en bulle landar i verkligheten blir det evangelium&#8221; \u00e4r dess devis. Den h\u00e4r texten var fr\u00e5n b\u00f6rjan t\u00e4nkt f\u00f6r <em><a href=\"https:\/\/www.libris.se\/patar.html\" target=\"_blank\">P\u00e5t\u00e5r<\/a><\/em>, men nu hamnade den till slut h\u00e4r ist\u00e4llet, och det passar ju alldeles utm\u00e4rkt.<\/p>\n<p>M\u00e5nga hejarop ocks\u00e5 till alla er som arbetar med \u00f6ppet-hus-julfirande i olika f\u00f6rsamlingshem runtom i landet. Ni \u00e4r fantastiska &#8212; hoppas att ni f\u00e5r en fin julafton!<\/p>\n<p>***<\/p>\n<figure id=\"attachment_909\" aria-describedby=\"caption-attachment-909\" style=\"width: 300px\" class=\"wp-caption alignleft\"><a href=\"https:\/\/bloggar.hemmetsjournal.se\/anna\/wp-content\/uploads\/sites\/2\/2010\/12\/bullar.jpg\"><img loading=\"lazy\" decoding=\"async\" class=\"size-medium wp-image-909\" title=\"bullar\" src=\"https:\/\/bloggar.hemmetsjournal.se\/anna\/wp-content\/uploads\/sites\/2\/2010\/12\/bullar-300x199.jpg\" alt=\"\" width=\"300\" height=\"199\" \/><\/a><figcaption id=\"caption-attachment-909\" class=\"wp-caption-text\">Foto: Magnus Aronson<\/figcaption><\/figure>\n<p>N\u00e4r en bulle landar i verkligheten blir det evangelium.<\/p>\n<p>Det \u00e4r valspr\u00e5ket f\u00f6r Bullkyrkan i \u00d6rebro, som delar ut bullar och serverar kaffe mitt i stadens centrum varje fredagskv\u00e4ll under den varma \u00e5rstiden (och vid n\u00e5gra tillf\u00e4llen under resten av \u00e5ret ocks\u00e5).<\/p>\n<p>Vi \u00e4r en grupp kristna som kommer fr\u00e5n olika sammanhang och som samlas kring en fikavagn och kring v\u00e5r gemensamma tro p\u00e5 Kristus.<\/p>\n<p>Hur det fungerar? Jo, rent formellt arbetar vi som en del av \u00d6rebro Kristna Samarbetsr\u00e5d. I S:t Nicolai pr\u00e4stg\u00e5rd, som ligger precis vid Stortorget, parkerar vi v\u00e5r kaffevagn under veckorna, och d\u00e4r l\u00e5nar vi kaffebryggare. N\u00e5gon av oss h\u00e4mtar nyckel hos husmor p\u00e5 torsdagen eller fredagen. Sedan samlas vi d\u00e4r vid halv elva p\u00e5 fredagskv\u00e4llen f\u00f6r att be tillsammans och g\u00f6ra vagnen i ordning med nybakade eller upptinade bullar, muggar, kaffe, te, saft och en f\u00f6rbandsl\u00e5da. Vi h\u00e4nger en skylt med texten \u201dKyrkorna p\u00e5 stan\u201d p\u00e5 vagnen och g\u00e5r ut.<\/p>\n<p>Vi m\u00f6ter mycket folk n\u00e4r vi \u00e4r ute. Alla som vill f\u00e5r en bulle och en mugg med kaffe, te eller saft.<\/p>\n<p>F\u00f6r oss \u00e4r det viktigt att tala om att vi representerar kyrkorna i stan, inte enskilda kyrkor. Det vi g\u00f6r handlar inte fr\u00e4mst om evangelisation, men de m\u00e4nniskor vi m\u00f6ter vill ofta prata om livsfr\u00e5gor, och d\u00e5 g\u00f6r vi det f\u00f6rst\u00e5s.<\/p>\n<p>Klockan 01.30 vill polisen att ungdomarna som \u00e4r ute ska dra sig hem\u00e5t, och d\u00e5 avslutar ocks\u00e5 vi. Alla i gruppen stannar tills vi slutar. Om vi orkar g\u00f6r vi en kort utv\u00e4rdering av kv\u00e4llen innan vi diskar, ber tillsammans och g\u00e5r hem.<\/p>\n<p>B\u00f6n \u00e4r betydelsefull. Vi s\u00e4ger till alla som \u00e4r med att de g\u00e4rna f\u00e5r fr\u00e5ga n\u00e5gra av sina kompisar och sin f\u00f6rsamling om de kan be f\u00f6r Bullkyrkan och f\u00f6r var och en av oss som \u00e4r med p\u00e5 fredagskv\u00e4llen.<\/p>\n<p>Ett annat s\u00e4tt f\u00f6r oss att f\u00e5 fler i v\u00e5ra f\u00f6rsamlingar att bli delaktiga \u00e4r att be dem att baka bullar \u00e5t oss. Det kanske inte \u00e4r alla som kan vara ute p\u00e5 stan p\u00e5 natten, men det \u00e4r m\u00e5nga som kan baka! Vi har plats i en frys i pr\u00e4stg\u00e5rden f\u00f6r bullar som bakas i f\u00f6rv\u00e4g och nybakade bullar som inte g\u00e5r \u00e5t under kv\u00e4llen (det h\u00e4nder, men inte s\u00e5 ofta \u2026) och som kan frysas till ett senare tillf\u00e4lle.<\/p>\n<p>V\u00e5rt uppdrag \u00e4r att ge vidare det vi har f\u00e5tt av Kristus. Genom en synnerligen v\u00e4lsmakande kanelsn\u00e4cka, en medm\u00e4nniskas lyssnande \u00f6ra och en st\u00e4rkande kopp R\u00e4ttvisem\u00e4rkt kaffe vill vi \u00e4lska m\u00e4nniskor s\u00e5 som Kristus f\u00f6rst \u00e4lskat oss.<\/p>\n<p>Vi ber\u00e4ttar g\u00e4rna om v\u00e5r tro p\u00e5 Kristus \u2013 om n\u00e5gon fr\u00e5gar.<\/p>\n<p>I en tid d\u00e4r alla f\u00f6rs\u00f6ker s\u00e4lja sina budskap och produkter f\u00f6rs\u00f6ker vi undvika f\u00f6rs\u00e4ljarknep. I st\u00e4llet tror vi p\u00e5 m\u00f6tet mellan medm\u00e4nniskor, och framf\u00f6r allt tror vi p\u00e5 Kristus som i sin n\u00e5d bor i v\u00e5ra hj\u00e4rtan genom sin Heliga Ande.<\/p>\n<p><em>Bullkyrkan i \u00d6rebro genom Isak Lind\u00e9n, Ida Eriksson, Emmanuel Ingelsten &amp; Marie Westling (texten skrevs 2008)<\/em><\/p>\n","protected":false},"excerpt":{"rendered":"<p>V\u00e5r andra fredagsf\u00f6rebild, torsdagen f\u00f6re julafton,\u00a0f\u00e5r bli Bullkyrkan i \u00d6rebro, en grupp som arbetar med \u00d6rebro Kristna Samarbetsr\u00e5d som paraply. &#8221;N\u00e4r en bulle landar i verkligheten blir det evangelium&#8221; \u00e4r dess devis. Den h\u00e4r texten var fr\u00e5n b\u00f6rjan t\u00e4nkt f\u00f6r P\u00e5t\u00e5r, men nu hamnade den till slut h\u00e4r ist\u00e4llet, och det passar ju alldeles utm\u00e4rkt&#8230;.<\/p>\n","protected":false},"author":31,"featured_media":0,"comment_status":"open","ping_status":"open","sticky":false,"template":"","format":"standard","meta":{"site-sidebar-layout":"default","site-content-layout":"","ast-site-content-layout":"default","site-content-style":"default","site-sidebar-style":"default","ast-global-header-display":"","ast-banner-title-visibility":"","ast-main-header-display":"","ast-hfb-above-header-display":"","ast-hfb-below-header-display":"","ast-hfb-mobile-header-display":"","site-post-title":"","ast-breadcrumbs-content":"","ast-featured-img":"","footer-sml-layout":"","ast-disable-related-posts":"","theme-transparent-header-meta":"","adv-header-id-meta":"","stick-header-meta":"","header-above-stick-meta":"","header-main-stick-meta":"","header-below-stick-meta":"","astra-migrate-meta-layouts":"default","ast-page-background-enabled":"default","ast-page-background-meta":{"desktop":{"background-color":"var(--ast-global-color-4)","background-image":"","background-repeat":"repeat","background-position":"center center","background-size":"auto","background-attachment":"scroll","background-type":"","background-media":"","overlay-type":"","overlay-color":"","overlay-opacity":"","overlay-gradient":""},"tablet":{"background-color":"","background-image":"","background-repeat":"repeat","background-position":"center center","background-size":"auto","background-attachment":"scroll","background-type":"","background-media":"","overlay-type":"","overlay-color":"","overlay-opacity":"","overlay-gradient":""},"mobile":{"background-color":"","background-image":"","background-repeat":"repeat","background-position":"center center","background-size":"auto","background-attachment":"scroll","background-type":"","background-media":"","overlay-type":"","overlay-color":"","overlay-opacity":"","overlay-gradient":""}},"ast-content-background-meta":{"desktop":{"background-color":"var(--ast-global-color-5)","background-image":"","background-repeat":"repeat","background-position":"center center","background-size":"auto","background-attachment":"scroll","background-type":"","background-media":"","overlay-type":"","overlay-color":"","overlay-opacity":"","overlay-gradient":""},"tablet":{"background-color":"var(--ast-global-color-5)","background-image":"","background-repeat":"repeat","background-position":"center center","background-size":"auto","background-attachment":"scroll","background-type":"","background-media":"","overlay-type":"","overlay-color":"","overlay-opacity":"","overlay-gradient":""},"mobile":{"background-color":"var(--ast-global-color-5)","background-image":"","background-repeat":"repeat","background-position":"center center","background-size":"auto","background-attachment":"scroll","background-type":"","background-media":"","overlay-type":"","overlay-color":"","overlay-opacity":"","overlay-gradient":""}},"footnotes":""},"categories":[357,1],"tags":[],"class_list":["post-9110","post","type-post","status-publish","format-standard","hentry","category-fredagsforebilder","category-uncategorized"],"_links":{"self":[{"href":"https:\/\/bloggar.hemmetsjournal.se\/anna\/wp-json\/wp\/v2\/posts\/9110"}],"collection":[{"href":"https:\/\/bloggar.hemmetsjournal.se\/anna\/wp-json\/wp\/v2\/posts"}],"about":[{"href":"https:\/\/bloggar.hemmetsjournal.se\/anna\/wp-json\/wp\/v2\/types\/post"}],"author":[{"embeddable":true,"href":"https:\/\/bloggar.hemmetsjournal.se\/anna\/wp-json\/wp\/v2\/users\/31"}],"replies":[{"embeddable":true,"href":"https:\/\/bloggar.hemmetsjournal.se\/anna\/wp-json\/wp\/v2\/comments?post=9110"}],"version-history":[{"count":0,"href":"https:\/\/bloggar.hemmetsjournal.se\/anna\/wp-json\/wp\/v2\/posts\/9110\/revisions"}],"wp:attachment":[{"href":"https:\/\/bloggar.hemmetsjournal.se\/anna\/wp-json\/wp\/v2\/media?parent=9110"}],"wp:term":[{"taxonomy":"category","embeddable":true,"href":"https:\/\/bloggar.hemmetsjournal.se\/anna\/wp-json\/wp\/v2\/categories?post=9110"},{"taxonomy":"post_tag","embeddable":true,"href":"https:\/\/bloggar.hemmetsjournal.se\/anna\/wp-json\/wp\/v2\/tags?post=9110"}],"curies":[{"name":"wp","href":"https:\/\/api.w.org\/{rel}","templated":true}]}}