{"id":9076,"date":"2010-11-16T06:17:58","date_gmt":"2010-11-16T05:17:58","guid":{"rendered":"https:\/\/hj.ekmsandbox.se\/?p=734"},"modified":"2017-07-10T15:01:48","modified_gmt":"2017-07-10T13:01:48","slug":"femtimmarskoftan","status":"publish","type":"post","link":"https:\/\/bloggar.hemmetsjournal.se\/anna\/2010\/femtimmarskoftan\/","title":{"rendered":"Femtimmarskoftan"},"content":{"rendered":"<p><strong>*** Uppdatering: bilderna av Femtimmarskoftan f\u00f6rsvann i en bloggflytt, s\u00e5 nu, i juni 2017, har beskrivningen f\u00e5tt nya bilder! ***<\/strong><\/p>\n<p>F\u00f6r ett par veckor sedan klickade\u00a0jag runt lite och tittade p\u00e5 alla (eller \u00e5tminstone m\u00e5nga!) m\u00f6nster till en kofta som massor av amerikaner verkar ha stickat i hundra \u00e5r, The Five Hour Baby Sweater. Det finns ju otaliga varianter, men nu har jag gjort ett svenskt m\u00f6nster som jag tycker k\u00e4nns vettigt och begripligt, och jag har stickat det tre g\u00e5nger (tack vare SJ:s f\u00f6rseningar bland annat!), en g\u00e5ng \u201dvanligt\u201d med s\u00f6mmar undertill p\u00e5 \u00e4rmarna, en g\u00e5ng med virktricket som g\u00f6r att man aldrig beh\u00f6ver ta av garnet, och en g\u00e5ng med virktricket och knapph\u00e5l.\u00a0\u00c4r det n\u00e5gon som vill testa och ge lite respons?<\/p>\n<p>M\u00f6nstret \u00e4r antagligen med i boken <em>V\u00e4rma en liten \u2013 stickat och virkat f\u00f6r all v\u00e4rldens bebisar<\/em>, som kommer i v\u00e5r. Om det fungerar f\u00f6r andra ocks\u00e5, vill s\u00e4ga!<\/p>\n<p><img loading=\"lazy\" decoding=\"async\" class=\"alignnone size-full wp-image-10010\" src=\"https:\/\/bloggar.hemmetsjournal.se\/anna\/wp-content\/uploads\/sites\/2\/2017\/06\/DSC_2112.jpg\" alt=\"\" width=\"1280\" height=\"853\" srcset=\"https:\/\/bloggar.hemmetsjournal.se\/anna\/wp-content\/uploads\/sites\/2\/2017\/06\/DSC_2112.jpg 1280w, https:\/\/bloggar.hemmetsjournal.se\/anna\/wp-content\/uploads\/sites\/2\/2017\/06\/DSC_2112-300x200.jpg 300w, https:\/\/bloggar.hemmetsjournal.se\/anna\/wp-content\/uploads\/sites\/2\/2017\/06\/DSC_2112-1024x682.jpg 1024w, https:\/\/bloggar.hemmetsjournal.se\/anna\/wp-content\/uploads\/sites\/2\/2017\/06\/DSC_2112-768x512.jpg 768w, https:\/\/bloggar.hemmetsjournal.se\/anna\/wp-content\/uploads\/sites\/2\/2017\/06\/DSC_2112-1073x715.jpg 1073w, https:\/\/bloggar.hemmetsjournal.se\/anna\/wp-content\/uploads\/sites\/2\/2017\/06\/DSC_2112-483x322.jpg 483w, https:\/\/bloggar.hemmetsjournal.se\/anna\/wp-content\/uploads\/sites\/2\/2017\/06\/DSC_2112-360x240.jpg 360w, https:\/\/bloggar.hemmetsjournal.se\/anna\/wp-content\/uploads\/sites\/2\/2017\/06\/DSC_2112-600x400.jpg 600w, https:\/\/bloggar.hemmetsjournal.se\/anna\/wp-content\/uploads\/sites\/2\/2017\/06\/DSC_2112-263x175.jpg 263w, https:\/\/bloggar.hemmetsjournal.se\/anna\/wp-content\/uploads\/sites\/2\/2017\/06\/DSC_2112-24x16.jpg 24w, https:\/\/bloggar.hemmetsjournal.se\/anna\/wp-content\/uploads\/sites\/2\/2017\/06\/DSC_2112-36x24.jpg 36w, https:\/\/bloggar.hemmetsjournal.se\/anna\/wp-content\/uploads\/sites\/2\/2017\/06\/DSC_2112-48x32.jpg 48w\" sizes=\"(max-width: 1280px) 100vw, 1280px\" \/><\/p>\n<p><strong>Femtimmarskoftan<br \/>\n<\/strong>Lita p\u00e5 amerikanska kyrktanter n\u00e4r det g\u00e4ller rationella modeller och beskrivningar! Femtimmarskoftan \u00e4r en klassiker som stickas fr\u00e5n halsringningen och ner\u00e5t p\u00e5 tv\u00e5 stickor (inga strumpstickor till \u00e4rmarna allts\u00e5), finns i m\u00e5nga varianter och har stickats i m\u00e5nga \u00e5r till m\u00e5nga barn i olika delar av v\u00e4rlden. Den h\u00e4r, med r\u00e4tstickade varv fr\u00e5n baksidan (de kamouflerar \u00f6kningarna en aning), har inga knapph\u00e5l, men man kan s\u00e4tta fast flera par\u00a0snoddar om man vill.<\/p>\n<p>De f\u00f6rsta koftorna stickade jag\u00a0med stickor nummer 6 och drygt ett hekto av ett mjukt ullgarn som egentligen skulle ha sn\u00e4ppet tunnare stickor, Marks &amp; Kattens Eco Wool (inte babyvarianten &#8212; den \u00e4r tunnare). Tids\u00e5tg\u00e5ngen beror f\u00f6rst\u00e5s ganska mycket p\u00e5 hur van man \u00e4r, men att koftan \u00e4r ovanligt enkel och snabbstickad \u00e4r verkligen sant!<\/p>\n<p><em>\u00d6kning<\/em>: sticka en maska i bakre maskb\u00e5gen och en i fr\u00e4mre<br \/>\n<em>Omslag<\/em>: l\u00e4gg till en maska genom att l\u00e4gga en bakl\u00e4nges\u00f6gla om h\u00f6ger sticka<\/p>\n<p>L\u00e4gg upp 33 m och sticka r\u00e4tstickning i 4 v.<br \/>\nVarv 5: 3 rm, am tills det \u00e4r 3 m kvar, 3 rm (s\u00e5h\u00e4r stickas alla am-varv som g\u00e5r fr\u00e5n kant till kant).<br \/>\nVarv 6: 3 rm, *g\u00f6r en \u00f6kning i n\u00e4sta m, 1 rm*, upprepa fr\u00e5n * till * fram till sista 4 m, g\u00f6r en \u00f6kning och sticka 3 m vanligt. Nu \u00e4r det 47 m p\u00e5 stickan.<br \/>\nVarv 7: som v 5.<br \/>\nVarv 8 och 9: rm.<br \/>\nVarv 10: 3 rm, *g\u00f6r en \u00f6kning i n\u00e4sta m, 2 rm*, upprepa fr\u00e5n * till * fram till sista 5 m, g\u00f6r en \u00f6kning och sticka 4 m vanligt. Nu \u00e4r det 61 m p\u00e5 stickan.<br \/>\nVarv 11: som v 5.<br \/>\nVarv 12 och 13: rm.<br \/>\nVarv 14: 4 rm, *g\u00f6r en \u00f6kning i n\u00e4sta m, 3 rm*, upprepa fr\u00e5n * till * fram till sista 5 m, g\u00f6r en \u00f6kning och sticka 4 m vanligt. Nu \u00e4r det 75 m p\u00e5 stickan.<br \/>\nVarv 15: som v 5.<br \/>\nVarv 16 och 17: rm.<br \/>\nVarv 18: 4 rm, *g\u00f6r en \u00f6kning i n\u00e4sta m, 4 rm*, upprepa fr\u00e5n * till * fram till sista 6 m, g\u00f6r en \u00f6kning och sticka 5 m som vanligt.<br \/>\nVarv 19: som v 5.<br \/>\nVarv 20 och 21: rm.<br \/>\nVarv 22: 5 rm, *g\u00f6r en \u00f6kning i n\u00e4sta m, 5 rm*, upprepa till varvets slut.<br \/>\nVarv 23: som v 5.<br \/>\nVarv 24 och 25: rm.<br \/>\nVarv 26: dags att markera framstycken, \u00e4rmar och bakstycke. Fyra mark\u00f6rer beh\u00f6vs.<br \/>\n6 rm, 1 omslag, 5 rm, 1 omslag, 5 rm, 1 omslag, 1 rm, s\u00e4tt fast mark\u00f6r. Detta \u00e4r det ena framstycket, som nu ska vara 20 m.<br \/>\n1 rm, 1 omslag, 6 r, 1 omslag, 5 rm, 1 omslag, 6 rm, 1 omslag, 1 rm, s\u00e4tt fast mark\u00f6r. Detta \u00e4r den ena \u00e4rmen, som nu ska vara 23 m.<br \/>\n1 rm, 1 omslag, *6 rm , 1 omslag*, upprepa fr\u00e5n * till *, 5 rm, 1 omslag, *6 rm , 1 omslag*, upprepa fr\u00e5n * till *, 1 rm, s\u00e4tt fast mark\u00f6r. Detta \u00e4r ryggen, som nu ska vara 37 m. (Uppdatering: H\u00e4r har m\u00e5nga k\u00f6rt fast, s\u00e5 nu har jag\u00a0gjort det hela lite tydligare!)<br \/>\n1 rm, 1 omslag, 6 rm, 1 omslag, 5 rm, 1 omslag, 6 rm, 1 omslag, 1 rm, s\u00e4tt fast mark\u00f6r. Detta \u00e4r den andra \u00e4rmen, som nu ska vara 23 m.<br \/>\n1 rm, 1 omslag, 5 rm, 1 omslag, 5 rm, 1 omslag, 6 rm. Detta \u00e4r det andra framstycket.<br \/>\nVarv 27: som v 5.<br \/>\nVarv 28: rm. G\u00f6r en \u00f6kning i maskan f\u00f6re och efter alla mark\u00f6rer. Nu ska det vara 131 m totalt.<br \/>\nVarv 29: som v 5.<br \/>\nVarv 30: som v 28. Nu ska det vara 139 m totalt.<br \/>\nVarv 31: som v 5.<\/p>\n<p>Sticka nu 22 rm, g\u00f6r 2 omslag, sticka 27 rm (\u00e4rm), g\u00f6r 2 omslag. V\u00e4nd och sticka 22 v sl\u00e4tstickning p\u00e5 de 31 m som nu utg\u00f6r \u00e4rmen. (Resten av koftan sitter kvar p\u00e5 stickorna under tiden, ena framstycket p\u00e5 ena sidan och rygg, andra \u00e4rmen och andra framstycket p\u00e5 andra sidan. Det blir lite tr\u00e5ngt, men det g\u00e5r.)<br \/>\nMinska f\u00f6r handleden: 2 rm, *2 tills, 3 rm*, upprepa fr\u00e5n * till * 4 ggr, 2 tills, 2 rm. Nu ska det vara 25 m kvar.<br \/>\nSticka 7 v rm och maska av.<\/p>\n<p>Sticka bakstyckets m r, g\u00f6r 2 omslag, sticka 27 rm (andra \u00e4rmen), g\u00f6r 2 omslag. V\u00e4nd och sticka f\u00e4rdigt denna \u00e4rm likadant som den f\u00f6rsta.<\/p>\n<p>Sticka andra framstyckets m r, v\u00e4nd och sticka sl\u00e4tstickning \u00f6ver framstycke, rygg och andra framstycket (med alla avigvarv som v 5) i minst 15 v (koftan p\u00e5 bilden har 27 v). Avsluta med 8 v rm och maska av.<\/p>\n<p>Sy ihop \u00e4rmarna undertill och virka och sy fast snoddar att \u201dkn\u00e4ppa\u201d koftan med.<\/p>\n<p><img loading=\"lazy\" decoding=\"async\" class=\"alignnone size-full wp-image-10075\" src=\"https:\/\/bloggar.hemmetsjournal.se\/anna\/wp-content\/uploads\/sites\/2\/2010\/11\/63.jpg\" alt=\"\" width=\"399\" height=\"600\" srcset=\"https:\/\/bloggar.hemmetsjournal.se\/anna\/wp-content\/uploads\/sites\/2\/2010\/11\/63.jpg 399w, https:\/\/bloggar.hemmetsjournal.se\/anna\/wp-content\/uploads\/sites\/2\/2010\/11\/63-200x300.jpg 200w, https:\/\/bloggar.hemmetsjournal.se\/anna\/wp-content\/uploads\/sites\/2\/2010\/11\/63-333x500.jpg 333w, https:\/\/bloggar.hemmetsjournal.se\/anna\/wp-content\/uploads\/sites\/2\/2010\/11\/63-336x506.jpg 336w, https:\/\/bloggar.hemmetsjournal.se\/anna\/wp-content\/uploads\/sites\/2\/2010\/11\/63-175x263.jpg 175w, https:\/\/bloggar.hemmetsjournal.se\/anna\/wp-content\/uploads\/sites\/2\/2010\/11\/63-16x24.jpg 16w, https:\/\/bloggar.hemmetsjournal.se\/anna\/wp-content\/uploads\/sites\/2\/2010\/11\/63-24x36.jpg 24w, https:\/\/bloggar.hemmetsjournal.se\/anna\/wp-content\/uploads\/sites\/2\/2010\/11\/63-32x48.jpg 32w\" sizes=\"(max-width: 399px) 100vw, 399px\" \/><\/p>\n<p><strong>P\u00e5 en tr\u00e5d<br \/>\n<\/strong>De riktiga femtimmarsentusiasterna stickar koftan utan att klippa av garnet en enda g\u00e5ng och syr inte ett stygn. S\u00e5h\u00e4r g\u00f6r de:<br \/>\nMaska av 24 m n\u00e4r \u00e4rmen \u00e4r klar. Tr\u00e4 den sista p\u00e5 en ganska grov virkn\u00e5l, vik \u00e4rmen dubbel med r\u00e4tsidan in\u00e5t och virka ihop den med smygmaskor eller fasta maskor hela v\u00e4gen upp till \u00e4rmh\u00e5let. Tr\u00e4 maskan p\u00e5 h\u00f6ger sticka och forts\u00e4tt sticka. G\u00f6r likadant med andra \u00e4rmen.<\/p>\n<p><img loading=\"lazy\" decoding=\"async\" class=\"alignnone size-full wp-image-10065\" src=\"https:\/\/bloggar.hemmetsjournal.se\/anna\/wp-content\/uploads\/sites\/2\/2015\/03\/64.jpg\" alt=\"\" width=\"468\" height=\"311\" srcset=\"https:\/\/bloggar.hemmetsjournal.se\/anna\/wp-content\/uploads\/sites\/2\/2015\/03\/64.jpg 468w, https:\/\/bloggar.hemmetsjournal.se\/anna\/wp-content\/uploads\/sites\/2\/2015\/03\/64-300x199.jpg 300w, https:\/\/bloggar.hemmetsjournal.se\/anna\/wp-content\/uploads\/sites\/2\/2015\/03\/64-360x239.jpg 360w, https:\/\/bloggar.hemmetsjournal.se\/anna\/wp-content\/uploads\/sites\/2\/2015\/03\/64-263x175.jpg 263w, https:\/\/bloggar.hemmetsjournal.se\/anna\/wp-content\/uploads\/sites\/2\/2015\/03\/64-24x16.jpg 24w, https:\/\/bloggar.hemmetsjournal.se\/anna\/wp-content\/uploads\/sites\/2\/2015\/03\/64-36x24.jpg 36w, https:\/\/bloggar.hemmetsjournal.se\/anna\/wp-content\/uploads\/sites\/2\/2015\/03\/64-48x32.jpg 48w\" sizes=\"(max-width: 468px) 100vw, 468px\" \/><\/p>\n<p><strong>Knapph\u00e5l?<br \/>\n<\/strong>Vill du sticka en kofta med knappar och knapph\u00e5l? L\u00e4gg till 4 m vid uppl\u00e4ggningen och g\u00f6r de r\u00e4tstickade kanterna 5 m breda. G\u00f6r ett knapph\u00e5l genom att maska av tredje och fj\u00e4rde maskan p\u00e5 ett varv och sedan p\u00e5 n\u00e4sta varv g\u00f6ra tv\u00e5 omslag p\u00e5 samma plats. <a href=\"https:\/\/www.jarbo.se\/femtimmarskoftan-med-knappar\/\">Du kan ocks\u00e5 f\u00f6lja den h\u00e4r beskrivningen.<\/a><\/p>\n<p><strong>Uppdatering:<\/strong> Maja p\u00e5 bloggen <a href=\"https:\/\/husmorsskolan.blogspot.com\/\" target=\"_blank\">Husmorsskolan <\/a>har gjort en vintercape (med luva!) \u00a0till sin tre\u00e5riga dotter med utg\u00e5ngspunkt fr\u00e5n det h\u00e4r m\u00f6nstret. Den finns <a href=\"https:\/\/husmorsskolan.blogspot.com\/2011\/02\/sticka-en-vintercape.html?showComment=1297323880072#c543717888886931174\" target=\"_blank\">h\u00e4r<\/a>.<\/p>\n<p><a href=\"https:\/\/bloggar.hemmetsjournal.se\/anna\/2016\/femtimmarskoftan-och-allt-som-har-hant-med-den\/\">H\u00e4r<\/a> finns en sammanst\u00e4llning av allt som har h\u00e4nt med Femtimmarskoftan sedan jag gjorde den f\u00f6rsta beskrivningen.<\/p>\n<p>&nbsp;<\/p>\n","protected":false},"excerpt":{"rendered":"<p>*** Uppdatering: bilderna av Femtimmarskoftan f\u00f6rsvann i en bloggflytt, s\u00e5 nu, i juni 2017, har beskrivningen f\u00e5tt nya bilder! *** F\u00f6r ett par veckor sedan klickade\u00a0jag runt lite och tittade p\u00e5 alla (eller \u00e5tminstone m\u00e5nga!) m\u00f6nster till en kofta som massor av amerikaner verkar ha stickat i hundra \u00e5r, The Five Hour Baby Sweater. Det&#8230;<\/p>\n","protected":false},"author":31,"featured_media":0,"comment_status":"closed","ping_status":"closed","sticky":false,"template":"","format":"standard","meta":{"site-sidebar-layout":"default","site-content-layout":"","ast-site-content-layout":"default","site-content-style":"default","site-sidebar-style":"default","ast-global-header-display":"","ast-banner-title-visibility":"","ast-main-header-display":"","ast-hfb-above-header-display":"","ast-hfb-below-header-display":"","ast-hfb-mobile-header-display":"","site-post-title":"","ast-breadcrumbs-content":"","ast-featured-img":"","footer-sml-layout":"","ast-disable-related-posts":"","theme-transparent-header-meta":"","adv-header-id-meta":"","stick-header-meta":"","header-above-stick-meta":"","header-main-stick-meta":"","header-below-stick-meta":"","astra-migrate-meta-layouts":"default","ast-page-background-enabled":"default","ast-page-background-meta":{"desktop":{"background-color":"var(--ast-global-color-4)","background-image":"","background-repeat":"repeat","background-position":"center center","background-size":"auto","background-attachment":"scroll","background-type":"","background-media":"","overlay-type":"","overlay-color":"","overlay-opacity":"","overlay-gradient":""},"tablet":{"background-color":"","background-image":"","background-repeat":"repeat","background-position":"center center","background-size":"auto","background-attachment":"scroll","background-type":"","background-media":"","overlay-type":"","overlay-color":"","overlay-opacity":"","overlay-gradient":""},"mobile":{"background-color":"","background-image":"","background-repeat":"repeat","background-position":"center center","background-size":"auto","background-attachment":"scroll","background-type":"","background-media":"","overlay-type":"","overlay-color":"","overlay-opacity":"","overlay-gradient":""}},"ast-content-background-meta":{"desktop":{"background-color":"var(--ast-global-color-5)","background-image":"","background-repeat":"repeat","background-position":"center center","background-size":"auto","background-attachment":"scroll","background-type":"","background-media":"","overlay-type":"","overlay-color":"","overlay-opacity":"","overlay-gradient":""},"tablet":{"background-color":"var(--ast-global-color-5)","background-image":"","background-repeat":"repeat","background-position":"center center","background-size":"auto","background-attachment":"scroll","background-type":"","background-media":"","overlay-type":"","overlay-color":"","overlay-opacity":"","overlay-gradient":""},"mobile":{"background-color":"var(--ast-global-color-5)","background-image":"","background-repeat":"repeat","background-position":"center center","background-size":"auto","background-attachment":"scroll","background-type":"","background-media":"","overlay-type":"","overlay-color":"","overlay-opacity":"","overlay-gradient":""}},"footnotes":""},"categories":[152,255,240],"tags":[397,256,843,844],"class_list":["post-9076","post","type-post","status-publish","format-standard","hentry","category-beskrivningar","category-femtimmarskoftan","category-uppifran-och-ner","tag-babykofta","tag-femtimmarskoftan","tag-varma-en-liten","tag-varma-en-liten-stickat-och-virkat-for-all-varldens-bebisar"],"_links":{"self":[{"href":"https:\/\/bloggar.hemmetsjournal.se\/anna\/wp-json\/wp\/v2\/posts\/9076"}],"collection":[{"href":"https:\/\/bloggar.hemmetsjournal.se\/anna\/wp-json\/wp\/v2\/posts"}],"about":[{"href":"https:\/\/bloggar.hemmetsjournal.se\/anna\/wp-json\/wp\/v2\/types\/post"}],"author":[{"embeddable":true,"href":"https:\/\/bloggar.hemmetsjournal.se\/anna\/wp-json\/wp\/v2\/users\/31"}],"replies":[{"embeddable":true,"href":"https:\/\/bloggar.hemmetsjournal.se\/anna\/wp-json\/wp\/v2\/comments?post=9076"}],"version-history":[{"count":3,"href":"https:\/\/bloggar.hemmetsjournal.se\/anna\/wp-json\/wp\/v2\/posts\/9076\/revisions"}],"predecessor-version":[{"id":10076,"href":"https:\/\/bloggar.hemmetsjournal.se\/anna\/wp-json\/wp\/v2\/posts\/9076\/revisions\/10076"}],"wp:attachment":[{"href":"https:\/\/bloggar.hemmetsjournal.se\/anna\/wp-json\/wp\/v2\/media?parent=9076"}],"wp:term":[{"taxonomy":"category","embeddable":true,"href":"https:\/\/bloggar.hemmetsjournal.se\/anna\/wp-json\/wp\/v2\/categories?post=9076"},{"taxonomy":"post_tag","embeddable":true,"href":"https:\/\/bloggar.hemmetsjournal.se\/anna\/wp-json\/wp\/v2\/tags?post=9076"}],"curies":[{"name":"wp","href":"https:\/\/api.w.org\/{rel}","templated":true}]}}