{"id":8821,"date":"2013-12-19T08:04:07","date_gmt":"2013-12-19T07:04:07","guid":{"rendered":"https:\/\/hj.ekmsandbox.se\/?p=8821"},"modified":"2013-12-19T08:04:07","modified_gmt":"2013-12-19T07:04:07","slug":"hos-slattmissionens-hjalpande-hand","status":"publish","type":"post","link":"https:\/\/bloggar.hemmetsjournal.se\/anna\/2013\/hos-slattmissionens-hjalpande-hand\/","title":{"rendered":"Hos Sl\u00e4ttmissionens Hj\u00e4lpande Hand"},"content":{"rendered":"<p>Just n\u00e4r jag t\u00e4nker att det allt \u00e4r v\u00e4ldigt tr\u00e5kigt att jag sitter fast i flera stora br\u00e5ttomprojekt som har med v\u00e5ren att g\u00f6ra, s\u00e5 att jag inte alls kan avs\u00e4tta n\u00e5gon tid f\u00f6r n\u00e5got roligt julaktigt h\u00e4r p\u00e5 Kyrkkaffebloggen &#8212; d\u00e5 kommer ett brev fr\u00e5n <strong>Annika<\/strong> som \u00e4r diakon i <strong>Olaus Petri i \u00d6rebro.<\/strong> Och s\u00e5 f\u00e5r jag i alla fall n\u00e5got alldeles underbart att dela med mig av.\u00a0Imorgon far massor av fina kl\u00e4der iv\u00e4g till de romska barnfamiljerna och barnhemsbarnen i Rum\u00e4nien, och samtidigt packas en container till Centralafrikanska Republiken. \u00c4r det inte den b\u00e4sta sortens julklapp? Tack, Annika, och vars\u00e5goda, alla!<\/p>\n<p>***<\/p>\n<figure id=\"attachment_8822\" aria-describedby=\"caption-attachment-8822\" style=\"width: 300px\" class=\"wp-caption alignleft\"><a href=\"https:\/\/bloggar.hemmetsjournal.se\/anna\/wp-content\/uploads\/sites\/2\/2013\/12\/Annika-Ingrid-vid-v\u00e5ra-medhavda-alster.jpg\"><img loading=\"lazy\" decoding=\"async\" class=\"size-medium wp-image-8822\" alt=\"Ingrid packar upp. Foto: Annika Bertilsson\" src=\"https:\/\/bloggar.hemmetsjournal.se\/anna\/wp-content\/uploads\/sites\/2\/2013\/12\/Annika-Ingrid-vid-v\u00e5ra-medhavda-alster-300x225.jpg\" width=\"300\" height=\"225\" \/><\/a><figcaption id=\"caption-attachment-8822\" class=\"wp-caption-text\">Ingrid packar upp. Foto: Annika Bertilsson<\/figcaption><\/figure>\n<p>M\u00e5ndagen den 16 december 2013 var det dags f\u00f6r en ny tur till Sl\u00e4ttmissionens Hj\u00e4lpande Hand i Stenum. Bilen var, som vanligt, fullpackad med fina alster:\u00a0<\/p>\n<p>52 bl\u00f6jbyxor<br \/>\n3 par sydda l\u00e5ngbyxor\u00a0<br \/>\n1 par stickade l\u00e5ngbyxor\u00a0\u00a0\u00a0<br \/>\n3 sydda overaller\u00a0\u00a0<br \/>\n44 par sockor\u00a0\u00a0<br \/>\n9 par vantar<br \/>\n11 halsdukar\/fuskpolo\u00a0<br \/>\n106 m\u00f6ssor\u00a0<br \/>\n11 virkade\/stickade filtar\u00a0<br \/>\n33 v\u00e4star<\/p>\n<figure id=\"attachment_8823\" aria-describedby=\"caption-attachment-8823\" style=\"width: 300px\" class=\"wp-caption alignleft\"><a href=\"https:\/\/bloggar.hemmetsjournal.se\/anna\/wp-content\/uploads\/sites\/2\/2013\/12\/Annika-massor-med-sytt-och-stickat.jpg\"><img loading=\"lazy\" decoding=\"async\" class=\"size-medium wp-image-8823\" alt=\"H\u00e4r \u00e4r en del av det som gruppen i \u00d6rebro och dess v\u00e4nner har tillverkat. Foto: Annika Bertilsson\" src=\"https:\/\/bloggar.hemmetsjournal.se\/anna\/wp-content\/uploads\/sites\/2\/2013\/12\/Annika-massor-med-sytt-och-stickat-300x225.jpg\" width=\"300\" height=\"225\" \/><\/a><figcaption id=\"caption-attachment-8823\" class=\"wp-caption-text\">H\u00e4r \u00e4r en del av det som gruppen i \u00d6rebro och dess v\u00e4nner har tillverkat. Foto: Annika Bertilsson<\/figcaption><\/figure>\n<p>66 tr\u00f6jor\/koftor<br \/>\n7 sydda kjolar\u00a0<br \/>\n8 sydda sovp\u00e5sar\u00a0<br \/>\n6 virkade\/stickade \u201dtossor\u201d<br \/>\n5 sydda filtar\u00a0<br \/>\n16 stickade\/virkade mjukisdjur\u00a0<br \/>\n1 sydd nalle<br \/>\n1 docka med full utrustning<\/p>\n<p>Mottagandet i Stenum var som vanligt hj\u00e4rtligt. Just nu packas en container till Centralafrikanska Republiken, och 20 december \u00e5ker en full laddning till en by i Rum\u00e4nien. Filten\u00a0som Ingrid h\u00e5ller i p\u00e5 en av bilderna\u00a0\u00e5ker till Afrika tillsammans med ormen och varma m\u00f6ssor, och dockan \u00e5ker till Rum\u00e4nien.<\/p>\n<figure id=\"attachment_8824\" aria-describedby=\"caption-attachment-8824\" style=\"width: 225px\" class=\"wp-caption alignleft\"><a href=\"https:\/\/bloggar.hemmetsjournal.se\/anna\/wp-content\/uploads\/sites\/2\/2013\/12\/Annika-Ingrid-med-bl\u00e5-fleecefilt.jpg\"><img loading=\"lazy\" decoding=\"async\" class=\"size-medium wp-image-8824\" alt=\"En filt ska f\u00e5 \u00e5ka iv\u00e4g och v\u00e4rma n\u00e5gon som fryser. Foto: Annika Bertilsson\" src=\"https:\/\/bloggar.hemmetsjournal.se\/anna\/wp-content\/uploads\/sites\/2\/2013\/12\/Annika-Ingrid-med-bl\u00e5-fleecefilt-225x300.jpg\" width=\"225\" height=\"300\" \/><\/a><figcaption id=\"caption-attachment-8824\" class=\"wp-caption-text\">En filt ska f\u00e5 \u00e5ka iv\u00e4g och v\u00e4rma n\u00e5gon som fryser. Foto: Annika Bertilsson<\/figcaption><\/figure>\n<p>Ingrid Stridh var full av entusiasm och gl\u00e4dje \u00f6ver allt vi kom med, och hon s\u00e4nde alla medverkande h\u00e4r i Olaus Petri sina varmaste h\u00e4lsningar och kramar.<\/p>\n<p>H\u00e4lsningar,<\/p>\n<p>Anna-Lena och Annika<\/p>\n<p>***<\/p>\n<p>Ni som tycker att \u00d6rebro ligger bra till och som vill skicka med Annika n\u00e5got bidrag n\u00e4sta g\u00e5ng hon k\u00f6r till Skara, kontakta henne p\u00e5 adressen annika.bertilsson[at]svenskakyrkan.se, s\u00e5 ska det s\u00e4kert g\u00e5 bra att komma \u00f6verens om en \u00f6verl\u00e4mningstr\u00e4ff!<\/p>\n<p>Och om det \u00e4r n\u00e5gon som funderar p\u00e5 en julklapp: s\u00e4tt in en g\u00e5va p\u00e5 <a href=\"https:\/\/www.slattmissionenshjalpandehand.se\/index.php?page=gegava\" target=\"_blank\">SHH:s konto<\/a>\u00a0och skriv ett presentkort p\u00e5 fj\u00e4rrv\u00e4rme!<\/p>\n","protected":false},"excerpt":{"rendered":"<p>Just n\u00e4r jag t\u00e4nker att det allt \u00e4r v\u00e4ldigt tr\u00e5kigt att jag sitter fast i flera stora br\u00e5ttomprojekt som har med v\u00e5ren att g\u00f6ra, s\u00e5 att jag inte alls kan avs\u00e4tta n\u00e5gon tid f\u00f6r n\u00e5got roligt julaktigt h\u00e4r p\u00e5 Kyrkkaffebloggen &#8212; d\u00e5 kommer ett brev fr\u00e5n Annika som \u00e4r diakon i Olaus Petri i \u00d6rebro&#8230;.<\/p>\n","protected":false},"author":31,"featured_media":0,"comment_status":"open","ping_status":"open","sticky":false,"template":"","format":"standard","meta":{"site-sidebar-layout":"default","site-content-layout":"","ast-site-content-layout":"default","site-content-style":"default","site-sidebar-style":"default","ast-global-header-display":"","ast-banner-title-visibility":"","ast-main-header-display":"","ast-hfb-above-header-display":"","ast-hfb-below-header-display":"","ast-hfb-mobile-header-display":"","site-post-title":"","ast-breadcrumbs-content":"","ast-featured-img":"","footer-sml-layout":"","ast-disable-related-posts":"","theme-transparent-header-meta":"","adv-header-id-meta":"","stick-header-meta":"","header-above-stick-meta":"","header-main-stick-meta":"","header-below-stick-meta":"","astra-migrate-meta-layouts":"default","ast-page-background-enabled":"default","ast-page-background-meta":{"desktop":{"background-color":"var(--ast-global-color-4)","background-image":"","background-repeat":"repeat","background-position":"center center","background-size":"auto","background-attachment":"scroll","background-type":"","background-media":"","overlay-type":"","overlay-color":"","overlay-opacity":"","overlay-gradient":""},"tablet":{"background-color":"","background-image":"","background-repeat":"repeat","background-position":"center center","background-size":"auto","background-attachment":"scroll","background-type":"","background-media":"","overlay-type":"","overlay-color":"","overlay-opacity":"","overlay-gradient":""},"mobile":{"background-color":"","background-image":"","background-repeat":"repeat","background-position":"center center","background-size":"auto","background-attachment":"scroll","background-type":"","background-media":"","overlay-type":"","overlay-color":"","overlay-opacity":"","overlay-gradient":""}},"ast-content-background-meta":{"desktop":{"background-color":"var(--ast-global-color-5)","background-image":"","background-repeat":"repeat","background-position":"center center","background-size":"auto","background-attachment":"scroll","background-type":"","background-media":"","overlay-type":"","overlay-color":"","overlay-opacity":"","overlay-gradient":""},"tablet":{"background-color":"var(--ast-global-color-5)","background-image":"","background-repeat":"repeat","background-position":"center center","background-size":"auto","background-attachment":"scroll","background-type":"","background-media":"","overlay-type":"","overlay-color":"","overlay-opacity":"","overlay-gradient":""},"mobile":{"background-color":"var(--ast-global-color-5)","background-image":"","background-repeat":"repeat","background-position":"center center","background-size":"auto","background-attachment":"scroll","background-type":"","background-media":"","overlay-type":"","overlay-color":"","overlay-opacity":"","overlay-gradient":""}},"footnotes":""},"categories":[349,1],"tags":[],"class_list":["post-8821","post","type-post","status-publish","format-standard","hentry","category-varma-liten-insamling-till-kongo","category-uncategorized"],"_links":{"self":[{"href":"https:\/\/bloggar.hemmetsjournal.se\/anna\/wp-json\/wp\/v2\/posts\/8821"}],"collection":[{"href":"https:\/\/bloggar.hemmetsjournal.se\/anna\/wp-json\/wp\/v2\/posts"}],"about":[{"href":"https:\/\/bloggar.hemmetsjournal.se\/anna\/wp-json\/wp\/v2\/types\/post"}],"author":[{"embeddable":true,"href":"https:\/\/bloggar.hemmetsjournal.se\/anna\/wp-json\/wp\/v2\/users\/31"}],"replies":[{"embeddable":true,"href":"https:\/\/bloggar.hemmetsjournal.se\/anna\/wp-json\/wp\/v2\/comments?post=8821"}],"version-history":[{"count":0,"href":"https:\/\/bloggar.hemmetsjournal.se\/anna\/wp-json\/wp\/v2\/posts\/8821\/revisions"}],"wp:attachment":[{"href":"https:\/\/bloggar.hemmetsjournal.se\/anna\/wp-json\/wp\/v2\/media?parent=8821"}],"wp:term":[{"taxonomy":"category","embeddable":true,"href":"https:\/\/bloggar.hemmetsjournal.se\/anna\/wp-json\/wp\/v2\/categories?post=8821"},{"taxonomy":"post_tag","embeddable":true,"href":"https:\/\/bloggar.hemmetsjournal.se\/anna\/wp-json\/wp\/v2\/tags?post=8821"}],"curies":[{"name":"wp","href":"https:\/\/api.w.org\/{rel}","templated":true}]}}