{"id":7987,"date":"2013-07-09T05:10:25","date_gmt":"2013-07-09T04:10:25","guid":{"rendered":"https:\/\/hj.ekmsandbox.se\/?p=7987"},"modified":"2013-07-09T05:10:25","modified_gmt":"2013-07-09T04:10:25","slug":"skanekoftan","status":"publish","type":"post","link":"https:\/\/bloggar.hemmetsjournal.se\/anna\/2013\/skanekoftan\/","title":{"rendered":"Sk\u00e5nekoftan"},"content":{"rendered":"<p>Jag s\u00e5g en beskrivning till en babykofta som var lite lik Femtimmarskoftan &#8212; mest p\u00e5 det viset att den inte hade n\u00e5gra s\u00f6mmar, kanske. Den var stickad fr\u00e5n nederkanten och upp.<\/p>\n<p><strong>Ylva<\/strong> \u00e4r ingenj\u00f6r.<\/p>\n<p>Jag t\u00e4nkte att om man l\u00e5nar maskantalet och \u00f6kningsplaceringarna (fast egentligen \u00e4r de ju minskningsplaceringar fr\u00e5n b\u00f6rjan) och strukturen fr\u00e5n koftan p\u00e5 bilden men f\u00f6rvandlar den till en uppifr\u00e5n-och-ner-kofta i femtimmarsanda, d\u00e5 skulle den bli b\u00e5de fin och kanske v\u00e4ldigt l\u00e4ttstickad.<\/p>\n<p>Den f\u00f6rvandlingen \u00e4r en uppgift f\u00f6r en ingenj\u00f6r. Och Ylva tog sig an den!<\/p>\n<p>F\u00f6r ett par veckor sedan rapporterade hon att hon var p\u00e5 sitt femte exemplar och n\u00e4stan n\u00f6jd.<\/p>\n<p>Nu har beskrivningen kommit, och Ylva skriver:<\/p>\n<p><em>Den sj\u00e4tte koftan blev jag n\u00f6jd med! S\u00e5 jag stickade en sjunde f\u00f6r att kolla\u00a0m\u00f6nstret, och sedan en \u00e5ttonde f\u00f6r att testa att g\u00f6ra koftan\u00a0en storlek st\u00f6rre (kan ocks\u00e5 passa om man stickar\u00a0med tunnare garn). Efter detta var det n\u00e4ra att jag kallade koftan om-igen-koftan <img decoding=\"async\" id=\"_x0000_i1025\" alt=\"Emoji\" src=\"https:\/\/a.gfx.ms\/Emoji_1F60A.png\" \/>, men den fick heta Sk\u00e5nekoftan eftersom jag har stickat mycket p\u00e5 bussar och t\u00e5g\u00a0p\u00e5 olika h\u00e5ll i Sk\u00e5ne.\u00a0Det har varit v\u00e4ldigt roligt hela tiden, men nu ska jag sticka n\u00e5got annat som omv\u00e4xling!<\/em><\/p>\n<p>(Det visar sig att Ylva har r\u00e4knat om f\u00f6r ett tjockare garn, s\u00e5 p\u00e5 s\u00e4tt och vis \u00e4r det v\u00e4ldigt lite av &#8221;originalkoftan&#8221; kvar. S\u00e5 g\u00e5r den ocks\u00e5 \u00e4nnu snabbare att sticka!)<\/p>\n<p>Sk\u00e5nekoftan kan passa i <a href=\"https:\/\/www.slattmissionenshjalpandehand.se\/\" target=\"_blank\">Sukuta i Gambia<\/a>, antagligen ocks\u00e5\u00a0i <a href=\"https:\/\/www.affc.se\" target=\"_blank\">Manduar<\/a>, i <a href=\"https:\/\/www.slattmissionenshjalpandehand.se\/\" target=\"_blank\">Rum\u00e4nien <\/a>och i ett av <a href=\"https:\/\/erikshjalpen.se\/index.php?cID=1923\" target=\"_blank\">Erikshj\u00e4lpens <\/a>eller <a href=\"https:\/\/www.pmu.se\/viewNavMenu.do?menuID=55\" target=\"_blank\">PMU:s<\/a> babypaket som kan \u00e5ka ut lite vartsomhelst i v\u00e4rlden d\u00e4r det beh\u00f6vs. Den kan ocks\u00e5 bli en del av ett startpaket p\u00e5 <a href=\"https:\/\/www.svenskakyrkan.se\/default.aspx?id=663182\" target=\"_blank\">Citydiakonalen i Malm\u00f6<\/a>. Till exempel!<\/p>\n<p>***<\/p>\n<figure id=\"attachment_7988\" aria-describedby=\"caption-attachment-7988\" style=\"width: 300px\" class=\"wp-caption alignleft\"><a href=\"https:\/\/bloggar.hemmetsjournal.se\/anna\/wp-content\/uploads\/sites\/2\/2013\/07\/Ylvas-kofta.jpg\"><img loading=\"lazy\" decoding=\"async\" class=\"size-medium wp-image-7988\" alt=\"Sk\u00e5nekoftan (vilket exemplar i ordningen?). Foto: Ylva Johansson\" src=\"https:\/\/bloggar.hemmetsjournal.se\/anna\/wp-content\/uploads\/sites\/2\/2013\/07\/Ylvas-kofta-300x224.jpg\" width=\"300\" height=\"224\" \/><\/a><figcaption id=\"caption-attachment-7988\" class=\"wp-caption-text\">Sk\u00e5nekoftan (vilket exemplar i ordningen?). Foto: Ylva Johansson<\/figcaption><\/figure>\n<p>Koftan stickas fr\u00e5n halskanten och ner, i ett stycke. Den \u00e4r r\u00e4tstickad med m\u00f6nster av lyfta maskor.<\/p>\n<p>Garn\u00e5tg\u00e5ng 100 g (230 m)<\/p>\n<p>Stickor 5\u00bd<\/p>\n<p>Stickfasthet enligt banderoll: 20 m p\u00e5 st 4\u00bd =10 cm<\/p>\n<p>M\u00e5tt med detta garn: \u00f6vervidd 46 cm, l\u00e4ngd 26 cm, \u00e4rml\u00e4ngd 14 cm<\/p>\n<p>Sist i beskrivningen finns m\u00f6nsteranpassning f\u00f6r tunnare garn eller st\u00f6rre storlek p\u00e5 kofta. Med ett garn som enligt banderollen har stickfasthet 20 m p\u00e5 st 4 = 10 cm, och med stickor 5\u00bd blev garn\u00e5tg\u00e5ngen 120 g (300 m) och m\u00e5tten: \u00f6vervidd 54 cm, l\u00e4ngd 29 cm, \u00e4rml\u00e4ngd 16 cm<\/p>\n<p>\u00d6kning: omslag som stickas vridet n\u00e4sta varv (f\u00f6r att undvika h\u00e5l)<\/p>\n<p>&#8212;<\/p>\n<p>M\u00f6nster:<\/p>\n<p>Varv fr\u00e5n r\u00e4tsidan: lyft 1 m med garnet bakom, *5 rm, lyft 1 m med garnet bakom* (upprepa mellan *)<\/p>\n<p>Varv fr\u00e5n avigsidan: 1 am (stickas i den lyfta m), *5 rm, 1 am(stickas i den lyfta m)* (upprepa mellan *)<\/p>\n<p>&#8212;<\/p>\n<p>Knapph\u00e5l: stickas innanf\u00f6r 2 m, och \u00f6ver 2 m. M\u00f6nstret \u00e4r f\u00f6r 4 knappar, men det g\u00e5r lika bra att sticka knapph\u00e5l l\u00e4ngs hela framkanten, eller kn\u00e4ppa koftan med snoddar ist\u00e4llet.<\/p>\n<p>&#8212;<\/p>\n<figure id=\"attachment_7990\" aria-describedby=\"caption-attachment-7990\" style=\"width: 300px\" class=\"wp-caption alignleft\"><a href=\"https:\/\/bloggar.hemmetsjournal.se\/anna\/wp-content\/uploads\/sites\/2\/2013\/07\/Ylva.jpg\"><img loading=\"lazy\" decoding=\"async\" class=\"size-medium wp-image-7990\" alt=\"Till v\u00e4nster i Ylvas Rum\u00e4nien-kollektion (som nu har landat i Skara och packas f\u00f6r f\u00e4rden vidare!) syns tre av de f\u00f6rsta exemplaren av Sk\u00e5nekoftan. Foto: Ylva Johansson\" src=\"https:\/\/bloggar.hemmetsjournal.se\/anna\/wp-content\/uploads\/sites\/2\/2013\/07\/Ylva-300x225.jpg\" width=\"300\" height=\"225\" \/><\/a><figcaption id=\"caption-attachment-7990\" class=\"wp-caption-text\">Till v\u00e4nster i Ylvas Rum\u00e4nien-kollektion (som nu har landat i Skara och packas f\u00f6r f\u00e4rden vidare!) syns tre av de f\u00f6rsta exemplaren av Sk\u00e5nekoftan. Foto: Ylva Johansson<\/figcaption><\/figure>\n<p>L\u00e4gg upp 39 m. F\u00f6rsta varvet(och alla varv med udda nr) \u00e4r avigsidan<\/p>\n<p>V 1&#8211;3: 5 rm (framkant), sticka res\u00e5r 1rm, 1 am tills det \u00e4r 5 m kvar, 5 rm (framkant)<\/p>\n<p>V 4: 5 rm (framkant), *2 rm, 1 omslag* upprepa mellan * totalt 7 ggr,\u00a0 1 rm, 1 omslag,\u00a0*2 rm, 1 omslag*, upprepa mellan * totalt 6 ggr, 2 rm, 5 rm (framkant). Nu \u00e4r det totalt 53 m p\u00e5 stickan (varav 14\u00a0nya omslag)<\/p>\n<p>V 5: 5 rm, *1 am, 1 rm* upprepa mellan * tills 6 m \u00e5terst\u00e5r, 1 am, 5 rm<\/p>\n<p>V 6: 5 rm, lyft 1 m med garnet bakom, *1 rm, lyft 1 m med garnet bakom*, upprepa fr\u00e5n * till * tills 5 m \u00e5terst\u00e5r, 5 rm<\/p>\n<p>V 7: 5 rm, 1 am (stickas i den lyfta m), *1 rm, 1 am (stickas i den lyfta m)*, upprepa fr\u00e5n * till * tills 5 m \u00e5terst\u00e5r, 5 rm<\/p>\n<p>V 8: knapph\u00e5lsvarv, 5 rm, lyft 1 m med garnet bakom, *1 omslag, 1 rm, lyft 1 m med garnet bakom*, upprepa fr\u00e5n * till * tills 5 m \u00e5terst\u00e5r, 5 rm. Nu \u00e4r det totalt 74 m<\/p>\n<p>V 9: 5 rm, 1 am (stickas i den lyfta m), *2 rm, 1 am (stickas i den lyfta m)*, upprepa fr\u00e5n * till * tills 5 m \u00e5terst\u00e5r, 5 rm<\/p>\n<p>V 10: 5 rm, lyft 1 m med garnet bakom, *2 rm, lyft 1 m med garnet bakom*, upprepa fr\u00e5n * till * tills 5 m \u00e5terst\u00e5r, 5 rm<\/p>\n<p>V 11 \u2013 15 stickas som v 9 (udda v) och v 10 (j\u00e4mna v)<\/p>\n<p>V 16: 5 rm, lyft 1 m med garnet bakom, *1 omslag, 2 rm, lyft 1 m med garnet bakom*, upprepa fr\u00e5n * till * tills 5 m \u00e5terst\u00e5r, 5 rm. Nu \u00e4r det totalt 95 m<\/p>\n<p>V17: 5 rm, 1 am (stickas i den lyfta m), *3 rm, 1 am(stickas i den lyfta m)*, upprepa fr\u00e5n * till * tills 5 m \u00e5terst\u00e5r, 5 rm<\/p>\n<p>V18: knapph\u00e5lsvarv, 5 rm, lyft 1 m med garnet bakom, *3 rm, lyft 1 m med garnet bakom*, upprepa fr\u00e5n * till * tills 5 m \u00e5terst\u00e5r, 5 rm<\/p>\n<p>V 19 \u2013 23 stickas som v 17 (udda v) och v 18 (j\u00e4mna v)<\/p>\n<p>V24: 5 rm, lyft 1 m med garnet bakom, *1 omslag, 3 rm, lyft 1 m med garnet bakom*, upprepa fr\u00e5n * till * tills 5 m \u00e5terst\u00e5r, 5 rm. Nu \u00e4r det totalt 116 m<\/p>\n<p>V25: 5 rm, 1 am (stickas i den lyfta m), *4 rm, 1 am(stickas i den lyfta m)*, upprepa fr\u00e5n * till * tills 5 m \u00e5terst\u00e5r, 5 rm<\/p>\n<p>V26: 5 rm, lyft 1 m med garnet bakom, *4 rm, lyft 1 m med garnet bakom*, upprepa fr\u00e5n * till * tills 5 m \u00e5terst\u00e5r, 5 rm<\/p>\n<p>V 27 \u2013 31 stickas som v 25 (udda v) och v 26 (j\u00e4mna v). V 28 \u00e4r knapph\u00e5lsvarv<\/p>\n<p>V32: 5 rm, lyft 1 m med garnet bakom, *1 omslag, 4 rm, lyft 1 m med garnet bakom*, upprepa fr\u00e5n * till * tills 5 m \u00e5terst\u00e5r, 5 rm. Nu \u00e4r det totalt 137 m<\/p>\n<p>V33: 5 rm, 1 am (stickas i den lyfta m), *5 rm, 1 am(stickas i den lyfta m)*, upprepa fr\u00e5n * till * tills 5 m \u00e5terst\u00e5r, 5 rm<\/p>\n<p>V34: 5 rm, lyft 1 m med garnet bakom, *5 rm, lyft 1 m med garnet bakom*, upprepa fr\u00e5n * till * tills 5 m \u00e5terst\u00e5r, 5 rm<\/p>\n<p>V 35\u201337 stickas som v 33 (udda v) och v 34 (j\u00e4mna v)<\/p>\n<p>V 38 \u00e4r knapph\u00e5lsvarv och dessutom det varv d\u00e4r koftans maskor delas upp i framstycke, \u00e4rm, bakstycke, \u00e4rm\u00a0och framstycke.\u00a0Till en b\u00f6rjan stickar man bara det ena framstycket och den ena \u00e4rmen, och den stickar man f\u00e4rdigt innan man forts\u00e4tter p\u00e5 varvet\u00a0&#8212; resten av maskorna sitter kvar p\u00e5 stickan medan \u00e4rmen stickas<\/p>\n<p>Forts\u00e4tt att sticka m\u00f6nster p\u00e5 \u00e4rmen, med en kantmaska i varje sida (den anv\u00e4nds n\u00e4r \u00e4rmen virkas eller sys ihop)<\/p>\n<p>Sticka 21 m (detta \u00e4r ena framstycket), s\u00e4tt en markering, sticka 29 m f\u00f6r \u00e4rmen, l\u00e4gg upp 4 m<\/p>\n<p>V\u00e4nd och sticka tillbaka \u00e4rmens 33 m och l\u00e4gg upp 4 m i andra sidan ocks\u00e5. Nu \u00e4r det 37 m p\u00e5 \u00e4rmen<\/p>\n<p>Minska 1 m innanf\u00f6r kantmaskan i varje sida 6 ggr vart 6:e varv, med f\u00f6rsta minskingen p\u00e5 varv 6. Nu \u00e4r det 25 m p\u00e5 \u00e4rmen.<\/p>\n<p>Sticka \u00e4rmen ca 44 varv.<\/p>\n<p>Maska av alla m, eller g\u00f6r som p\u00e5 5-timmarskoftan och maska av alla maskor utom den sista. Tr\u00e4 den sista maskan p\u00e5 en ganska grov virkn\u00e5l. Vik \u00e4rmen dubbel med r\u00e4tsidan in\u00e5t och virka ihop den med smygmaskor hela v\u00e4gen upp till \u00e4rmh\u00e5let. Tr\u00e4 den sista maskan p\u00e5 h\u00f6ger sticka. Plocka upp ytterligare 2 m l\u00e4ngs de nyupplagda maskorna under ena halvan av \u00e4rmen.<\/p>\n<p>Sticka sedan ryggens 37 m och d\u00e4refter ytterligare en \u00e4rm p\u00e5 samma s\u00e4tt.<\/p>\n<p>Avsluta varvet genom att sticka de sista 21 m (andra framstycket)<\/p>\n<p>P\u00e5 n\u00e4sta varv \u00f6kas under \u00e4rmarna till totalt 89 maskor p\u00e5 varvet. Om \u00e4rmen \u00e4r ihopvirkad plockas ytterligare 2 m upp i de nyupplagda maskorna p\u00e5 andra delen av respektive \u00e4rm. Om ingen ihopvirkning gjort l\u00e4gges 5 m upp under vardera \u00e4rmen.<\/p>\n<p>Forts\u00e4tt sedan att sticka 5 rm, 79 maskor m\u00f6nster, 5 rm i ca 40 varv. D\u00e5 \u00e4r koftans totala l\u00e4ngd ca 25 cm<\/p>\n<p>Maska av. Sy ihop under \u00e4rmarna om de inte redan \u00e4r ihopvirkade. Sy i knappar eller snoddar.<\/p>\n<p>***<\/p>\n<p>F\u00f6r en kofta i st\u00f6rre storlek eller av tunnare garn anpassas m\u00f6nstret s\u00e5 h\u00e4r:<\/p>\n<p>L\u00e4gg upp 45 m.<\/p>\n<p>P\u00e5 v 4 \u00f6kas 16 m till 61 m genom att upprepa mellan *ytterligare 1 g\u00e5ng i s\u00e5v\u00e4l b\u00f6rjan som slutet av varvet, dvs totalt 8 ggr i b\u00f6rjan, och totalt 7 ggr i slutet<\/p>\n<p>\u00d6kningar g\u00f6rs p\u00e5 v 8, 16, 26, 36. Varje \u00f6kningsvarv ger 25 nya maskor. Efter alla \u00f6kningar \u00e4r det 161 m.<\/p>\n<p>Knapph\u00e5l g\u00f6rs p\u00e5 v 8, 20, 32, 44<\/p>\n<p>V 44 \u00e4r det varv n\u00e4r man f\u00f6rdelar koftans maskor i framstycken, \u00e4rmar och bakstycke. Framstycket \u00e4r 27 m, \u00e4rmen 29 m, och bakstycket 49 m.<\/p>\n<p>P\u00e5 \u00e4rmen g\u00f6rs minskning vart 8:e varv med b\u00f6rjan p\u00e5 v 8, totalt 6 ggr. Sticka \u00e4rmen ca 54 v.<\/p>\n<p>\u00d6kning under \u00e4rmarna till totalt 113 maskor p\u00e5 varvet. Sticka ca 50 varv d\u00e4refter.<\/p>\n","protected":false},"excerpt":{"rendered":"<p>Jag s\u00e5g en beskrivning till en babykofta som var lite lik Femtimmarskoftan &#8212; mest p\u00e5 det viset att den inte hade n\u00e5gra s\u00f6mmar, kanske. Den var stickad fr\u00e5n nederkanten och upp. Ylva \u00e4r ingenj\u00f6r. Jag t\u00e4nkte att om man l\u00e5nar maskantalet och \u00f6kningsplaceringarna (fast egentligen \u00e4r de ju minskningsplaceringar fr\u00e5n b\u00f6rjan) och strukturen fr\u00e5n koftan&#8230;<\/p>\n","protected":false},"author":31,"featured_media":0,"comment_status":"open","ping_status":"open","sticky":false,"template":"","format":"standard","meta":{"site-sidebar-layout":"default","site-content-layout":"","ast-site-content-layout":"default","site-content-style":"default","site-sidebar-style":"default","ast-global-header-display":"","ast-banner-title-visibility":"","ast-main-header-display":"","ast-hfb-above-header-display":"","ast-hfb-below-header-display":"","ast-hfb-mobile-header-display":"","site-post-title":"","ast-breadcrumbs-content":"","ast-featured-img":"","footer-sml-layout":"","ast-disable-related-posts":"","theme-transparent-header-meta":"","adv-header-id-meta":"","stick-header-meta":"","header-above-stick-meta":"","header-main-stick-meta":"","header-below-stick-meta":"","astra-migrate-meta-layouts":"default","ast-page-background-enabled":"default","ast-page-background-meta":{"desktop":{"background-color":"var(--ast-global-color-4)","background-image":"","background-repeat":"repeat","background-position":"center center","background-size":"auto","background-attachment":"scroll","background-type":"","background-media":"","overlay-type":"","overlay-color":"","overlay-opacity":"","overlay-gradient":""},"tablet":{"background-color":"","background-image":"","background-repeat":"repeat","background-position":"center center","background-size":"auto","background-attachment":"scroll","background-type":"","background-media":"","overlay-type":"","overlay-color":"","overlay-opacity":"","overlay-gradient":""},"mobile":{"background-color":"","background-image":"","background-repeat":"repeat","background-position":"center center","background-size":"auto","background-attachment":"scroll","background-type":"","background-media":"","overlay-type":"","overlay-color":"","overlay-opacity":"","overlay-gradient":""}},"ast-content-background-meta":{"desktop":{"background-color":"var(--ast-global-color-5)","background-image":"","background-repeat":"repeat","background-position":"center center","background-size":"auto","background-attachment":"scroll","background-type":"","background-media":"","overlay-type":"","overlay-color":"","overlay-opacity":"","overlay-gradient":""},"tablet":{"background-color":"var(--ast-global-color-5)","background-image":"","background-repeat":"repeat","background-position":"center center","background-size":"auto","background-attachment":"scroll","background-type":"","background-media":"","overlay-type":"","overlay-color":"","overlay-opacity":"","overlay-gradient":""},"mobile":{"background-color":"var(--ast-global-color-5)","background-image":"","background-repeat":"repeat","background-position":"center center","background-size":"auto","background-attachment":"scroll","background-type":"","background-media":"","overlay-type":"","overlay-color":"","overlay-opacity":"","overlay-gradient":""}},"footnotes":""},"categories":[349],"tags":[],"class_list":["post-7987","post","type-post","status-publish","format-standard","hentry","category-varma-liten-insamling-till-kongo"],"_links":{"self":[{"href":"https:\/\/bloggar.hemmetsjournal.se\/anna\/wp-json\/wp\/v2\/posts\/7987"}],"collection":[{"href":"https:\/\/bloggar.hemmetsjournal.se\/anna\/wp-json\/wp\/v2\/posts"}],"about":[{"href":"https:\/\/bloggar.hemmetsjournal.se\/anna\/wp-json\/wp\/v2\/types\/post"}],"author":[{"embeddable":true,"href":"https:\/\/bloggar.hemmetsjournal.se\/anna\/wp-json\/wp\/v2\/users\/31"}],"replies":[{"embeddable":true,"href":"https:\/\/bloggar.hemmetsjournal.se\/anna\/wp-json\/wp\/v2\/comments?post=7987"}],"version-history":[{"count":0,"href":"https:\/\/bloggar.hemmetsjournal.se\/anna\/wp-json\/wp\/v2\/posts\/7987\/revisions"}],"wp:attachment":[{"href":"https:\/\/bloggar.hemmetsjournal.se\/anna\/wp-json\/wp\/v2\/media?parent=7987"}],"wp:term":[{"taxonomy":"category","embeddable":true,"href":"https:\/\/bloggar.hemmetsjournal.se\/anna\/wp-json\/wp\/v2\/categories?post=7987"},{"taxonomy":"post_tag","embeddable":true,"href":"https:\/\/bloggar.hemmetsjournal.se\/anna\/wp-json\/wp\/v2\/tags?post=7987"}],"curies":[{"name":"wp","href":"https:\/\/api.w.org\/{rel}","templated":true}]}}