{"id":7304,"date":"2013-04-13T06:57:09","date_gmt":"2013-04-13T05:57:09","guid":{"rendered":"https:\/\/hj.ekmsandbox.se\/?p=7304"},"modified":"2013-04-13T06:57:09","modified_gmt":"2013-04-13T05:57:09","slug":"ge-det-vidare-fotoutstallning-i-orebro","status":"publish","type":"post","link":"https:\/\/bloggar.hemmetsjournal.se\/anna\/2013\/ge-det-vidare-fotoutstallning-i-orebro\/","title":{"rendered":"Ge det vidare &#8212; fotoutst\u00e4llning i \u00d6rebro"},"content":{"rendered":"<figure id=\"attachment_7305\" aria-describedby=\"caption-attachment-7305\" style=\"width: 300px\" class=\"wp-caption alignleft\"><a href=\"https:\/\/bloggar.hemmetsjournal.se\/anna\/wp-content\/uploads\/sites\/2\/2013\/04\/ilemera.jpg\"><img loading=\"lazy\" decoding=\"async\" class=\"size-medium wp-image-7305\" alt=\"Foto: Ilemeraresen\u00e4rerna fr\u00e5n Olau Petri f\u00f6rsamling\" src=\"https:\/\/bloggar.hemmetsjournal.se\/anna\/wp-content\/uploads\/sites\/2\/2013\/04\/ilemera-300x200.jpg\" width=\"300\" height=\"200\" \/><\/a><figcaption id=\"caption-attachment-7305\" class=\"wp-caption-text\">Foto: Ilemeraresen\u00e4rerna fr\u00e5n Olaus Petri f\u00f6rsamling<\/figcaption><\/figure>\n<p>H\u00e4r kommer en inbjudan till vernissage fr\u00e5n Lena och Agneta och n\u00e5gra andra i Olaus Petri f\u00f6rsamling i \u00d6rebro!<\/p>\n<p><em>L\u00f6rdag 27 april 2013 kl 11.00&#8211;15.00<\/em><\/p>\n<p><em>Olaus Petri kyrka, Storgatan 40, \u00d6rebro<\/em><\/p>\n<p><em>Vernissage av \u201dGe det vidare\u201d &#8211; foton fr\u00e5n Ilemera<\/em><\/p>\n<p><em>V\u00e4lkommen p\u00e5 vernissage f\u00f6r en fotoutst\u00e4llning om Ilemera snickeriskola i Tanzania.<\/em><\/p>\n<p><em>Utst\u00e4llare \u00e4r Helena Sachs och ungdomar fr\u00e5n Olaus Petri f\u00f6rsamling som bes\u00f6kte skolan i oktober 2012.<\/em><\/p>\n<p><em>Invigningstal kl. 13.00.<\/em><\/p>\n<p>Olaus Petri f\u00f6rsamling har haft kontakt med Ilemera i m\u00e5nga \u00e5r och st\u00f6ttat yrkesskolan d\u00e4r. F\u00f6rra \u00e5ret, n\u00e4r f\u00f6rsamlingens kyrka firade 100-\u00e5rsjubileum, ordnades det en jubileumsinsamling som resulterade i n\u00e4stan 140 000 kronor. L\u00e4s mer om kontakterna och om arbetet p\u00e5 yrkesskolan <a href=\"https:\/\/www.svenskakyrkan.se\/default.aspx?id=861393\" target=\"_blank\">h\u00e4r<\/a>!<\/p>\n","protected":false},"excerpt":{"rendered":"<p>H\u00e4r kommer en inbjudan till vernissage fr\u00e5n Lena och Agneta och n\u00e5gra andra i Olaus Petri f\u00f6rsamling i \u00d6rebro! L\u00f6rdag 27 april 2013 kl 11.00&#8211;15.00 Olaus Petri kyrka, Storgatan 40, \u00d6rebro Vernissage av \u201dGe det vidare\u201d &#8211; foton fr\u00e5n Ilemera V\u00e4lkommen p\u00e5 vernissage f\u00f6r en fotoutst\u00e4llning om Ilemera snickeriskola i Tanzania. Utst\u00e4llare \u00e4r Helena Sachs&#8230;<\/p>\n","protected":false},"author":31,"featured_media":0,"comment_status":"open","ping_status":"open","sticky":false,"template":"","format":"standard","meta":{"site-sidebar-layout":"default","site-content-layout":"","ast-site-content-layout":"default","site-content-style":"default","site-sidebar-style":"default","ast-global-header-display":"","ast-banner-title-visibility":"","ast-main-header-display":"","ast-hfb-above-header-display":"","ast-hfb-below-header-display":"","ast-hfb-mobile-header-display":"","site-post-title":"","ast-breadcrumbs-content":"","ast-featured-img":"","footer-sml-layout":"","ast-disable-related-posts":"","theme-transparent-header-meta":"","adv-header-id-meta":"","stick-header-meta":"","header-above-stick-meta":"","header-main-stick-meta":"","header-below-stick-meta":"","astra-migrate-meta-layouts":"default","ast-page-background-enabled":"default","ast-page-background-meta":{"desktop":{"background-color":"var(--ast-global-color-4)","background-image":"","background-repeat":"repeat","background-position":"center center","background-size":"auto","background-attachment":"scroll","background-type":"","background-media":"","overlay-type":"","overlay-color":"","overlay-opacity":"","overlay-gradient":""},"tablet":{"background-color":"","background-image":"","background-repeat":"repeat","background-position":"center center","background-size":"auto","background-attachment":"scroll","background-type":"","background-media":"","overlay-type":"","overlay-color":"","overlay-opacity":"","overlay-gradient":""},"mobile":{"background-color":"","background-image":"","background-repeat":"repeat","background-position":"center center","background-size":"auto","background-attachment":"scroll","background-type":"","background-media":"","overlay-type":"","overlay-color":"","overlay-opacity":"","overlay-gradient":""}},"ast-content-background-meta":{"desktop":{"background-color":"var(--ast-global-color-5)","background-image":"","background-repeat":"repeat","background-position":"center center","background-size":"auto","background-attachment":"scroll","background-type":"","background-media":"","overlay-type":"","overlay-color":"","overlay-opacity":"","overlay-gradient":""},"tablet":{"background-color":"var(--ast-global-color-5)","background-image":"","background-repeat":"repeat","background-position":"center center","background-size":"auto","background-attachment":"scroll","background-type":"","background-media":"","overlay-type":"","overlay-color":"","overlay-opacity":"","overlay-gradient":""},"mobile":{"background-color":"var(--ast-global-color-5)","background-image":"","background-repeat":"repeat","background-position":"center center","background-size":"auto","background-attachment":"scroll","background-type":"","background-media":"","overlay-type":"","overlay-color":"","overlay-opacity":"","overlay-gradient":""}},"footnotes":""},"categories":[344],"tags":[],"class_list":["post-7304","post","type-post","status-publish","format-standard","hentry","category-kyrkkaffeprat"],"_links":{"self":[{"href":"https:\/\/bloggar.hemmetsjournal.se\/anna\/wp-json\/wp\/v2\/posts\/7304"}],"collection":[{"href":"https:\/\/bloggar.hemmetsjournal.se\/anna\/wp-json\/wp\/v2\/posts"}],"about":[{"href":"https:\/\/bloggar.hemmetsjournal.se\/anna\/wp-json\/wp\/v2\/types\/post"}],"author":[{"embeddable":true,"href":"https:\/\/bloggar.hemmetsjournal.se\/anna\/wp-json\/wp\/v2\/users\/31"}],"replies":[{"embeddable":true,"href":"https:\/\/bloggar.hemmetsjournal.se\/anna\/wp-json\/wp\/v2\/comments?post=7304"}],"version-history":[{"count":0,"href":"https:\/\/bloggar.hemmetsjournal.se\/anna\/wp-json\/wp\/v2\/posts\/7304\/revisions"}],"wp:attachment":[{"href":"https:\/\/bloggar.hemmetsjournal.se\/anna\/wp-json\/wp\/v2\/media?parent=7304"}],"wp:term":[{"taxonomy":"category","embeddable":true,"href":"https:\/\/bloggar.hemmetsjournal.se\/anna\/wp-json\/wp\/v2\/categories?post=7304"},{"taxonomy":"post_tag","embeddable":true,"href":"https:\/\/bloggar.hemmetsjournal.se\/anna\/wp-json\/wp\/v2\/tags?post=7304"}],"curies":[{"name":"wp","href":"https:\/\/api.w.org\/{rel}","templated":true}]}}