{"id":7272,"date":"2013-04-10T07:36:25","date_gmt":"2013-04-10T06:36:25","guid":{"rendered":"https:\/\/hj.ekmsandbox.se\/?p=7272"},"modified":"2013-04-10T07:36:25","modified_gmt":"2013-04-10T06:36:25","slug":"femtimmarskoftan-i-andra-storlekar","status":"publish","type":"post","link":"https:\/\/bloggar.hemmetsjournal.se\/anna\/2013\/femtimmarskoftan-i-andra-storlekar\/","title":{"rendered":"Femtimmarskoftan i andra storlekar"},"content":{"rendered":"<figure id=\"attachment_7273\" aria-describedby=\"caption-attachment-7273\" style=\"width: 300px\" class=\"wp-caption alignleft\"><a href=\"https:\/\/bloggar.hemmetsjournal.se\/anna\/wp-content\/uploads\/sites\/2\/2013\/04\/Anna-Stina-i-Sturefors-2.jpg\"><img loading=\"lazy\" decoding=\"async\" class=\"size-medium wp-image-7273\" alt=\"Femtimmarskoftan stickad av Anna-Stina i Sturefors till Sticka &amp; skicka-insamlingen.\" src=\"https:\/\/bloggar.hemmetsjournal.se\/anna\/wp-content\/uploads\/sites\/2\/2013\/04\/Anna-Stina-i-Sturefors-2-300x224.jpg\" width=\"300\" height=\"224\" \/><\/a><figcaption id=\"caption-attachment-7273\" class=\"wp-caption-text\">Femtimmarskoftan stickad av Anna-Stina i Sturefors till Sticka &amp; skicka-insamlingen.<\/figcaption><\/figure>\n<p>Visst \u00e4r <a href=\"https:\/\/bloggar.hemmetsjournal.se\/?p=734\" target=\"_blank\">Femtimmarskoftan <\/a>bra?<\/p>\n<p>Men m\u00f6nstret finns bara i en storlek &#8230;<\/p>\n<p><strong>Ulrika<\/strong> har h\u00f6rt av sig med en fr\u00e5ga: skulle inte alla som har gjort egna variationer av det f\u00f6r att f\u00e5 till andra storlekar kunna ber\u00e4tta vad de har gjort, s\u00e5 att den som vill sticka en lite st\u00f6rre kofta men inte har s\u00e5 mycket tidsutrymme f\u00f6r experiment kan f\u00e5 lifta lite?<\/p>\n<p>Vi g\u00f6r ett f\u00f6rs\u00f6k!<\/p>\n<p>De f\u00f6rsta koftorna stickade jag med stickor <strong>nummer 6<\/strong> och Marks &amp; Kattens ekologiska ullgarn (inte babyullgarnet). Jag har gett bort alla de koftorna men skulle gissa att de passar de flesta barn <strong>upp till 3&#8211;4 m\u00e5nader<\/strong>.<\/p>\n<p>Sedan har jag stickat massor (ja, faktiskt massor) av Treochenhalvtimmesv\u00e4star med stickor<strong> nummer 4<\/strong> och olika restgarner. Det blir en bra storlek f\u00f6r <strong>nyf\u00f6dda<\/strong>.<\/p>\n<p>Jag har ocks\u00e5 stickat ett par koftor med stickor <strong>nummer 7<\/strong> och ett importerat akrylgarn som jag uppfattade som turkiskt (!) &#8212; det verkar finnas lite varstans, men jag kommer inte ih\u00e5g vad det heter. Jag f\u00f6rl\u00e4ngde &#8221;kroppen&#8221; lite och m\u00f6jligen \u00e4rmarna ocks\u00e5. De blev lagom till ett par <strong>1\u00bd&#8211;2-\u00e5ringar<\/strong>, och en fyra\u00e5ring som jag k\u00e4nner l\u00e5nade lillasysters kofta och tyckte att det var snyggt med trekvarts\u00e4rm, s\u00e5 vidden \u00e4r nog tillr\u00e4cklig f\u00f6r lite st\u00f6rre storlekar, man f\u00e5r sticka l\u00e4ngre \u00e4rmar och &#8221;kropp&#8221; bara.<\/p>\n<figure id=\"attachment_7275\" aria-describedby=\"caption-attachment-7275\" style=\"width: 300px\" class=\"wp-caption alignleft\"><a href=\"https:\/\/bloggar.hemmetsjournal.se\/anna\/wp-content\/uploads\/sites\/2\/2013\/04\/Kristina-i-Gislaved.jpg\"><img loading=\"lazy\" decoding=\"async\" class=\"size-medium wp-image-7275\" alt=\"Fr\u00e5n Kristina i Gislaved till Sticka &amp; skicka.\" src=\"https:\/\/bloggar.hemmetsjournal.se\/anna\/wp-content\/uploads\/sites\/2\/2013\/04\/Kristina-i-Gislaved-300x223.jpg\" width=\"300\" height=\"223\" \/><\/a><figcaption id=\"caption-attachment-7275\" class=\"wp-caption-text\">Fr\u00e5n Kristina i Gislaved till Sticka &amp; skicka.<\/figcaption><\/figure>\n<p><strong>Maja<\/strong> stickade sin f\u00f6rsta Femtimmarskofta med \u00e4nnu gr\u00f6vre stickor, tror jag, och fick en kofta som var lagom till en tre\u00e5ring. <a href=\"https:\/\/husmorsskolan.blogspot.se\/2011\/01\/symote-sticka-femtimmarstrojan.html\" target=\"_blank\">H\u00e4r <\/a>\u00e4r den.<\/p>\n<p><strong>Martina<\/strong> skriver: <em>Har anv\u00e4nt Drops Cotton Light och stickor nummer\u00a03,5 &#8212;\u00a0uppskattningsvis blev det strl 50.<\/em><br \/>\n<em>H\u00e5ller p\u00e5 med en till min stora t\u00f6s som drar <strong>134\/140<\/strong> i kl\u00e4der, har J\u00e4rbo Molly och <strong>stickor 8<\/strong> samt har f\u00f6rl\u00e4ngt liv och \u00e4rmar. P\u00e5b\u00f6rjade en i Molly och stickor nummer 6, men repade, f\u00f6r den blev inte bra i bara r\u00e4tstickning. Storleken hade nog passat 2&#8212;4 \u00e5r grovt uppskattat &#8230;<\/em><\/p>\n<p><strong>Lizzie<\/strong> skriver: <em>Jag testade att sticka koftan med <strong>stickor 10<\/strong> och garnet <strong>Novita Fiesta<\/strong> (som \u00e4r till <strong>stickor nummer 7&#8211;8<\/strong>) och fick en kofta som r\u00e4cker till en <strong>4&#8211;5-\u00e5ring<\/strong>. Det enda jag fick \u201d\u00e4ndra\u201d var att l\u00e4gga till ett par varv p\u00e5 \u00e4rmarna, men det var ju enkelt att m\u00e4ta p\u00e5 dottern s\u00e5 att de r\u00e4ckte till. Sedan \u00e4ven l\u00e4ngden drog jag till med lite extra varv s\u00e5 att den skulle r\u00e4cka ner ordentligt \u00f6ver rumpan. Helt suver\u00e4n beskrivning och mycket anv\u00e4ndbar. Gjorde v\u00e4sten till min 3-\u00e5ring med sticka 9 som Maja p\u00e5 Husmorsskolan gjort. Kommer absolut g\u00f6ra flera b\u00e5de koftor o v\u00e4star, de var s\u00e5\u00e5 roliga att sticka!<\/em><\/p>\n<p>Jag blev f\u00f6rst s\u00e5 v\u00e4ldigt glad n\u00e4r jag l\u00e4ste att det fanns en <a href=\"https:\/\/suzies-yarnie-stuff.blogspot.se\/2010\/02\/7-hour-toddler-sweater.html\" target=\"_blank\">7-hour toddler sweater<\/a>\u00a0och trodde att n\u00e5gon hade gjort de d\u00e4r omr\u00e4kningsexperimenten som jag inte har m\u00e4ktat med \u00e4n, men det \u00e4r faktiskt Femtimmarskoftan i repris, det \u00e4r bara det att upphovskvinnan har lagt till de tv\u00e5 maskorna i varje sida f\u00f6r knappar och knapph\u00e5l (framkanterna blir allts\u00e5 fem maskor breda ist\u00e4llet f\u00f6r tre) och f\u00f6rl\u00e4ngt \u00e4rmarna och &#8221;kroppen&#8221;.<\/p>\n<figure id=\"attachment_7276\" aria-describedby=\"caption-attachment-7276\" style=\"width: 300px\" class=\"wp-caption alignleft\"><a href=\"https:\/\/bloggar.hemmetsjournal.se\/anna\/wp-content\/uploads\/sites\/2\/2013\/04\/Gudrun-i-\u00d6smo.jpg\"><img loading=\"lazy\" decoding=\"async\" class=\"size-medium wp-image-7276\" alt=\"Fr\u00e5n Gudrun i \u00d6smo till Sticka &amp; skicka.\" src=\"https:\/\/bloggar.hemmetsjournal.se\/anna\/wp-content\/uploads\/sites\/2\/2013\/04\/Gudrun-i-\u00d6smo-300x169.jpg\" width=\"300\" height=\"169\" \/><\/a><figcaption id=\"caption-attachment-7276\" class=\"wp-caption-text\">Fr\u00e5n Gudrun i \u00d6smo till Sticka &amp; skicka.<\/figcaption><\/figure>\n<p>H\u00e4r \u00e4r ett tips f\u00f6r den som vill sticka st\u00f6rre storlekar men inte experimentera med sj\u00e4lva \u00f6kningarna:<\/p>\n<p>L\u00e4gg upp 47 maskor och sticka 4 v r\u00e4tstickning. Hoppa rakt in p\u00e5 v 7 och g\u00f6r alla \u00f6kningarna som det st\u00e5r. P\u00e5 det h\u00e4r viset f\u00e5r koftan en lite vidare halsringning. N\u00e4r du kommer till v 28, upprepa det och v 29 tills oket \u00e4r tillr\u00e4ckligt l\u00e5ngt. Sticka sedan klart som i beskrivningen men m\u00e4t \u00e4rml\u00e4ngden och l\u00e4ngden p\u00e5 mottagaren eller p\u00e5 ett plagg som passar.<\/p>\n<p>***<\/p>\n<p>Hoppas att n\u00e5gon eller n\u00e5gra vill hj\u00e4lpa till med att fylla p\u00e5 storlekslistan &#8212; och om det \u00e4r s\u00e5 att n\u00e5gon till och med har r\u00e4knat om maskantal och \u00f6kningsvarv och antal \u00f6kningsvarv tar jag (och Ulrika) f\u00f6rst\u00e5s extra g\u00e4rna del av resultatet!<\/p>\n<p>***<\/p>\n<p><strong>Uppdatering:<\/strong> <a href=\"https:\/\/www.ravelry.com\/patterns\/library\/seamless-yoked-baby-sweater\" target=\"_blank\">h\u00e4r <\/a>\u00e4r en annan uppifr\u00e5n-och-ner-kofta med j\u00e4mnt spridda \u00f6kningar i oket &#8212; den har en lite annorlunda m\u00f6nstereffekt men \u00e4r annars mycket lik Femtimmarskoftan. Och den har fler maskor! Det \u00e4r allts\u00e5 en babykofta, men den \u00e4r konstruerad f\u00f6r tunnare garn. Borde g\u00e5 att ha som utg\u00e5ngspunkt f\u00f6r st\u00f6rre koftor om man stickar med tjockare garn. Vem vill prova? Tack till <strong>Jessica<\/strong> f\u00f6r tipset!<\/p>\n","protected":false},"excerpt":{"rendered":"<p>Visst \u00e4r Femtimmarskoftan bra? Men m\u00f6nstret finns bara i en storlek &#8230; Ulrika har h\u00f6rt av sig med en fr\u00e5ga: skulle inte alla som har gjort egna variationer av det f\u00f6r att f\u00e5 till andra storlekar kunna ber\u00e4tta vad de har gjort, s\u00e5 att den som vill sticka en lite st\u00f6rre kofta men inte har&#8230;<\/p>\n","protected":false},"author":31,"featured_media":0,"comment_status":"open","ping_status":"open","sticky":false,"template":"","format":"standard","meta":{"site-sidebar-layout":"default","site-content-layout":"","ast-site-content-layout":"default","site-content-style":"default","site-sidebar-style":"default","ast-global-header-display":"","ast-banner-title-visibility":"","ast-main-header-display":"","ast-hfb-above-header-display":"","ast-hfb-below-header-display":"","ast-hfb-mobile-header-display":"","site-post-title":"","ast-breadcrumbs-content":"","ast-featured-img":"","footer-sml-layout":"","ast-disable-related-posts":"","theme-transparent-header-meta":"","adv-header-id-meta":"","stick-header-meta":"","header-above-stick-meta":"","header-main-stick-meta":"","header-below-stick-meta":"","astra-migrate-meta-layouts":"default","ast-page-background-enabled":"default","ast-page-background-meta":{"desktop":{"background-color":"var(--ast-global-color-4)","background-image":"","background-repeat":"repeat","background-position":"center center","background-size":"auto","background-attachment":"scroll","background-type":"","background-media":"","overlay-type":"","overlay-color":"","overlay-opacity":"","overlay-gradient":""},"tablet":{"background-color":"","background-image":"","background-repeat":"repeat","background-position":"center center","background-size":"auto","background-attachment":"scroll","background-type":"","background-media":"","overlay-type":"","overlay-color":"","overlay-opacity":"","overlay-gradient":""},"mobile":{"background-color":"","background-image":"","background-repeat":"repeat","background-position":"center center","background-size":"auto","background-attachment":"scroll","background-type":"","background-media":"","overlay-type":"","overlay-color":"","overlay-opacity":"","overlay-gradient":""}},"ast-content-background-meta":{"desktop":{"background-color":"var(--ast-global-color-5)","background-image":"","background-repeat":"repeat","background-position":"center center","background-size":"auto","background-attachment":"scroll","background-type":"","background-media":"","overlay-type":"","overlay-color":"","overlay-opacity":"","overlay-gradient":""},"tablet":{"background-color":"var(--ast-global-color-5)","background-image":"","background-repeat":"repeat","background-position":"center center","background-size":"auto","background-attachment":"scroll","background-type":"","background-media":"","overlay-type":"","overlay-color":"","overlay-opacity":"","overlay-gradient":""},"mobile":{"background-color":"var(--ast-global-color-5)","background-image":"","background-repeat":"repeat","background-position":"center center","background-size":"auto","background-attachment":"scroll","background-type":"","background-media":"","overlay-type":"","overlay-color":"","overlay-opacity":"","overlay-gradient":""}},"footnotes":""},"categories":[342,349],"tags":[],"class_list":["post-7272","post","type-post","status-publish","format-standard","hentry","category-karlek-nal-och-trad","category-varma-liten-insamling-till-kongo"],"_links":{"self":[{"href":"https:\/\/bloggar.hemmetsjournal.se\/anna\/wp-json\/wp\/v2\/posts\/7272"}],"collection":[{"href":"https:\/\/bloggar.hemmetsjournal.se\/anna\/wp-json\/wp\/v2\/posts"}],"about":[{"href":"https:\/\/bloggar.hemmetsjournal.se\/anna\/wp-json\/wp\/v2\/types\/post"}],"author":[{"embeddable":true,"href":"https:\/\/bloggar.hemmetsjournal.se\/anna\/wp-json\/wp\/v2\/users\/31"}],"replies":[{"embeddable":true,"href":"https:\/\/bloggar.hemmetsjournal.se\/anna\/wp-json\/wp\/v2\/comments?post=7272"}],"version-history":[{"count":0,"href":"https:\/\/bloggar.hemmetsjournal.se\/anna\/wp-json\/wp\/v2\/posts\/7272\/revisions"}],"wp:attachment":[{"href":"https:\/\/bloggar.hemmetsjournal.se\/anna\/wp-json\/wp\/v2\/media?parent=7272"}],"wp:term":[{"taxonomy":"category","embeddable":true,"href":"https:\/\/bloggar.hemmetsjournal.se\/anna\/wp-json\/wp\/v2\/categories?post=7272"},{"taxonomy":"post_tag","embeddable":true,"href":"https:\/\/bloggar.hemmetsjournal.se\/anna\/wp-json\/wp\/v2\/tags?post=7272"}],"curies":[{"name":"wp","href":"https:\/\/api.w.org\/{rel}","templated":true}]}}