{"id":702,"date":"2016-07-02T20:04:40","date_gmt":"2016-07-02T18:04:40","guid":{"rendered":"https:\/\/bloggar.hemmetsjournal.se\/anna\/?p=702"},"modified":"2016-07-02T20:07:32","modified_gmt":"2016-07-02T18:07:32","slug":"malawi-och-etiopien-brattom","status":"publish","type":"post","link":"https:\/\/bloggar.hemmetsjournal.se\/anna\/2016\/malawi-och-etiopien-brattom\/","title":{"rendered":"Malawi och Etiopien &#8212; br\u00e5ttom"},"content":{"rendered":"<figure id=\"attachment_703\" aria-describedby=\"caption-attachment-703\" style=\"width: 400px\" class=\"wp-caption alignnone\"><img loading=\"lazy\" decoding=\"async\" class=\"size-full wp-image-703\" src=\"https:\/\/bloggar.hemmetsjournal.se\/anna\/wp-content\/uploads\/sites\/2\/2016\/07\/EFS.jpg\" alt=\"Foto: Anders Eriksson\" width=\"400\" height=\"600\" srcset=\"https:\/\/bloggar.hemmetsjournal.se\/anna\/wp-content\/uploads\/sites\/2\/2016\/07\/EFS.jpg 400w, https:\/\/bloggar.hemmetsjournal.se\/anna\/wp-content\/uploads\/sites\/2\/2016\/07\/EFS-200x300.jpg 200w\" sizes=\"(max-width: 400px) 100vw, 400px\" \/><figcaption id=\"caption-attachment-703\" class=\"wp-caption-text\">Foto: Anders Eriksson<\/figcaption><\/figure>\n<p>Ganska l\u00e4nge nu har jag undrat varf\u00f6r vi n\u00e4stan inte alls f\u00e5r h\u00f6ra eller l\u00e4sa n\u00e5got om sv\u00e4ltkatastrofen i \u00d6stafrika.<\/p>\n<p>Hur kan s\u00e5 m\u00e5nga av v\u00e5ra sm\u00e5 problem (och saker som inte alls \u00e4r problem utan bara skvaller) vara s\u00e5 v\u00e4ldigt mycket viktigare \u00e4n att flera l\u00e4nder h\u00e5ller p\u00e5 att sl\u00e5s ut av torka och konflikter?<\/p>\n<p>Idag har \u00e4ntligen Aftonbladet b\u00f6rjat skriva mer utf\u00f6rligt om l\u00e4get i Malawi. Inledningen:<\/p>\n<p class=\"preamble\" style=\"font: 300 26px\/1.5 'Open Sans', Arial, Verdana, sans-serif;margin: 0px 0px 30px;color: #333333;text-indent: 0px;letter-spacing: normal;background-color: #ffffff\">&#8221;Det \u00e4r \u00e4nnu i b\u00f6rjan. F\u00f6re chockbilderna, f\u00f6re hj\u00e4lpkampanjerna.<br \/>\nP\u00e5 den h\u00e4r sidan av katastrofen till\u00e5ter sig omv\u00e4rlden att blunda. P\u00e5 andra sidan kommer vi fr\u00e5ga oss, hur kunde det h\u00e4r h\u00e4nda igen?<\/p>\n<p class=\"preamble\" style=\"font: 300 26px\/1.5 'Open Sans', Arial, Verdana, sans-serif;margin: 0px 0px 30px;color: #333333;text-indent: 0px;letter-spacing: normal;background-color: #ffffff\">50 miljoner m\u00e4nniskor riskerar att drabbas av sv\u00e4lt de kommande sex m\u00e5naderna och FN har bara resurser till en br\u00e5kdel av de hj\u00e4lpinsatser som kommer att beh\u00f6vas i framf\u00f6rallt s\u00f6dra och \u00f6stra Afrika. H\u00e4r \u00e4r det akuta behovet f\u00f6r att klara krisen 650 miljoner dollar och 7,9 miljoner ton mat.&#8221;<\/p>\n<p>L\u00e4s reportaget\u00a0<a href=\"https:\/\/malawi.story.aftonbladet.se\/\">h\u00e4r<\/a>!<\/p>\n<p><strong>Erik Johansson<\/strong> som leder EFS utlandsarbete har ber\u00e4ttat fr\u00e5n <strong>Malawi<\/strong> den senaste veckan. Han har rest omkring och tr\u00e4ffat bland annat m\u00e5nga barnfamiljer. En ung mamma ber\u00e4ttade f\u00f6r honom att flera av hennes v\u00e4ninnor har b\u00f6rjat prostituera sig f\u00f6r att f\u00e5 pengar till mat &#8212; matpriserna har \u00f6kat enormt p\u00e5 grund av den d\u00e5liga tillg\u00e5ngen.<\/p>\n<p>EFS tog f\u00f6r n\u00e5gra m\u00e5nader sedan p\u00e5 sig att finansiera skolmat \u00e5t 10 000 skolbarn\u00a0som en samarbetskyrka i Etiopien har kontakt med &#8212; att de f\u00e5r ett m\u00e5l mat om dagen h\u00e5ller dem vid liv, och det g\u00f6r ocks\u00e5 att de forts\u00e4tter att komma till skolan och bygga p\u00e5 sin utbildning trots att mycket \u00e4r oroligt runtomkring dem. Bra eller hur? Och nu\u00a0\u00e4r fr\u00e5gan hur\u00a0barn i Malawi ska kunna f\u00e5 samma st\u00f6d.\u00a0<a href=\"https:\/\/www.efs.nu\/efs-breddar-stodet-till-ost%C2%ADafrika\/\">H\u00e4r <\/a>kan man l\u00e4sa om EFS insatser i flera \u00f6stafrikanska l\u00e4nder.<\/p>\n","protected":false},"excerpt":{"rendered":"<p>Ganska l\u00e4nge nu har jag undrat varf\u00f6r vi n\u00e4stan inte alls f\u00e5r h\u00f6ra eller l\u00e4sa n\u00e5got om sv\u00e4ltkatastrofen i \u00d6stafrika. Hur kan s\u00e5 m\u00e5nga av v\u00e5ra sm\u00e5 problem (och saker som inte alls \u00e4r problem utan bara skvaller) vara s\u00e5 v\u00e4ldigt mycket viktigare \u00e4n att flera l\u00e4nder h\u00e5ller p\u00e5 att sl\u00e5s ut av torka och&#8230;<\/p>\n","protected":false},"author":31,"featured_media":0,"comment_status":"closed","ping_status":"closed","sticky":false,"template":"","format":"standard","meta":{"site-sidebar-layout":"default","site-content-layout":"","ast-site-content-layout":"default","site-content-style":"default","site-sidebar-style":"default","ast-global-header-display":"","ast-banner-title-visibility":"","ast-main-header-display":"","ast-hfb-above-header-display":"","ast-hfb-below-header-display":"","ast-hfb-mobile-header-display":"","site-post-title":"","ast-breadcrumbs-content":"","ast-featured-img":"","footer-sml-layout":"","ast-disable-related-posts":"","theme-transparent-header-meta":"","adv-header-id-meta":"","stick-header-meta":"","header-above-stick-meta":"","header-main-stick-meta":"","header-below-stick-meta":"","astra-migrate-meta-layouts":"default","ast-page-background-enabled":"default","ast-page-background-meta":{"desktop":{"background-color":"var(--ast-global-color-4)","background-image":"","background-repeat":"repeat","background-position":"center center","background-size":"auto","background-attachment":"scroll","background-type":"","background-media":"","overlay-type":"","overlay-color":"","overlay-opacity":"","overlay-gradient":""},"tablet":{"background-color":"","background-image":"","background-repeat":"repeat","background-position":"center center","background-size":"auto","background-attachment":"scroll","background-type":"","background-media":"","overlay-type":"","overlay-color":"","overlay-opacity":"","overlay-gradient":""},"mobile":{"background-color":"","background-image":"","background-repeat":"repeat","background-position":"center center","background-size":"auto","background-attachment":"scroll","background-type":"","background-media":"","overlay-type":"","overlay-color":"","overlay-opacity":"","overlay-gradient":""}},"ast-content-background-meta":{"desktop":{"background-color":"var(--ast-global-color-5)","background-image":"","background-repeat":"repeat","background-position":"center center","background-size":"auto","background-attachment":"scroll","background-type":"","background-media":"","overlay-type":"","overlay-color":"","overlay-opacity":"","overlay-gradient":""},"tablet":{"background-color":"var(--ast-global-color-5)","background-image":"","background-repeat":"repeat","background-position":"center center","background-size":"auto","background-attachment":"scroll","background-type":"","background-media":"","overlay-type":"","overlay-color":"","overlay-opacity":"","overlay-gradient":""},"mobile":{"background-color":"var(--ast-global-color-5)","background-image":"","background-repeat":"repeat","background-position":"center center","background-size":"auto","background-attachment":"scroll","background-type":"","background-media":"","overlay-type":"","overlay-color":"","overlay-opacity":"","overlay-gradient":""}},"footnotes":""},"categories":[38],"tags":[40,39],"class_list":["post-702","post","type-post","status-publish","format-standard","hentry","category-svalt-i-ostafrika","tag-etiopien","tag-malawi"],"_links":{"self":[{"href":"https:\/\/bloggar.hemmetsjournal.se\/anna\/wp-json\/wp\/v2\/posts\/702"}],"collection":[{"href":"https:\/\/bloggar.hemmetsjournal.se\/anna\/wp-json\/wp\/v2\/posts"}],"about":[{"href":"https:\/\/bloggar.hemmetsjournal.se\/anna\/wp-json\/wp\/v2\/types\/post"}],"author":[{"embeddable":true,"href":"https:\/\/bloggar.hemmetsjournal.se\/anna\/wp-json\/wp\/v2\/users\/31"}],"replies":[{"embeddable":true,"href":"https:\/\/bloggar.hemmetsjournal.se\/anna\/wp-json\/wp\/v2\/comments?post=702"}],"version-history":[{"count":3,"href":"https:\/\/bloggar.hemmetsjournal.se\/anna\/wp-json\/wp\/v2\/posts\/702\/revisions"}],"predecessor-version":[{"id":706,"href":"https:\/\/bloggar.hemmetsjournal.se\/anna\/wp-json\/wp\/v2\/posts\/702\/revisions\/706"}],"wp:attachment":[{"href":"https:\/\/bloggar.hemmetsjournal.se\/anna\/wp-json\/wp\/v2\/media?parent=702"}],"wp:term":[{"taxonomy":"category","embeddable":true,"href":"https:\/\/bloggar.hemmetsjournal.se\/anna\/wp-json\/wp\/v2\/categories?post=702"},{"taxonomy":"post_tag","embeddable":true,"href":"https:\/\/bloggar.hemmetsjournal.se\/anna\/wp-json\/wp\/v2\/tags?post=702"}],"curies":[{"name":"wp","href":"https:\/\/api.w.org\/{rel}","templated":true}]}}