{"id":6284,"date":"2012-11-30T08:12:56","date_gmt":"2012-11-30T07:12:56","guid":{"rendered":"https:\/\/hj.ekmsandbox.se\/?p=6284"},"modified":"2012-11-30T08:12:56","modified_gmt":"2012-11-30T07:12:56","slug":"och-glutenfria-saffransrutor","status":"publish","type":"post","link":"https:\/\/bloggar.hemmetsjournal.se\/anna\/2012\/och-glutenfria-saffransrutor\/","title":{"rendered":"&#8230; och glutenfria saffransrutor!"},"content":{"rendered":"<figure id=\"attachment_6285\" aria-describedby=\"caption-attachment-6285\" style=\"width: 300px\" class=\"wp-caption alignleft\"><a href=\"https:\/\/bloggar.hemmetsjournal.se\/anna\/wp-content\/uploads\/sites\/2\/2012\/11\/Kjerstis-saffransrutor.jpg\"><img loading=\"lazy\" decoding=\"async\" class=\"size-medium wp-image-6285\" title=\"Kjerstis saffransrutor\" src=\"https:\/\/bloggar.hemmetsjournal.se\/anna\/wp-content\/uploads\/sites\/2\/2012\/11\/Kjerstis-saffransrutor-300x225.jpg\" alt=\"\" width=\"300\" height=\"225\" \/><\/a><figcaption id=\"caption-attachment-6285\" class=\"wp-caption-text\">Saffransrutor utan gluten och med mycket annat gott. Bild l\u00e5nad fr\u00e5n Kjerstis blogg.<\/figcaption><\/figure>\n<p>G\u00e5rdagens glutenfria saffranskaka bakar man i en vanlig sockerkaksform. Det g\u00e5r s\u00e4kert att g\u00f6ra l\u00e5ngpannerutor av en dubbel eller tredubbel sats &#8212; men s\u00e5 finns det ju andra saffransrutor ocks\u00e5. Kjersti skrev h\u00e4romdagen och ber\u00e4ttade om <a href=\"https:\/\/kjerstismatochprat.blogspot.se\/2012\/11\/glutenfria-langpannerutor-med.html\" target=\"_blank\">sitt nya recept<\/a>. Det verkar vara n\u00e5got alldeles s\u00e4rskilt! F\u00f6rutom saffran har hon lagt till lemon curd och Philadelphiaost. Ojojoj.<\/p>\n","protected":false},"excerpt":{"rendered":"<p>G\u00e5rdagens glutenfria saffranskaka bakar man i en vanlig sockerkaksform. Det g\u00e5r s\u00e4kert att g\u00f6ra l\u00e5ngpannerutor av en dubbel eller tredubbel sats &#8212; men s\u00e5 finns det ju andra saffransrutor ocks\u00e5. Kjersti skrev h\u00e4romdagen och ber\u00e4ttade om sitt nya recept. Det verkar vara n\u00e5got alldeles s\u00e4rskilt! F\u00f6rutom saffran har hon lagt till lemon curd och Philadelphiaost&#8230;.<\/p>\n","protected":false},"author":31,"featured_media":0,"comment_status":"open","ping_status":"open","sticky":false,"template":"","format":"standard","meta":{"site-sidebar-layout":"default","site-content-layout":"","ast-site-content-layout":"default","site-content-style":"default","site-sidebar-style":"default","ast-global-header-display":"","ast-banner-title-visibility":"","ast-main-header-display":"","ast-hfb-above-header-display":"","ast-hfb-below-header-display":"","ast-hfb-mobile-header-display":"","site-post-title":"","ast-breadcrumbs-content":"","ast-featured-img":"","footer-sml-layout":"","ast-disable-related-posts":"","theme-transparent-header-meta":"","adv-header-id-meta":"","stick-header-meta":"","header-above-stick-meta":"","header-main-stick-meta":"","header-below-stick-meta":"","astra-migrate-meta-layouts":"default","ast-page-background-enabled":"default","ast-page-background-meta":{"desktop":{"background-color":"var(--ast-global-color-4)","background-image":"","background-repeat":"repeat","background-position":"center center","background-size":"auto","background-attachment":"scroll","background-type":"","background-media":"","overlay-type":"","overlay-color":"","overlay-opacity":"","overlay-gradient":""},"tablet":{"background-color":"","background-image":"","background-repeat":"repeat","background-position":"center center","background-size":"auto","background-attachment":"scroll","background-type":"","background-media":"","overlay-type":"","overlay-color":"","overlay-opacity":"","overlay-gradient":""},"mobile":{"background-color":"","background-image":"","background-repeat":"repeat","background-position":"center center","background-size":"auto","background-attachment":"scroll","background-type":"","background-media":"","overlay-type":"","overlay-color":"","overlay-opacity":"","overlay-gradient":""}},"ast-content-background-meta":{"desktop":{"background-color":"var(--ast-global-color-5)","background-image":"","background-repeat":"repeat","background-position":"center center","background-size":"auto","background-attachment":"scroll","background-type":"","background-media":"","overlay-type":"","overlay-color":"","overlay-opacity":"","overlay-gradient":""},"tablet":{"background-color":"var(--ast-global-color-5)","background-image":"","background-repeat":"repeat","background-position":"center center","background-size":"auto","background-attachment":"scroll","background-type":"","background-media":"","overlay-type":"","overlay-color":"","overlay-opacity":"","overlay-gradient":""},"mobile":{"background-color":"var(--ast-global-color-5)","background-image":"","background-repeat":"repeat","background-position":"center center","background-size":"auto","background-attachment":"scroll","background-type":"","background-media":"","overlay-type":"","overlay-color":"","overlay-opacity":"","overlay-gradient":""}},"footnotes":""},"categories":[358,361,348],"tags":[],"class_list":["post-6284","post","type-post","status-publish","format-standard","hentry","category-glutenfritt","category-langpannerecept","category-recept"],"_links":{"self":[{"href":"https:\/\/bloggar.hemmetsjournal.se\/anna\/wp-json\/wp\/v2\/posts\/6284"}],"collection":[{"href":"https:\/\/bloggar.hemmetsjournal.se\/anna\/wp-json\/wp\/v2\/posts"}],"about":[{"href":"https:\/\/bloggar.hemmetsjournal.se\/anna\/wp-json\/wp\/v2\/types\/post"}],"author":[{"embeddable":true,"href":"https:\/\/bloggar.hemmetsjournal.se\/anna\/wp-json\/wp\/v2\/users\/31"}],"replies":[{"embeddable":true,"href":"https:\/\/bloggar.hemmetsjournal.se\/anna\/wp-json\/wp\/v2\/comments?post=6284"}],"version-history":[{"count":0,"href":"https:\/\/bloggar.hemmetsjournal.se\/anna\/wp-json\/wp\/v2\/posts\/6284\/revisions"}],"wp:attachment":[{"href":"https:\/\/bloggar.hemmetsjournal.se\/anna\/wp-json\/wp\/v2\/media?parent=6284"}],"wp:term":[{"taxonomy":"category","embeddable":true,"href":"https:\/\/bloggar.hemmetsjournal.se\/anna\/wp-json\/wp\/v2\/categories?post=6284"},{"taxonomy":"post_tag","embeddable":true,"href":"https:\/\/bloggar.hemmetsjournal.se\/anna\/wp-json\/wp\/v2\/tags?post=6284"}],"curies":[{"name":"wp","href":"https:\/\/api.w.org\/{rel}","templated":true}]}}