{"id":5130,"date":"2012-12-25T07:03:52","date_gmt":"2012-12-25T06:03:52","guid":{"rendered":"https:\/\/hj.ekmsandbox.se\/?p=5130"},"modified":"2012-12-25T07:03:52","modified_gmt":"2012-12-25T06:03:52","slug":"pa-betlehems-angar","status":"publish","type":"post","link":"https:\/\/bloggar.hemmetsjournal.se\/anna\/2012\/pa-betlehems-angar\/","title":{"rendered":"P\u00e5 Betlehems \u00e4ngar"},"content":{"rendered":"<p>Kyrkkaffebloggen firar juldagen med ytterligare en liten ber\u00e4ttelse, s\u00e4rskilt till\u00e4gnad alla kyrkok\u00f6rer och kantorer och organister som har arbetat s\u00e5 intensivt de senaste m\u00e5naderna!<\/p>\n<p>L\u00e4s de tidigare julnovellerna <a href=\"https:\/\/bloggar.hemmetsjournal.se\/?p=5128\" target=\"_blank\">h\u00e4r <\/a>och <a href=\"https:\/\/bloggar.hemmetsjournal.se\/?p=5126\" target=\"_blank\">h\u00e4r<\/a>.<\/p>\n<p>***<\/p>\n<p>P\u00e5 Betlehems \u00e4ngar st\u00e5r en kantor och biter sig i l\u00e4ppen.<\/p>\n<p>Det har han gjort ganska m\u00e5nga g\u00e5nger de senaste m\u00e5naderna \u2013 n\u00e5gra g\u00e5nger har han skrattat inemellan, inte m\u00e5nga \u2013 men nu biter han h\u00e5rt, h\u00e5rt och h\u00f6r sedan pl\u00f6tsligt sin egen r\u00f6st i ett tonl\u00e4ge ingen visste att han hade:<\/p>\n<p>\u2013 Men sn\u00e4lla ni, vad \u00e4r det som \u00e4r s\u00e5 om\u00f6jligt?<\/p>\n<p>Fjorton ansikten dyker ner bakom noterna, och ett efter ett tittar fjorton \u00f6gonpar upp, l\u00e5ngsamt, l\u00e5ngsamt, sneglar p\u00e5 varandra, huvuden nickar om\u00e4rkligt, skakar n\u00e4stan utan att det syns.<!--more--><\/p>\n<p>Kantorn grips av en sl\u00e4ng d\u00e5ligt samvete, men nu \u00e4r han s\u00e5 djupt ner i sin f\u00f6rtvivlan att han inte kan h\u00e5lla n\u00e5got tillbaka.<\/p>\n<p>\u2013 Jag menar, varf\u00f6r g\u00e5r det inte? I h\u00f6stas n\u00e4r vi hade arbetat med Halleluja-k\u00f6ren i tre m\u00e5nader b\u00f6rjade Maud gr\u00e5ta och sa att det aldrig skulle g\u00e5. Och s\u00e5 h\u00f6ll ni med allihop! Klart ni hade r\u00e4tt, det gick ju inte. N\u00e4h\u00e4, sa jag, d\u00e5 skippar vi den d\u00e5. \u2013 Och jag som alltid har f\u00e5tt h\u00f6ra att allt g\u00e5r med mycket \u00f6vning! Struntprat! Inte med er! Ni ska bara veta vad de d\u00e4r noterna kostade. Tur f\u00f6r er att jag hann avbest\u00e4lla orkestern! Va? \u2013 Nu fick ni\u00a0 som ni ville, Louise kommer och spelar en \u00f6verst\u00e4mma p\u00e5 fl\u00f6jt, vi ska bara sjunga \u201dN\u00e4r juldagsmorgon glimmar\u201d, jag avskyr den men vi ska sjunga den f\u00f6rst\u00e5s f\u00f6r ni kan den redan, det blir v\u00e4l j\u00e4ttebra. Eller? Och s\u00e5 l\u00e5ter det s\u00e5h\u00e4r! Vad ska jag g\u00f6ra? Va?<\/p>\n<p>En av k\u00f6rmedlemmarna b\u00f6rjar resa p\u00e5 sig, plockar med sin kasse, sl\u00e4tar till kjolen och borstar bort lite Betlehemsgr\u00e4s, men n\u00e4r hon ser hur k\u00f6rens ordf\u00f6rande tittar p\u00e5 henne rodnar hon och s\u00e4tter sig raskt ner i gr\u00e4set igen.<\/p>\n<p>I n\u00e4rheten sk\u00e4ller en vallhund, och emellan\u00e5t br\u00e4ker n\u00e5gra f\u00e5r.<\/p>\n<p>\u2013 H\u00f6r ni, lyssna bara p\u00e5 detta: \u201dOch pl\u00f6tsligt var d\u00e4r tillsammans med \u00e4ngeln en liten fjuttig kyrkok\u00f6r som sj\u00f6ng \u2019N\u00e4r juldagsmorgon glimmar\u2019.\u201d Va? \u00c4r det n\u00e5got att fira Jesu f\u00f6delse med tycker ni? N\u00e4r det skulle ha varit en stor h\u00e4r av \u00e4nglar?<\/p>\n<p>\u2013 Jamen du vet ju att vi g\u00f6r s\u00e5 gott vi kan, s\u00e4ger Rune.<\/p>\n<p>Han \u00e4r k\u00f6rens \u00e4ldste medlem och den av tenorerna som \u00e4r b\u00e4st p\u00e5 att l\u00e4sa noter.<\/p>\n<p>\u2013 G\u00f6r s\u00e5 gott vi kan, \u00e4r ni inte kloka, f\u00f6rst\u00e5r ni inte att detta g\u00e4ller stora saker? Det \u00e4r Jesus som ska f\u00f6das h\u00e4r p\u00e5 jorden, det \u00e4r bara en liten stund kvar s\u00e5 \u00e4r han h\u00e4r!<\/p>\n<p>\u2013 Du minns v\u00e4l att vi bara var elva i h\u00f6stas n\u00e4r vi b\u00f6rjade? f\u00f6rs\u00f6ker Iris och h\u00e5ller h\u00e5rt i kaffekorgen som dagen till \u00e4ra inneh\u00e5ller b\u00e5de frallor med ost och paprika och chokladrutor till alla. Camilla och Jesper och Maggan \u00e4r nya, och det \u00e4r de som sjunger b\u00e4st, det har du ju sj\u00e4lv sagt. \u00c4r inte det bra? Att vi har blivit s\u00e5 mycket b\u00e4ttre menar jag?<\/p>\n<p>Men nu gr\u00e5ter kantorn, och n\u00e4r ett f\u00f6rirrat f\u00e5r buffar honom i kn\u00e4vecket s\u00e4tter han sig pladask. Det tar ett tag innan han \u00e5terh\u00e4mtat sig s\u00e5 pass att han kan b\u00f6rja leta efter n\u00e4sduken. Efter en stund v\u00e5gar han titta upp, och d\u00e5 sitter hela kyrkok\u00f6ren runt honom.<\/p>\n<p>\u2013 H\u00f6rni, sn\u00f6rvlar han, jag vill ju bara att vi ska vara \u00e4nglak\u00f6ren, det \u00e4r v\u00e4l inte s\u00e5 konstigt?<\/p>\n<p>Utan att n\u00e5gon f\u00f6rstod hur det gick till \u00e4r hela k\u00f6ren omgiven av f\u00e5r, och n\u00e4r en herde kommer emot dess lilla rundel mitt p\u00e5 \u00e4ngen \u00e4r k\u00f6rrepetitionen definitivt \u00f6ver. Maggan bjuder ett lamm p\u00e5 chokladruta, Iris h\u00e4ller upp gl\u00f6gg \u00e5t herden, kantorn f\u00f6rs\u00f6ker torka sig i ansiktet men blir hindrad av en v\u00e4nlig tacka som vill slicka just d\u00e4r och Rune diskuterar ullpriserna med en herdepojke.<\/p>\n<p>D\u00e5 st\u00e5r Herrens \u00e4ngel framf\u00f6r dem, och Herrens h\u00e4rlighet lyser omkring dem, och de grips alla av stor f\u00f6rf\u00e4ran, alla utom Camilla som nyss har haft den h\u00e4r lektionen med sin s\u00f6ndagsskoleklass. Men \u00e4ngeln s\u00e4ger till dem:<\/p>\n<p>\u2013 Var inte r\u00e4dda. Jag b\u00e4r bud till er om en stor gl\u00e4dje, en gl\u00e4dje f\u00f6r hela folket. Idag har en fr\u00e4lsare f\u00f6tts \u00e5t er i Davids stad, han \u00e4r Messias, Herren. Och detta \u00e4r tecknet f\u00f6r er: ni skall finna ett nyf\u00f6tt barn som \u00e4r lindat och ligger i en krubba.<\/p>\n<p>Och pl\u00f6tsligt \u00e4r d\u00e4r tillsammans med \u00e4ngeln en stor himmelsk h\u00e4r som prisar Gud:<\/p>\n<p>\u2013 \u00c4ra i h\u00f6jden \u00e5t Gud och p\u00e5 jorden fred \u00e5t dem han har utvalt!<\/p>\n<p>Kantorn suckar.<\/p>\n<p>\u2013 Det var d\u00e4r vi skulle ha varit med! Fattar ni nu?<\/p>\n<p>Men n\u00e4r \u00e4nglarna har farit ifr\u00e5n dem upp till himlen s\u00e4ger herdarna till kantorn och hans k\u00f6r:<\/p>\n<p>\u2013 L\u00e5t oss g\u00e5 in till Betlehem och se det som har h\u00e4nt och som Herren har l\u00e5tit oss veta!<\/p>\n<p>S\u00e5 mitt i en skock herdar och f\u00e5r, vallade av den gamla vallhunden Trix och hennes yngre kollega Ponken, finner sig Maggan, Iris, Rune, deras dirigent och resten av k\u00f6ren vara p\u00e5 v\u00e4g till Betlehem.<\/p>\n<p>\u2013 V\u00e4nta lite, s\u00e4ger Susanna som \u00e4r yngst i k\u00f6ren, ska vi inte l\u00e4ra herdarna st\u00e4mmorna till tredje versen p\u00e5 s\u00e5ngen?<\/p>\n<p>Det visar sig att Louise har anslutit utan att n\u00e5gon har m\u00e4rkt det, och hon \u00f6verl\u00e5ter raskt halva sitt solo \u00e5t chefsherdens son, som har en fl\u00f6jt i sin r\u00e4nsel.<\/p>\n<p>Framme hos Josef och Maria ger kantorn tecken, och pl\u00f6tsligt st\u00e4mmer allt \u2013 basarna klarar till och med sitt fiss p\u00e5 fj\u00e4rde raden, fast\u00e4n de inte har pianokomp.<\/p>\n<p>N\u00e4r alla har sett barnet i krubban ber\u00e4ttar de vad \u00e4nglarna har sagt till dem, och alla som h\u00f6r det h\u00e4pnar. Maria tar allt till sitt hj\u00e4rta och begrundar det.<\/p>\n<p>Sedan ber\u00e4ttar kantorn om vad som h\u00e4nde precis innan \u00e4nglarna kom, och Iris klappar honom p\u00e5 handen och Rune snyter sig och Bertil harklar sig och Maria nickar.<\/p>\n<p>\u2013 Du f\u00f6rst\u00e5r, s\u00e4ger kantorn till Josef, jag ville ju att vi skulle vara som \u00e4nglarna, men de \u00e5kte upp till himlen igen, bara tjoff s\u00e5d\u00e4r. De fick aldrig se Jesusbarnet. Och s\u00e4ga vad man vill, jag tyckte kanske inte att deras diktion var helt perfekt, det ska vara rullande \u201dr\u201d i \u201d\u00e4ra\u201d och \u201dfred\u201d, men i alla fall, det var ju b\u00e4ttre att komma hit, man ska tydligen inte vara \u00e4ngel utan herde. Jag tror vi tar samma s\u00e5ng n\u00e4sta \u00e5r, va?<\/p>\n<p>\u2013 Det blir v\u00e4l bra, s\u00e4ger Maria och klappar Jesusbarnet p\u00e5 kinden.<\/p>\n<p>\u2013 Men visst kan vi v\u00e4l f\u00f6rs\u00f6ka med Halleluja-k\u00f6ren igen, om ni vill? s\u00e4ger Maud.<\/p>\n","protected":false},"excerpt":{"rendered":"<p>Kyrkkaffebloggen firar juldagen med ytterligare en liten ber\u00e4ttelse, s\u00e4rskilt till\u00e4gnad alla kyrkok\u00f6rer och kantorer och organister som har arbetat s\u00e5 intensivt de senaste m\u00e5naderna! L\u00e4s de tidigare julnovellerna h\u00e4r och h\u00e4r. *** P\u00e5 Betlehems \u00e4ngar st\u00e5r en kantor och biter sig i l\u00e4ppen. Det har han gjort ganska m\u00e5nga g\u00e5nger de senaste m\u00e5naderna \u2013 n\u00e5gra&#8230;<\/p>\n","protected":false},"author":31,"featured_media":0,"comment_status":"open","ping_status":"open","sticky":false,"template":"","format":"standard","meta":{"site-sidebar-layout":"default","site-content-layout":"","ast-site-content-layout":"default","site-content-style":"default","site-sidebar-style":"default","ast-global-header-display":"","ast-banner-title-visibility":"","ast-main-header-display":"","ast-hfb-above-header-display":"","ast-hfb-below-header-display":"","ast-hfb-mobile-header-display":"","site-post-title":"","ast-breadcrumbs-content":"","ast-featured-img":"","footer-sml-layout":"","ast-disable-related-posts":"","theme-transparent-header-meta":"","adv-header-id-meta":"","stick-header-meta":"","header-above-stick-meta":"","header-main-stick-meta":"","header-below-stick-meta":"","astra-migrate-meta-layouts":"default","ast-page-background-enabled":"default","ast-page-background-meta":{"desktop":{"background-color":"var(--ast-global-color-4)","background-image":"","background-repeat":"repeat","background-position":"center center","background-size":"auto","background-attachment":"scroll","background-type":"","background-media":"","overlay-type":"","overlay-color":"","overlay-opacity":"","overlay-gradient":""},"tablet":{"background-color":"","background-image":"","background-repeat":"repeat","background-position":"center center","background-size":"auto","background-attachment":"scroll","background-type":"","background-media":"","overlay-type":"","overlay-color":"","overlay-opacity":"","overlay-gradient":""},"mobile":{"background-color":"","background-image":"","background-repeat":"repeat","background-position":"center center","background-size":"auto","background-attachment":"scroll","background-type":"","background-media":"","overlay-type":"","overlay-color":"","overlay-opacity":"","overlay-gradient":""}},"ast-content-background-meta":{"desktop":{"background-color":"var(--ast-global-color-5)","background-image":"","background-repeat":"repeat","background-position":"center center","background-size":"auto","background-attachment":"scroll","background-type":"","background-media":"","overlay-type":"","overlay-color":"","overlay-opacity":"","overlay-gradient":""},"tablet":{"background-color":"var(--ast-global-color-5)","background-image":"","background-repeat":"repeat","background-position":"center center","background-size":"auto","background-attachment":"scroll","background-type":"","background-media":"","overlay-type":"","overlay-color":"","overlay-opacity":"","overlay-gradient":""},"mobile":{"background-color":"var(--ast-global-color-5)","background-image":"","background-repeat":"repeat","background-position":"center center","background-size":"auto","background-attachment":"scroll","background-type":"","background-media":"","overlay-type":"","overlay-color":"","overlay-opacity":"","overlay-gradient":""}},"footnotes":""},"categories":[344],"tags":[],"class_list":["post-5130","post","type-post","status-publish","format-standard","hentry","category-kyrkkaffeprat"],"_links":{"self":[{"href":"https:\/\/bloggar.hemmetsjournal.se\/anna\/wp-json\/wp\/v2\/posts\/5130"}],"collection":[{"href":"https:\/\/bloggar.hemmetsjournal.se\/anna\/wp-json\/wp\/v2\/posts"}],"about":[{"href":"https:\/\/bloggar.hemmetsjournal.se\/anna\/wp-json\/wp\/v2\/types\/post"}],"author":[{"embeddable":true,"href":"https:\/\/bloggar.hemmetsjournal.se\/anna\/wp-json\/wp\/v2\/users\/31"}],"replies":[{"embeddable":true,"href":"https:\/\/bloggar.hemmetsjournal.se\/anna\/wp-json\/wp\/v2\/comments?post=5130"}],"version-history":[{"count":0,"href":"https:\/\/bloggar.hemmetsjournal.se\/anna\/wp-json\/wp\/v2\/posts\/5130\/revisions"}],"wp:attachment":[{"href":"https:\/\/bloggar.hemmetsjournal.se\/anna\/wp-json\/wp\/v2\/media?parent=5130"}],"wp:term":[{"taxonomy":"category","embeddable":true,"href":"https:\/\/bloggar.hemmetsjournal.se\/anna\/wp-json\/wp\/v2\/categories?post=5130"},{"taxonomy":"post_tag","embeddable":true,"href":"https:\/\/bloggar.hemmetsjournal.se\/anna\/wp-json\/wp\/v2\/tags?post=5130"}],"curies":[{"name":"wp","href":"https:\/\/api.w.org\/{rel}","templated":true}]}}