{"id":4224,"date":"2012-03-15T07:31:25","date_gmt":"2012-03-15T06:31:25","guid":{"rendered":"https:\/\/hj.ekmsandbox.se\/?p=4224"},"modified":"2012-03-15T07:31:25","modified_gmt":"2012-03-15T06:31:25","slug":"stickning-pa-allmanna-platser","status":"publish","type":"post","link":"https:\/\/bloggar.hemmetsjournal.se\/anna\/2012\/stickning-pa-allmanna-platser\/","title":{"rendered":"Stickning p\u00e5 allm\u00e4nna platser"},"content":{"rendered":"<figure id=\"attachment_4225\" aria-describedby=\"caption-attachment-4225\" style=\"width: 300px\" class=\"wp-caption alignleft\"><a href=\"https:\/\/bloggar.hemmetsjournal.se\/anna\/wp-content\/uploads\/sites\/2\/2012\/03\/garn-och-stickor.jpg\"><img loading=\"lazy\" decoding=\"async\" class=\"size-medium wp-image-4225\" title=\"garn och stickor\" src=\"https:\/\/bloggar.hemmetsjournal.se\/anna\/wp-content\/uploads\/sites\/2\/2012\/03\/garn-och-stickor-300x199.jpg\" alt=\"\" width=\"300\" height=\"199\" \/><\/a><figcaption id=\"caption-attachment-4225\" class=\"wp-caption-text\">Pratstartare. Foto: Magnus Aronson<\/figcaption><\/figure>\n<p>Egentligen hade jag t\u00e4nkt skriva om pajer idag, men det kan ju v\u00e4nta till en annan g\u00e5ng.<\/p>\n<p>F\u00f6r i l\u00f6rdags p\u00e5 t\u00e5get upp till dopkalaset (en norsk v\u00e4n p\u00e5pekade att p\u00e5 norska betyder dopkalas knarkfest. N\u00e5, men det var ett svenskt dopkalas jag var p\u00e5 &#8212; inget starkare \u00e4n kaffe fanns att f\u00e5!) kom en man och delade ut enk\u00e4ter, och n\u00e4r han s\u00e5g min stickning blev han s\u00e5 glad och sa att han hade arbetat med enk\u00e4ter p\u00e5 t\u00e5g i fem \u00e5r, och f\u00f6r n\u00e5gra m\u00e5nader sedan hade han f\u00f6r f\u00f6rsta g\u00e5ngen sett en som satt och stickade ombord p\u00e5 t\u00e5get, och nu s\u00e5g han ofta flera om dagen, och det tyckte han var s\u00e5 roligt.<\/p>\n<p>Och idag vid halv sju satt jag p\u00e5 Stockholms Central en stund, och eftersom det var f\u00f6r b\u00f6kigt att ta upp datorn tog jag upp en stickning igen (inte samma som i l\u00f6rdags &#8212; jag stickar bara pyttesm\u00e5 och enkla saker, s\u00e5 de blir fort f\u00e4rdiga). D\u00e5 kom en man och satte sig bredvid mig och ber\u00e4ttade att hans mamma hade stickat n\u00e4r han var liten. M\u00f6ssor mest, och en tr\u00f6ja till hans pappa. Han sa att han tyckte om att titta p\u00e5 n\u00e4r hon stickade. Men han hade aldrig hunnit l\u00e4ra sig, f\u00f6r n\u00e4r han var kanske \u00e5tta hade hon blivit psykiskt sjuk och mycket f\u00f6rvirrad. Hon b\u00f6rjade f\u00f6rsvinna hemifr\u00e5n, och han tog tag i min handled f\u00f6r att visa hur han hade tagit tag i hennes handled n\u00e4r hon var p\u00e5 v\u00e4g att resa sig och g\u00e5 n\u00e5gonstans. Hans pappa som var l\u00e4kare hade f\u00f6rs\u00f6kt ordna behandling och mediciner, men det hj\u00e4lpte bara lite. N\u00e4r han var tio f\u00f6rsvann mamman i flera dagar, och efter ett tag var det n\u00e5gon som h\u00f6rde av sig och sa att hon var d\u00f6d.<\/p>\n<p>Och allt det h\u00e4r h\u00e4nde i Somalia, d\u00e4r det var krig, och pappan kom fr\u00e5n s\u00f6dra Somalia, och mamman fr\u00e5n norra, s\u00e5 jag fick h\u00f6ra ganska mycket om kriget ocks\u00e5.<\/p>\n<p>Och sedan blev klockan sju och jag gick till mitt t\u00e5g.<\/p>\n<p>Och t\u00e4nkte: man borde sticka p\u00e5 allm\u00e4nna platser lite oftare!<\/p>\n<p>N\u00e5gon annan som har stickat och pl\u00f6tsligt befunnit sig i ett osannolikt samtal?<\/p>\n<p>P.S. Jag s\u00e4ger bara: Moheda bibliotek ig\u00e5rkv\u00e4ll! Fullt med underbara m\u00e4nniskor och roliga saker att prata om! Och\u00a0gott fika ocks\u00e5 f\u00f6rst\u00e5s.\u00a0\u00a0En rolig detalj var att jag stod precis framf\u00f6r hyllan med <a href=\"https:\/\/www.adlibris.com\/se\/product.aspx?isbn=917337203X\" target=\"_blank\"><em>Guernseys litteratur- och potatisskalspajs\u00e4llskap<\/em> <\/a>n\u00e4r jag pratade, och det blev l\u00e5nek\u00f6 p\u00e5 den efter\u00e5t. Tack Inga och Mimmi som hade ordnat allting s\u00e5 fint! D.S.<\/p>\n","protected":false},"excerpt":{"rendered":"<p>Egentligen hade jag t\u00e4nkt skriva om pajer idag, men det kan ju v\u00e4nta till en annan g\u00e5ng. F\u00f6r i l\u00f6rdags p\u00e5 t\u00e5get upp till dopkalaset (en norsk v\u00e4n p\u00e5pekade att p\u00e5 norska betyder dopkalas knarkfest. N\u00e5, men det var ett svenskt dopkalas jag var p\u00e5 &#8212; inget starkare \u00e4n kaffe fanns att f\u00e5!) kom en&#8230;<\/p>\n","protected":false},"author":31,"featured_media":0,"comment_status":"open","ping_status":"open","sticky":false,"template":"","format":"standard","meta":{"site-sidebar-layout":"default","site-content-layout":"","ast-site-content-layout":"default","site-content-style":"default","site-sidebar-style":"default","ast-global-header-display":"","ast-banner-title-visibility":"","ast-main-header-display":"","ast-hfb-above-header-display":"","ast-hfb-below-header-display":"","ast-hfb-mobile-header-display":"","site-post-title":"","ast-breadcrumbs-content":"","ast-featured-img":"","footer-sml-layout":"","ast-disable-related-posts":"","theme-transparent-header-meta":"","adv-header-id-meta":"","stick-header-meta":"","header-above-stick-meta":"","header-main-stick-meta":"","header-below-stick-meta":"","astra-migrate-meta-layouts":"default","ast-page-background-enabled":"default","ast-page-background-meta":{"desktop":{"background-color":"var(--ast-global-color-4)","background-image":"","background-repeat":"repeat","background-position":"center center","background-size":"auto","background-attachment":"scroll","background-type":"","background-media":"","overlay-type":"","overlay-color":"","overlay-opacity":"","overlay-gradient":""},"tablet":{"background-color":"","background-image":"","background-repeat":"repeat","background-position":"center center","background-size":"auto","background-attachment":"scroll","background-type":"","background-media":"","overlay-type":"","overlay-color":"","overlay-opacity":"","overlay-gradient":""},"mobile":{"background-color":"","background-image":"","background-repeat":"repeat","background-position":"center center","background-size":"auto","background-attachment":"scroll","background-type":"","background-media":"","overlay-type":"","overlay-color":"","overlay-opacity":"","overlay-gradient":""}},"ast-content-background-meta":{"desktop":{"background-color":"var(--ast-global-color-5)","background-image":"","background-repeat":"repeat","background-position":"center center","background-size":"auto","background-attachment":"scroll","background-type":"","background-media":"","overlay-type":"","overlay-color":"","overlay-opacity":"","overlay-gradient":""},"tablet":{"background-color":"var(--ast-global-color-5)","background-image":"","background-repeat":"repeat","background-position":"center center","background-size":"auto","background-attachment":"scroll","background-type":"","background-media":"","overlay-type":"","overlay-color":"","overlay-opacity":"","overlay-gradient":""},"mobile":{"background-color":"var(--ast-global-color-5)","background-image":"","background-repeat":"repeat","background-position":"center center","background-size":"auto","background-attachment":"scroll","background-type":"","background-media":"","overlay-type":"","overlay-color":"","overlay-opacity":"","overlay-gradient":""}},"footnotes":""},"categories":[344,1],"tags":[],"class_list":["post-4224","post","type-post","status-publish","format-standard","hentry","category-kyrkkaffeprat","category-uncategorized"],"_links":{"self":[{"href":"https:\/\/bloggar.hemmetsjournal.se\/anna\/wp-json\/wp\/v2\/posts\/4224"}],"collection":[{"href":"https:\/\/bloggar.hemmetsjournal.se\/anna\/wp-json\/wp\/v2\/posts"}],"about":[{"href":"https:\/\/bloggar.hemmetsjournal.se\/anna\/wp-json\/wp\/v2\/types\/post"}],"author":[{"embeddable":true,"href":"https:\/\/bloggar.hemmetsjournal.se\/anna\/wp-json\/wp\/v2\/users\/31"}],"replies":[{"embeddable":true,"href":"https:\/\/bloggar.hemmetsjournal.se\/anna\/wp-json\/wp\/v2\/comments?post=4224"}],"version-history":[{"count":0,"href":"https:\/\/bloggar.hemmetsjournal.se\/anna\/wp-json\/wp\/v2\/posts\/4224\/revisions"}],"wp:attachment":[{"href":"https:\/\/bloggar.hemmetsjournal.se\/anna\/wp-json\/wp\/v2\/media?parent=4224"}],"wp:term":[{"taxonomy":"category","embeddable":true,"href":"https:\/\/bloggar.hemmetsjournal.se\/anna\/wp-json\/wp\/v2\/categories?post=4224"},{"taxonomy":"post_tag","embeddable":true,"href":"https:\/\/bloggar.hemmetsjournal.se\/anna\/wp-json\/wp\/v2\/tags?post=4224"}],"curies":[{"name":"wp","href":"https:\/\/api.w.org\/{rel}","templated":true}]}}