{"id":4214,"date":"2012-03-13T09:50:26","date_gmt":"2012-03-13T08:50:26","guid":{"rendered":"https:\/\/hj.ekmsandbox.se\/?p=4214"},"modified":"2012-03-13T09:50:26","modified_gmt":"2012-03-13T08:50:26","slug":"mossor-till-nepal","status":"publish","type":"post","link":"https:\/\/bloggar.hemmetsjournal.se\/anna\/2012\/mossor-till-nepal\/","title":{"rendered":"M\u00f6ssor till Nepal"},"content":{"rendered":"<p>&nbsp;<\/p>\n<div>\n<div>\n<figure id=\"attachment_4215\" aria-describedby=\"caption-attachment-4215\" style=\"width: 225px\" class=\"wp-caption alignleft\"><a href=\"https:\/\/bloggar.hemmetsjournal.se\/anna\/wp-content\/uploads\/sites\/2\/2012\/03\/Nepal-2-liten.jpg\"><img loading=\"lazy\" decoding=\"async\" class=\"size-medium wp-image-4215\" title=\"Nepal 2 liten\" src=\"https:\/\/bloggar.hemmetsjournal.se\/anna\/wp-content\/uploads\/sites\/2\/2012\/03\/Nepal-2-liten-225x300.jpg\" alt=\"\" width=\"225\" height=\"300\" \/><\/a><figcaption id=\"caption-attachment-4215\" class=\"wp-caption-text\">Snart med egen m\u00f6ssa -- om vi \u00e4r med och hj\u00e4lper till. Foto: Eva Marklund<\/figcaption><\/figure>\n<p>Nu \u00e4r det ganska snabba ryck. En h\u00e4lsning fr\u00e5n Eva Marklund:<\/p>\n<div>\n<div><em>Hej!<\/em><\/div>\n<div><em>Nu kan vi skicka m\u00f6ssor till Nepal med en kollega som \u00e5ker den 12 april.<\/em><\/div>\n<div><em>D\u00e5 m\u00e5ste jag ju ha dem hem till mig n\u00e5gra dagar innan dess.<\/em><\/div>\n<div><em>Adress: Eva Marklund, Brickebergsv\u00e4gen 57, 70221 \u00d6rebro<\/em><\/div>\n<div><em>H\u00e4lsningar Eva<\/em><\/div>\n<div>\u00a0<\/div>\n<div>Hinner ni? Hoppas det! Och tack p\u00e5 f\u00f6rhand allihop!<\/div>\n<\/div>\n<\/div>\n<\/div>\n","protected":false},"excerpt":{"rendered":"<p>&nbsp; Nu \u00e4r det ganska snabba ryck. En h\u00e4lsning fr\u00e5n Eva Marklund: Hej! Nu kan vi skicka m\u00f6ssor till Nepal med en kollega som \u00e5ker den 12 april. D\u00e5 m\u00e5ste jag ju ha dem hem till mig n\u00e5gra dagar innan dess. Adress: Eva Marklund, Brickebergsv\u00e4gen 57, 70221 \u00d6rebro H\u00e4lsningar Eva \u00a0 Hinner ni? Hoppas det!&#8230;<\/p>\n","protected":false},"author":31,"featured_media":0,"comment_status":"open","ping_status":"open","sticky":false,"template":"","format":"standard","meta":{"site-sidebar-layout":"default","site-content-layout":"","ast-site-content-layout":"default","site-content-style":"default","site-sidebar-style":"default","ast-global-header-display":"","ast-banner-title-visibility":"","ast-main-header-display":"","ast-hfb-above-header-display":"","ast-hfb-below-header-display":"","ast-hfb-mobile-header-display":"","site-post-title":"","ast-breadcrumbs-content":"","ast-featured-img":"","footer-sml-layout":"","ast-disable-related-posts":"","theme-transparent-header-meta":"","adv-header-id-meta":"","stick-header-meta":"","header-above-stick-meta":"","header-main-stick-meta":"","header-below-stick-meta":"","astra-migrate-meta-layouts":"default","ast-page-background-enabled":"default","ast-page-background-meta":{"desktop":{"background-color":"var(--ast-global-color-4)","background-image":"","background-repeat":"repeat","background-position":"center center","background-size":"auto","background-attachment":"scroll","background-type":"","background-media":"","overlay-type":"","overlay-color":"","overlay-opacity":"","overlay-gradient":""},"tablet":{"background-color":"","background-image":"","background-repeat":"repeat","background-position":"center center","background-size":"auto","background-attachment":"scroll","background-type":"","background-media":"","overlay-type":"","overlay-color":"","overlay-opacity":"","overlay-gradient":""},"mobile":{"background-color":"","background-image":"","background-repeat":"repeat","background-position":"center center","background-size":"auto","background-attachment":"scroll","background-type":"","background-media":"","overlay-type":"","overlay-color":"","overlay-opacity":"","overlay-gradient":""}},"ast-content-background-meta":{"desktop":{"background-color":"var(--ast-global-color-5)","background-image":"","background-repeat":"repeat","background-position":"center center","background-size":"auto","background-attachment":"scroll","background-type":"","background-media":"","overlay-type":"","overlay-color":"","overlay-opacity":"","overlay-gradient":""},"tablet":{"background-color":"var(--ast-global-color-5)","background-image":"","background-repeat":"repeat","background-position":"center center","background-size":"auto","background-attachment":"scroll","background-type":"","background-media":"","overlay-type":"","overlay-color":"","overlay-opacity":"","overlay-gradient":""},"mobile":{"background-color":"var(--ast-global-color-5)","background-image":"","background-repeat":"repeat","background-position":"center center","background-size":"auto","background-attachment":"scroll","background-type":"","background-media":"","overlay-type":"","overlay-color":"","overlay-opacity":"","overlay-gradient":""}},"footnotes":""},"categories":[342,349,1],"tags":[],"class_list":["post-4214","post","type-post","status-publish","format-standard","hentry","category-karlek-nal-och-trad","category-varma-liten-insamling-till-kongo","category-uncategorized"],"_links":{"self":[{"href":"https:\/\/bloggar.hemmetsjournal.se\/anna\/wp-json\/wp\/v2\/posts\/4214"}],"collection":[{"href":"https:\/\/bloggar.hemmetsjournal.se\/anna\/wp-json\/wp\/v2\/posts"}],"about":[{"href":"https:\/\/bloggar.hemmetsjournal.se\/anna\/wp-json\/wp\/v2\/types\/post"}],"author":[{"embeddable":true,"href":"https:\/\/bloggar.hemmetsjournal.se\/anna\/wp-json\/wp\/v2\/users\/31"}],"replies":[{"embeddable":true,"href":"https:\/\/bloggar.hemmetsjournal.se\/anna\/wp-json\/wp\/v2\/comments?post=4214"}],"version-history":[{"count":0,"href":"https:\/\/bloggar.hemmetsjournal.se\/anna\/wp-json\/wp\/v2\/posts\/4214\/revisions"}],"wp:attachment":[{"href":"https:\/\/bloggar.hemmetsjournal.se\/anna\/wp-json\/wp\/v2\/media?parent=4214"}],"wp:term":[{"taxonomy":"category","embeddable":true,"href":"https:\/\/bloggar.hemmetsjournal.se\/anna\/wp-json\/wp\/v2\/categories?post=4214"},{"taxonomy":"post_tag","embeddable":true,"href":"https:\/\/bloggar.hemmetsjournal.se\/anna\/wp-json\/wp\/v2\/tags?post=4214"}],"curies":[{"name":"wp","href":"https:\/\/api.w.org\/{rel}","templated":true}]}}