{"id":20709,"date":"2026-09-05T10:56:48","date_gmt":"2026-09-05T08:56:48","guid":{"rendered":"https:\/\/bloggar.hemmetsjournal.se\/anna\/?p=20709"},"modified":"2026-09-05T10:56:48","modified_gmt":"2026-09-05T08:56:48","slug":"kaffehistoria","status":"publish","type":"post","link":"https:\/\/bloggar.hemmetsjournal.se\/anna\/2026\/kaffehistoria\/","title":{"rendered":"Kaffehistoria"},"content":{"rendered":"\n<p class=\"wp-block-paragraph\">N\u00e4sta helg \u00e5ker jag till Paris f\u00f6r att vara med under Sofiaf\u00f6rsamlingens jubileumshelg &#8212; 400 \u00e5r, det m\u00e5ste man ju fira!<\/p>\n\n\n\n<figure class=\"wp-block-image size-large\"><img loading=\"lazy\" decoding=\"async\" width=\"884\" height=\"1024\" src=\"https:\/\/bloggar.hemmetsjournal.se\/anna\/wp-content\/uploads\/sites\/2\/2026\/09\/kyrkkaffe_paris_cvr-884x1024.jpg\" alt=\"\" class=\"wp-image-20711\" srcset=\"https:\/\/bloggar.hemmetsjournal.se\/anna\/wp-content\/uploads\/sites\/2\/2026\/09\/kyrkkaffe_paris_cvr-884x1024.jpg 884w, https:\/\/bloggar.hemmetsjournal.se\/anna\/wp-content\/uploads\/sites\/2\/2026\/09\/kyrkkaffe_paris_cvr-259x300.jpg 259w, https:\/\/bloggar.hemmetsjournal.se\/anna\/wp-content\/uploads\/sites\/2\/2026\/09\/kyrkkaffe_paris_cvr-768x889.jpg 768w, https:\/\/bloggar.hemmetsjournal.se\/anna\/wp-content\/uploads\/sites\/2\/2026\/09\/kyrkkaffe_paris_cvr-1326x1536.jpg 1326w, https:\/\/bloggar.hemmetsjournal.se\/anna\/wp-content\/uploads\/sites\/2\/2026\/09\/kyrkkaffe_paris_cvr-1768x2048.jpg 1768w, https:\/\/bloggar.hemmetsjournal.se\/anna\/wp-content\/uploads\/sites\/2\/2026\/09\/kyrkkaffe_paris_cvr.jpg 1999w\" sizes=\"auto, (max-width: 884px) 100vw, 884px\" \/><\/figure>\n\n\n\n<p class=\"wp-block-paragraph\">Min uppgift \u00e4r f\u00f6rst\u00e5s att presentera den alldeles nya boken (h\u00e4lften av den f\u00f6rsta tryckningen levereras till Genarp nu under veckan, h\u00e4lften till Paris) och att ber\u00e4tta om f\u00f6rsamlingens kyrkkaffehistoria i den m\u00e5n det g\u00e5r.<\/p>\n\n\n\n<p class=\"wp-block-paragraph\">Det finns massor av t\u00e4ta och lite l\u00f6sare band mellan f\u00f6rsamlingen och stora historiska h\u00e4ndelser, bland annat d\u00e4rf\u00f6r att svenska adelsm\u00e4n och kungar har lagt sig i andra l\u00e4nders politik d\u00e5 och d\u00e5 och d\u00e4rf\u00f6r att den svenska f\u00f6rsamlingen har haft tillst\u00e5nd att vara en luthersk f\u00f6rsamling mitt i det katolska Paris trots att andra protestanter, som hugenotterna, har r\u00e5kat illa ut. N\u00e4r hugenotterna f\u00f6rsvann kom m\u00e5nga tyska hantverkare flyttande f\u00f6r att utf\u00f6ra det arbete som hugenotterna inte gjorde l\u00e4ngre, och de var protestanter, och den f\u00f6rsamling de kunde vara med i var den svenska, s\u00e5 under en period hade f\u00f6rsamlingen b\u00e5de svensktalande och tysktalande pr\u00e4ster och firade gudstj\u00e4nst p\u00e5 tv\u00e5 spr\u00e5k.<\/p>\n\n\n\n<p class=\"wp-block-paragraph\">Kaffet?<\/p>\n\n\n\n<p class=\"wp-block-paragraph\">Det finns som s\u00e5 ofta inte s\u00e5 mycket skrivet om det, men jag s\u00f6rplar i mig kaffehistoria varhelst jag hittar den och har lyssnat p\u00e5 <a href=\"https:\/\/open.spotify.com\/episode\/4t51HXx8bNNgJK4CDqWRoW?si=O-p7wqxnQG699rZEA4_46w\">det h\u00e4r programmet fr\u00e5n BBC:s In Our Time-arkiv<\/a> flera g\u00e5nger de senaste veckorna. Man f\u00e5r st\u00e5 ut med att Melvyn Bragg \u00e4r ganska tyken mot sina g\u00e4ster &#8212; den nye programledaren, som har hunnit etablera sig nu, \u00e4r mycket vettigare men har vad jag vet inte f\u00f6rdjupat sig i n\u00e5gon del av kaffets historia \u00e4n. <a href=\"https:\/\/open.spotify.com\/episode\/6WHUGVYjKVbOWfSXkP6HWv?si=X6J5mil6Q9mBQHZ_SN647A\">D\u00e4remot finns det mycket om potatis, socker och andra matvaror i hans program om The Columbian Exchange!<\/a><\/p>\n","protected":false},"excerpt":{"rendered":"<p>N\u00e4sta helg \u00e5ker jag till Paris f\u00f6r att vara med under Sofiaf\u00f6rsamlingens jubileumshelg &#8212; 400 \u00e5r, det m\u00e5ste man ju fira! Min uppgift \u00e4r f\u00f6rst\u00e5s att presentera den alldeles nya boken (h\u00e4lften av den f\u00f6rsta tryckningen levereras till Genarp nu under veckan, h\u00e4lften till Paris) och att ber\u00e4tta om f\u00f6rsamlingens kyrkkaffehistoria i den m\u00e5n det&#8230;<\/p>\n","protected":false},"author":2,"featured_media":20710,"comment_status":"open","ping_status":"open","sticky":false,"template":"","format":"standard","meta":{"site-sidebar-layout":"default","site-content-layout":"","ast-site-content-layout":"default","site-content-style":"default","site-sidebar-style":"default","ast-global-header-display":"","ast-banner-title-visibility":"","ast-main-header-display":"","ast-hfb-above-header-display":"","ast-hfb-below-header-display":"","ast-hfb-mobile-header-display":"","site-post-title":"","ast-breadcrumbs-content":"","ast-featured-img":"","footer-sml-layout":"","ast-disable-related-posts":"","theme-transparent-header-meta":"","adv-header-id-meta":"","stick-header-meta":"","header-above-stick-meta":"","header-main-stick-meta":"","header-below-stick-meta":"","astra-migrate-meta-layouts":"set","ast-page-background-enabled":"default","ast-page-background-meta":{"desktop":{"background-color":"var(--ast-global-color-4)","background-image":"","background-repeat":"repeat","background-position":"center center","background-size":"auto","background-attachment":"scroll","background-type":"","background-media":"","overlay-type":"","overlay-color":"","overlay-opacity":"","overlay-gradient":""},"tablet":{"background-color":"","background-image":"","background-repeat":"repeat","background-position":"center center","background-size":"auto","background-attachment":"scroll","background-type":"","background-media":"","overlay-type":"","overlay-color":"","overlay-opacity":"","overlay-gradient":""},"mobile":{"background-color":"","background-image":"","background-repeat":"repeat","background-position":"center center","background-size":"auto","background-attachment":"scroll","background-type":"","background-media":"","overlay-type":"","overlay-color":"","overlay-opacity":"","overlay-gradient":""}},"ast-content-background-meta":{"desktop":{"background-color":"var(--ast-global-color-5)","background-image":"","background-repeat":"repeat","background-position":"center center","background-size":"auto","background-attachment":"scroll","background-type":"","background-media":"","overlay-type":"","overlay-color":"","overlay-opacity":"","overlay-gradient":""},"tablet":{"background-color":"var(--ast-global-color-5)","background-image":"","background-repeat":"repeat","background-position":"center center","background-size":"auto","background-attachment":"scroll","background-type":"","background-media":"","overlay-type":"","overlay-color":"","overlay-opacity":"","overlay-gradient":""},"mobile":{"background-color":"var(--ast-global-color-5)","background-image":"","background-repeat":"repeat","background-position":"center center","background-size":"auto","background-attachment":"scroll","background-type":"","background-media":"","overlay-type":"","overlay-color":"","overlay-opacity":"","overlay-gradient":""}},"footnotes":""},"categories":[356,344],"tags":[],"class_list":["post-20709","post","type-post","status-publish","format-standard","has-post-thumbnail","hentry","category-foredrag","category-kyrkkaffeprat"],"_links":{"self":[{"href":"https:\/\/bloggar.hemmetsjournal.se\/anna\/wp-json\/wp\/v2\/posts\/20709","targetHints":{"allow":["GET"]}}],"collection":[{"href":"https:\/\/bloggar.hemmetsjournal.se\/anna\/wp-json\/wp\/v2\/posts"}],"about":[{"href":"https:\/\/bloggar.hemmetsjournal.se\/anna\/wp-json\/wp\/v2\/types\/post"}],"author":[{"embeddable":true,"href":"https:\/\/bloggar.hemmetsjournal.se\/anna\/wp-json\/wp\/v2\/users\/2"}],"replies":[{"embeddable":true,"href":"https:\/\/bloggar.hemmetsjournal.se\/anna\/wp-json\/wp\/v2\/comments?post=20709"}],"version-history":[{"count":1,"href":"https:\/\/bloggar.hemmetsjournal.se\/anna\/wp-json\/wp\/v2\/posts\/20709\/revisions"}],"predecessor-version":[{"id":20712,"href":"https:\/\/bloggar.hemmetsjournal.se\/anna\/wp-json\/wp\/v2\/posts\/20709\/revisions\/20712"}],"wp:featuredmedia":[{"embeddable":true,"href":"https:\/\/bloggar.hemmetsjournal.se\/anna\/wp-json\/wp\/v2\/media\/20710"}],"wp:attachment":[{"href":"https:\/\/bloggar.hemmetsjournal.se\/anna\/wp-json\/wp\/v2\/media?parent=20709"}],"wp:term":[{"taxonomy":"category","embeddable":true,"href":"https:\/\/bloggar.hemmetsjournal.se\/anna\/wp-json\/wp\/v2\/categories?post=20709"},{"taxonomy":"post_tag","embeddable":true,"href":"https:\/\/bloggar.hemmetsjournal.se\/anna\/wp-json\/wp\/v2\/tags?post=20709"}],"curies":[{"name":"wp","href":"https:\/\/api.w.org\/{rel}","templated":true}]}}