{"id":20702,"date":"2026-09-04T09:00:30","date_gmt":"2026-09-04T07:00:30","guid":{"rendered":"https:\/\/bloggar.hemmetsjournal.se\/anna\/?p=20702"},"modified":"2026-09-04T09:01:02","modified_gmt":"2026-09-04T07:01:02","slug":"pa-vag-till-rumanien","status":"publish","type":"post","link":"https:\/\/bloggar.hemmetsjournal.se\/anna\/2026\/pa-vag-till-rumanien\/","title":{"rendered":"P\u00e5 v\u00e4g till Rum\u00e4nien"},"content":{"rendered":"\n<p class=\"wp-block-paragraph\">Tack vare superflitiga <strong>Inger Jaldemark<\/strong> har jag blivit mer och mer bekant med det arbete som <strong>Sam-hj\u00e4lp<\/strong> &#8212; Svenska alliansmissionens bist\u00e5ndsorganisation &#8212; g\u00f6r med att ta emot hj\u00e4lpstickares och andras bidrag, sortera dem, f\u00f6rdela dem, lasta dem och k\u00f6ra dem till platser d\u00e4r de beh\u00f6vs.<\/p>\n\n\n\n<p class=\"wp-block-paragraph\">Tidigare i veckan l\u00e4ste jag om ett av deras lass, och bilderna \u00e4r s\u00e5 underbara, s\u00e5 jag l\u00e5nar dem f\u00f6r att ber\u00e4tta f\u00f6r fler!<\/p>\n\n\n\n<figure class=\"wp-block-image size-large\"><img loading=\"lazy\" decoding=\"async\" width=\"819\" height=\"1024\" src=\"https:\/\/bloggar.hemmetsjournal.se\/anna\/wp-content\/uploads\/sites\/2\/2026\/09\/784310039_1489055996584257_732899969120786069_n-819x1024.jpg\" alt=\"\" class=\"wp-image-20704\" srcset=\"https:\/\/bloggar.hemmetsjournal.se\/anna\/wp-content\/uploads\/sites\/2\/2026\/09\/784310039_1489055996584257_732899969120786069_n-819x1024.jpg 819w, https:\/\/bloggar.hemmetsjournal.se\/anna\/wp-content\/uploads\/sites\/2\/2026\/09\/784310039_1489055996584257_732899969120786069_n-240x300.jpg 240w, https:\/\/bloggar.hemmetsjournal.se\/anna\/wp-content\/uploads\/sites\/2\/2026\/09\/784310039_1489055996584257_732899969120786069_n-768x960.jpg 768w, https:\/\/bloggar.hemmetsjournal.se\/anna\/wp-content\/uploads\/sites\/2\/2026\/09\/784310039_1489055996584257_732899969120786069_n.jpg 1080w\" sizes=\"auto, (max-width: 819px) 100vw, 819px\" \/><figcaption class=\"wp-element-caption\">Lars och Lars p\u00e5 v\u00e4g till det h\u00e4r lassets m\u00e5l. Bild: Sam-hj\u00e4lp<\/figcaption><\/figure>\n\n\n\n<p class=\"wp-block-paragraph\">Sam-hj\u00e4lp skriver:<\/p>\n\n\n\n<p class=\"wp-block-paragraph\"><em>D\u00e5 \u00e4r vi p\u00e5 rull igen! En hj\u00e4lps\u00e4ndning till Somebody Cares i Rum\u00e4nien. Det \u00e4r Lars och Lars som k\u00f6r.<\/em><\/p>\n\n\n\n<figure class=\"wp-block-image size-large\"><img loading=\"lazy\" decoding=\"async\" width=\"819\" height=\"1024\" src=\"https:\/\/bloggar.hemmetsjournal.se\/anna\/wp-content\/uploads\/sites\/2\/2026\/09\/784716859_1489056013250922_4997734974684238212_n-819x1024.jpg\" alt=\"\" class=\"wp-image-20705\" srcset=\"https:\/\/bloggar.hemmetsjournal.se\/anna\/wp-content\/uploads\/sites\/2\/2026\/09\/784716859_1489056013250922_4997734974684238212_n-819x1024.jpg 819w, https:\/\/bloggar.hemmetsjournal.se\/anna\/wp-content\/uploads\/sites\/2\/2026\/09\/784716859_1489056013250922_4997734974684238212_n-240x300.jpg 240w, https:\/\/bloggar.hemmetsjournal.se\/anna\/wp-content\/uploads\/sites\/2\/2026\/09\/784716859_1489056013250922_4997734974684238212_n-768x960.jpg 768w, https:\/\/bloggar.hemmetsjournal.se\/anna\/wp-content\/uploads\/sites\/2\/2026\/09\/784716859_1489056013250922_4997734974684238212_n.jpg 1080w\" sizes=\"auto, (max-width: 819px) 100vw, 819px\" \/><figcaption class=\"wp-element-caption\">I f\u00f6rarhytten. Bild: Sam-hj\u00e4lp<\/figcaption><\/figure>\n\n\n\n<p class=\"wp-block-paragraph\"><em>Lasten \u00e4r fylld med material s\u00e5som d\u00f6rrar, f\u00f6nster, f\u00e4rg, k\u00f6kssk\u00e5p, mat, hygienprodukter, leksaker, husger\u00e5d, bl\u00f6jor, skor med mera. Hj\u00e4lp till utsatta m\u00e4nniskor i n\u00e4rheten av Pitesti d\u00e4r organisationen driver l\u00e4xhj\u00e4lp, bageri, mindre second hand-butik med mera bland romer.<\/em><\/p>\n\n\n\n<figure class=\"wp-block-image size-large\"><img loading=\"lazy\" decoding=\"async\" width=\"819\" height=\"1024\" src=\"https:\/\/bloggar.hemmetsjournal.se\/anna\/wp-content\/uploads\/sites\/2\/2026\/09\/783608583_1489056039917586_5240311547217855284_n-819x1024.jpg\" alt=\"\" class=\"wp-image-20706\" srcset=\"https:\/\/bloggar.hemmetsjournal.se\/anna\/wp-content\/uploads\/sites\/2\/2026\/09\/783608583_1489056039917586_5240311547217855284_n-819x1024.jpg 819w, https:\/\/bloggar.hemmetsjournal.se\/anna\/wp-content\/uploads\/sites\/2\/2026\/09\/783608583_1489056039917586_5240311547217855284_n-240x300.jpg 240w, https:\/\/bloggar.hemmetsjournal.se\/anna\/wp-content\/uploads\/sites\/2\/2026\/09\/783608583_1489056039917586_5240311547217855284_n-768x960.jpg 768w, https:\/\/bloggar.hemmetsjournal.se\/anna\/wp-content\/uploads\/sites\/2\/2026\/09\/783608583_1489056039917586_5240311547217855284_n.jpg 1080w\" sizes=\"auto, (max-width: 819px) 100vw, 819px\" \/><figcaption class=\"wp-element-caption\">St\u00e5tlig bil eller hur? Bild: Sam-hj\u00e4lp<\/figcaption><\/figure>\n\n\n\n<p class=\"wp-block-paragraph\">Inger \u00e4r med i den volont\u00e4rgrupp som tar emot enstaka plagg och st\u00f6rre paket, g\u00e5r igenom dem, s\u00e4tter ihop delar till babypaket, sorterar resten i storlekar (alltid bra att m\u00e4rka sina plagg innan man skickar dem &#8212; det sparar tid f\u00f6r sorterarna) och packar inf\u00f6r frakten. Du som vill skicka men undrar \u00f6ver n\u00e5got f\u00e5r g\u00e4rna h\u00f6ra av dig till mig, s\u00e5 s\u00e4tter jag dig i kontakt med Inger! Hon \u00e4r ocks\u00e5 aktiv i Facebook-gruppen Handarbeta f\u00f6r v\u00e4lg\u00f6renhet.<\/p>\n\n\n\n<p class=\"wp-block-paragraph\">Och ni som liksom jag blir f\u00f6rtvivlade \u00f6ver hur konstigt och f\u00f6rf\u00e4rligt det kan bli i m\u00f6tet mellan de romer som fortfarande dyker upp i Sverige f\u00f6r att be om pengar och oss som inte vet vad vi ska g\u00f6ra f\u00f6r att inte uppr\u00e4tth\u00e5lla ett helt om\u00e4nskligt system men som tyv\u00e4rr inte talar de spr\u00e5k som beh\u00f6vs och som inte bara vill g\u00e5 f\u00f6rbi (meningen \u00e4r l\u00e5ng och kr\u00e5nglig d\u00e4rf\u00f6r att situationen \u00e4r det) &#8230; h\u00e4r \u00e4r allts\u00e5 en organisation som arbetar bland romer i Rum\u00e4nien. Kanske inte just p\u00e5 den ort som den man m\u00f6ter p\u00e5 stan kommer fr\u00e5n, men man kan ju s\u00e5 gott det bara g\u00e5r f\u00f6rs\u00f6ka st\u00f6tta b\u00e5da, den ena f\u00f6r att m\u00f6tet mellan tv\u00e5 m\u00e4nniskor alltid \u00e4r viktigt och den andra d\u00e4rf\u00f6r att det l\u00e5ngsiktiga som n\u00e5r fler \u00e4r b\u00e5de viktigt och konstruktivt.<\/p>\n\n\n\n<p class=\"wp-block-paragraph\"><\/p>\n","protected":false},"excerpt":{"rendered":"<p>Tack vare superflitiga Inger Jaldemark har jag blivit mer och mer bekant med det arbete som Sam-hj\u00e4lp &#8212; Svenska alliansmissionens bist\u00e5ndsorganisation &#8212; g\u00f6r med att ta emot hj\u00e4lpstickares och andras bidrag, sortera dem, f\u00f6rdela dem, lasta dem och k\u00f6ra dem till platser d\u00e4r de beh\u00f6vs. Tidigare i veckan l\u00e4ste jag om ett av deras lass,&#8230;<\/p>\n","protected":false},"author":2,"featured_media":20703,"comment_status":"open","ping_status":"open","sticky":false,"template":"","format":"standard","meta":{"site-sidebar-layout":"default","site-content-layout":"","ast-site-content-layout":"default","site-content-style":"default","site-sidebar-style":"default","ast-global-header-display":"","ast-banner-title-visibility":"","ast-main-header-display":"","ast-hfb-above-header-display":"","ast-hfb-below-header-display":"","ast-hfb-mobile-header-display":"","site-post-title":"","ast-breadcrumbs-content":"","ast-featured-img":"","footer-sml-layout":"","ast-disable-related-posts":"","theme-transparent-header-meta":"","adv-header-id-meta":"","stick-header-meta":"","header-above-stick-meta":"","header-main-stick-meta":"","header-below-stick-meta":"","astra-migrate-meta-layouts":"set","ast-page-background-enabled":"default","ast-page-background-meta":{"desktop":{"background-color":"var(--ast-global-color-4)","background-image":"","background-repeat":"repeat","background-position":"center center","background-size":"auto","background-attachment":"scroll","background-type":"","background-media":"","overlay-type":"","overlay-color":"","overlay-opacity":"","overlay-gradient":""},"tablet":{"background-color":"","background-image":"","background-repeat":"repeat","background-position":"center center","background-size":"auto","background-attachment":"scroll","background-type":"","background-media":"","overlay-type":"","overlay-color":"","overlay-opacity":"","overlay-gradient":""},"mobile":{"background-color":"","background-image":"","background-repeat":"repeat","background-position":"center center","background-size":"auto","background-attachment":"scroll","background-type":"","background-media":"","overlay-type":"","overlay-color":"","overlay-opacity":"","overlay-gradient":""}},"ast-content-background-meta":{"desktop":{"background-color":"var(--ast-global-color-5)","background-image":"","background-repeat":"repeat","background-position":"center center","background-size":"auto","background-attachment":"scroll","background-type":"","background-media":"","overlay-type":"","overlay-color":"","overlay-opacity":"","overlay-gradient":""},"tablet":{"background-color":"var(--ast-global-color-5)","background-image":"","background-repeat":"repeat","background-position":"center center","background-size":"auto","background-attachment":"scroll","background-type":"","background-media":"","overlay-type":"","overlay-color":"","overlay-opacity":"","overlay-gradient":""},"mobile":{"background-color":"var(--ast-global-color-5)","background-image":"","background-repeat":"repeat","background-position":"center center","background-size":"auto","background-attachment":"scroll","background-type":"","background-media":"","overlay-type":"","overlay-color":"","overlay-opacity":"","overlay-gradient":""}},"footnotes":""},"categories":[1288,85,244,19,349],"tags":[],"class_list":["post-20702","post","type-post","status-publish","format-standard","has-post-thumbnail","hentry","category-rumanien","category-rumanien-och-sverige","category-startpaket-for-nyfodda","category-sticka-skicka","category-varma-liten-insamling-till-kongo"],"_links":{"self":[{"href":"https:\/\/bloggar.hemmetsjournal.se\/anna\/wp-json\/wp\/v2\/posts\/20702","targetHints":{"allow":["GET"]}}],"collection":[{"href":"https:\/\/bloggar.hemmetsjournal.se\/anna\/wp-json\/wp\/v2\/posts"}],"about":[{"href":"https:\/\/bloggar.hemmetsjournal.se\/anna\/wp-json\/wp\/v2\/types\/post"}],"author":[{"embeddable":true,"href":"https:\/\/bloggar.hemmetsjournal.se\/anna\/wp-json\/wp\/v2\/users\/2"}],"replies":[{"embeddable":true,"href":"https:\/\/bloggar.hemmetsjournal.se\/anna\/wp-json\/wp\/v2\/comments?post=20702"}],"version-history":[{"count":2,"href":"https:\/\/bloggar.hemmetsjournal.se\/anna\/wp-json\/wp\/v2\/posts\/20702\/revisions"}],"predecessor-version":[{"id":20708,"href":"https:\/\/bloggar.hemmetsjournal.se\/anna\/wp-json\/wp\/v2\/posts\/20702\/revisions\/20708"}],"wp:featuredmedia":[{"embeddable":true,"href":"https:\/\/bloggar.hemmetsjournal.se\/anna\/wp-json\/wp\/v2\/media\/20703"}],"wp:attachment":[{"href":"https:\/\/bloggar.hemmetsjournal.se\/anna\/wp-json\/wp\/v2\/media?parent=20702"}],"wp:term":[{"taxonomy":"category","embeddable":true,"href":"https:\/\/bloggar.hemmetsjournal.se\/anna\/wp-json\/wp\/v2\/categories?post=20702"},{"taxonomy":"post_tag","embeddable":true,"href":"https:\/\/bloggar.hemmetsjournal.se\/anna\/wp-json\/wp\/v2\/tags?post=20702"}],"curies":[{"name":"wp","href":"https:\/\/api.w.org\/{rel}","templated":true}]}}