{"id":20700,"date":"2026-09-03T11:16:55","date_gmt":"2026-09-03T09:16:55","guid":{"rendered":"https:\/\/bloggar.hemmetsjournal.se\/anna\/?p=20700"},"modified":"2026-09-03T11:16:55","modified_gmt":"2026-09-03T09:16:55","slug":"nu-kan-man-forbestalla-den-andra-lyssna-boken-ocksa","status":"publish","type":"post","link":"https:\/\/bloggar.hemmetsjournal.se\/anna\/2026\/nu-kan-man-forbestalla-den-andra-lyssna-boken-ocksa\/","title":{"rendered":"Nu kan man f\u00f6rbest\u00e4lla den andra Lyssna-boken ocks\u00e5!"},"content":{"rendered":"\n<p class=\"wp-block-paragraph\">I m\u00e5ndags gjorde jag \u00f6verf\u00f6ringen till tryckeriet f\u00f6r<em> Lyssna p\u00e5 henne ocks\u00e5!<\/em>, s\u00e5 nu trycks den, och s\u00e5 snart den kommer till lagret i Genarp b\u00f6rjar den skickas ut.<\/p>\n\n\n\n<p class=\"wp-block-paragraph\">Det var s\u00e5 inspirerande att tr\u00e4ffa s\u00e5 m\u00e5nga p\u00e5 konferensen i Finland &#8212; visserligen m\u00e5nga som inte talar n\u00e5got nordiskt spr\u00e5k, s\u00e5 de kan inte l\u00e4sa mina b\u00f6cker, men det fanns en s\u00e5dan energi och optimism runt mitt \u00e4mne. Det g\u00e5r att f\u00f6r\u00e4ndra musikv\u00e4rlden, och alla som undervisar i musik h\u00f6r till de allra viktigaste i det arbetet! Heja musikl\u00e4rarna!<\/p>\n\n\n\n<p class=\"wp-block-paragraph\">H<a href=\"https:\/\/www.arken.se\/products\/lyssna-pa-henne-ocksa\" data-type=\"link\" data-id=\"https:\/\/www.arken.se\/products\/lyssna-pa-henne-ocksa\">\u00e4r kan man l\u00e4gga sin best\u00e4llning.<\/a> Med lite tur och samordning kan jag l\u00e4gga handskrivna kort och min mammas fina bokm\u00e4rken i \u00e5tminstone en del av b\u00f6ckerna!<\/p>\n\n\n\n<p class=\"wp-block-paragraph\"><\/p>\n","protected":false},"excerpt":{"rendered":"<p>I m\u00e5ndags gjorde jag \u00f6verf\u00f6ringen till tryckeriet f\u00f6r Lyssna p\u00e5 henne ocks\u00e5!, s\u00e5 nu trycks den, och s\u00e5 snart den kommer till lagret i Genarp b\u00f6rjar den skickas ut. Det var s\u00e5 inspirerande att tr\u00e4ffa s\u00e5 m\u00e5nga p\u00e5 konferensen i Finland &#8212; visserligen m\u00e5nga som inte talar n\u00e5got nordiskt spr\u00e5k, s\u00e5 de kan inte l\u00e4sa&#8230;<\/p>\n","protected":false},"author":2,"featured_media":20638,"comment_status":"open","ping_status":"open","sticky":false,"template":"","format":"standard","meta":{"site-sidebar-layout":"default","site-content-layout":"","ast-site-content-layout":"default","site-content-style":"default","site-sidebar-style":"default","ast-global-header-display":"","ast-banner-title-visibility":"","ast-main-header-display":"","ast-hfb-above-header-display":"","ast-hfb-below-header-display":"","ast-hfb-mobile-header-display":"","site-post-title":"","ast-breadcrumbs-content":"","ast-featured-img":"","footer-sml-layout":"","ast-disable-related-posts":"","theme-transparent-header-meta":"","adv-header-id-meta":"","stick-header-meta":"","header-above-stick-meta":"","header-main-stick-meta":"","header-below-stick-meta":"","astra-migrate-meta-layouts":"set","ast-page-background-enabled":"default","ast-page-background-meta":{"desktop":{"background-color":"var(--ast-global-color-4)","background-image":"","background-repeat":"repeat","background-position":"center center","background-size":"auto","background-attachment":"scroll","background-type":"","background-media":"","overlay-type":"","overlay-color":"","overlay-opacity":"","overlay-gradient":""},"tablet":{"background-color":"","background-image":"","background-repeat":"repeat","background-position":"center center","background-size":"auto","background-attachment":"scroll","background-type":"","background-media":"","overlay-type":"","overlay-color":"","overlay-opacity":"","overlay-gradient":""},"mobile":{"background-color":"","background-image":"","background-repeat":"repeat","background-position":"center center","background-size":"auto","background-attachment":"scroll","background-type":"","background-media":"","overlay-type":"","overlay-color":"","overlay-opacity":"","overlay-gradient":""}},"ast-content-background-meta":{"desktop":{"background-color":"var(--ast-global-color-5)","background-image":"","background-repeat":"repeat","background-position":"center center","background-size":"auto","background-attachment":"scroll","background-type":"","background-media":"","overlay-type":"","overlay-color":"","overlay-opacity":"","overlay-gradient":""},"tablet":{"background-color":"var(--ast-global-color-5)","background-image":"","background-repeat":"repeat","background-position":"center center","background-size":"auto","background-attachment":"scroll","background-type":"","background-media":"","overlay-type":"","overlay-color":"","overlay-opacity":"","overlay-gradient":""},"mobile":{"background-color":"var(--ast-global-color-5)","background-image":"","background-repeat":"repeat","background-position":"center center","background-size":"auto","background-attachment":"scroll","background-type":"","background-media":"","overlay-type":"","overlay-color":"","overlay-opacity":"","overlay-gradient":""}},"footnotes":""},"categories":[98,68],"tags":[1668],"class_list":["post-20700","post","type-post","status-publish","format-standard","has-post-thumbnail","hentry","category-barnlitteratur","category-boktips","tag-lyssna-pa-henne"],"_links":{"self":[{"href":"https:\/\/bloggar.hemmetsjournal.se\/anna\/wp-json\/wp\/v2\/posts\/20700","targetHints":{"allow":["GET"]}}],"collection":[{"href":"https:\/\/bloggar.hemmetsjournal.se\/anna\/wp-json\/wp\/v2\/posts"}],"about":[{"href":"https:\/\/bloggar.hemmetsjournal.se\/anna\/wp-json\/wp\/v2\/types\/post"}],"author":[{"embeddable":true,"href":"https:\/\/bloggar.hemmetsjournal.se\/anna\/wp-json\/wp\/v2\/users\/2"}],"replies":[{"embeddable":true,"href":"https:\/\/bloggar.hemmetsjournal.se\/anna\/wp-json\/wp\/v2\/comments?post=20700"}],"version-history":[{"count":1,"href":"https:\/\/bloggar.hemmetsjournal.se\/anna\/wp-json\/wp\/v2\/posts\/20700\/revisions"}],"predecessor-version":[{"id":20701,"href":"https:\/\/bloggar.hemmetsjournal.se\/anna\/wp-json\/wp\/v2\/posts\/20700\/revisions\/20701"}],"wp:featuredmedia":[{"embeddable":true,"href":"https:\/\/bloggar.hemmetsjournal.se\/anna\/wp-json\/wp\/v2\/media\/20638"}],"wp:attachment":[{"href":"https:\/\/bloggar.hemmetsjournal.se\/anna\/wp-json\/wp\/v2\/media?parent=20700"}],"wp:term":[{"taxonomy":"category","embeddable":true,"href":"https:\/\/bloggar.hemmetsjournal.se\/anna\/wp-json\/wp\/v2\/categories?post=20700"},{"taxonomy":"post_tag","embeddable":true,"href":"https:\/\/bloggar.hemmetsjournal.se\/anna\/wp-json\/wp\/v2\/tags?post=20700"}],"curies":[{"name":"wp","href":"https:\/\/api.w.org\/{rel}","templated":true}]}}