{"id":20683,"date":"2026-09-01T10:39:03","date_gmt":"2026-09-01T08:39:03","guid":{"rendered":"https:\/\/bloggar.hemmetsjournal.se\/anna\/?p=20683"},"modified":"2026-09-01T10:48:49","modified_gmt":"2026-09-01T08:48:49","slug":"har-har-ni-en-som-har-varit-i-helsingfors","status":"publish","type":"post","link":"https:\/\/bloggar.hemmetsjournal.se\/anna\/2026\/har-har-ni-en-som-har-varit-i-helsingfors\/","title":{"rendered":"H\u00e4r har ni en som har varit i Helsingfors"},"content":{"rendered":"\n<p class=\"wp-block-paragraph\">Den h\u00e4r g\u00e5ngen beror tystnaden h\u00e4r p\u00e5 Ett varv till-bloggen p\u00e5 att jag var i Helsingfors n\u00e4stan hela f\u00f6rra veckan!<\/p>\n\n\n\n<figure class=\"wp-block-image size-large\"><img loading=\"lazy\" decoding=\"async\" width=\"768\" height=\"1024\" src=\"https:\/\/bloggar.hemmetsjournal.se\/anna\/wp-content\/uploads\/sites\/2\/2026\/09\/783573258_29208094332126025_7333401773069447343_n-768x1024.jpg\" alt=\"\" class=\"wp-image-20685\" srcset=\"https:\/\/bloggar.hemmetsjournal.se\/anna\/wp-content\/uploads\/sites\/2\/2026\/09\/783573258_29208094332126025_7333401773069447343_n-768x1024.jpg 768w, https:\/\/bloggar.hemmetsjournal.se\/anna\/wp-content\/uploads\/sites\/2\/2026\/09\/783573258_29208094332126025_7333401773069447343_n-225x300.jpg 225w, https:\/\/bloggar.hemmetsjournal.se\/anna\/wp-content\/uploads\/sites\/2\/2026\/09\/783573258_29208094332126025_7333401773069447343_n-1152x1536.jpg 1152w, https:\/\/bloggar.hemmetsjournal.se\/anna\/wp-content\/uploads\/sites\/2\/2026\/09\/783573258_29208094332126025_7333401773069447343_n.jpg 1536w\" sizes=\"auto, (max-width: 768px) 100vw, 768px\" \/><\/figure>\n\n\n\n<p class=\"wp-block-paragraph\">Svenska str\u00e5kl\u00e4rarf\u00f6rbundet hade bett mig att liksom f\u00f6r Sveriges r\u00e4kning skicka in en ans\u00f6kan om att f\u00e5 f\u00f6rel\u00e4sa p\u00e5 den europeiska str\u00e5kl\u00e4rarkonferensen. Det var ett mycket akademiskt f\u00f6rfarande, och jag skrev f\u00f6r s\u00e4kerhets skull i varje ruta att det inte var n\u00e5gon akademisk f\u00f6rel\u00e4sning jag ville bidra med. Men mitt f\u00f6rlag blev antaget!<\/p>\n\n\n\n<figure class=\"wp-block-image size-large\"><img loading=\"lazy\" decoding=\"async\" width=\"768\" height=\"1024\" src=\"https:\/\/bloggar.hemmetsjournal.se\/anna\/wp-content\/uploads\/sites\/2\/2026\/09\/787169656_29208094282126030_66049485530556038_n-768x1024.jpg\" alt=\"\" class=\"wp-image-20686\" srcset=\"https:\/\/bloggar.hemmetsjournal.se\/anna\/wp-content\/uploads\/sites\/2\/2026\/09\/787169656_29208094282126030_66049485530556038_n-768x1024.jpg 768w, https:\/\/bloggar.hemmetsjournal.se\/anna\/wp-content\/uploads\/sites\/2\/2026\/09\/787169656_29208094282126030_66049485530556038_n-225x300.jpg 225w, https:\/\/bloggar.hemmetsjournal.se\/anna\/wp-content\/uploads\/sites\/2\/2026\/09\/787169656_29208094282126030_66049485530556038_n-1152x1536.jpg 1152w, https:\/\/bloggar.hemmetsjournal.se\/anna\/wp-content\/uploads\/sites\/2\/2026\/09\/787169656_29208094282126030_66049485530556038_n.jpg 1536w\" sizes=\"auto, (max-width: 768px) 100vw, 768px\" \/><\/figure>\n\n\n\n<p class=\"wp-block-paragraph\">Och det var f\u00f6rst\u00e5s mycket fint att f\u00e5 ett konferenskort med f\u00f6rlagsnamnet p\u00e5.<\/p>\n\n\n\n<figure class=\"wp-block-image size-large\"><img loading=\"lazy\" decoding=\"async\" width=\"1024\" height=\"768\" src=\"https:\/\/bloggar.hemmetsjournal.se\/anna\/wp-content\/uploads\/sites\/2\/2026\/09\/787021437_29217771544491637_2643731977388734741_n-1024x768.jpg\" alt=\"\" class=\"wp-image-20687\" srcset=\"https:\/\/bloggar.hemmetsjournal.se\/anna\/wp-content\/uploads\/sites\/2\/2026\/09\/787021437_29217771544491637_2643731977388734741_n-1024x768.jpg 1024w, https:\/\/bloggar.hemmetsjournal.se\/anna\/wp-content\/uploads\/sites\/2\/2026\/09\/787021437_29217771544491637_2643731977388734741_n-300x225.jpg 300w, https:\/\/bloggar.hemmetsjournal.se\/anna\/wp-content\/uploads\/sites\/2\/2026\/09\/787021437_29217771544491637_2643731977388734741_n-768x576.jpg 768w, https:\/\/bloggar.hemmetsjournal.se\/anna\/wp-content\/uploads\/sites\/2\/2026\/09\/787021437_29217771544491637_2643731977388734741_n-1536x1152.jpg 1536w, https:\/\/bloggar.hemmetsjournal.se\/anna\/wp-content\/uploads\/sites\/2\/2026\/09\/787021437_29217771544491637_2643731977388734741_n.jpg 2048w\" sizes=\"auto, (max-width: 1024px) 100vw, 1024px\" \/><\/figure>\n\n\n\n<p class=\"wp-block-paragraph\">S\u00e5 mycket jag kunde gick jag p\u00e5 f\u00f6rel\u00e4sningar och konserter &#8212; jag hade saker som m\u00e5ste bli klara hemma ocks\u00e5, s\u00e5 ibland sprang jag till mitt lilla hotellrum f\u00f6r att hinna med dem, och kv\u00e4llskonserter och festmiddag och nattmingel hoppade jag \u00f6ver.<\/p>\n\n\n\n<figure class=\"wp-block-image size-large\"><img loading=\"lazy\" decoding=\"async\" width=\"768\" height=\"1024\" src=\"https:\/\/bloggar.hemmetsjournal.se\/anna\/wp-content\/uploads\/sites\/2\/2026\/09\/788171642_1500941668746930_3547287845242039066_n-768x1024.jpg\" alt=\"\" class=\"wp-image-20693\" srcset=\"https:\/\/bloggar.hemmetsjournal.se\/anna\/wp-content\/uploads\/sites\/2\/2026\/09\/788171642_1500941668746930_3547287845242039066_n-768x1024.jpg 768w, https:\/\/bloggar.hemmetsjournal.se\/anna\/wp-content\/uploads\/sites\/2\/2026\/09\/788171642_1500941668746930_3547287845242039066_n-225x300.jpg 225w, https:\/\/bloggar.hemmetsjournal.se\/anna\/wp-content\/uploads\/sites\/2\/2026\/09\/788171642_1500941668746930_3547287845242039066_n-1152x1536.jpg 1152w, https:\/\/bloggar.hemmetsjournal.se\/anna\/wp-content\/uploads\/sites\/2\/2026\/09\/788171642_1500941668746930_3547287845242039066_n.jpg 1536w\" sizes=\"auto, (max-width: 768px) 100vw, 768px\" \/><\/figure>\n\n\n\n<p class=\"wp-block-paragraph\">H\u00f6jdpunkten f\u00f6r mig var <strong>Mirka Malmi<\/strong>s f\u00f6redrag &#8212; hon \u00e4r violinist och forskare, och jag har lyssnat mycket p\u00e5 hennes inspelningar av musik komponerad av finska kvinnor, bland annat <strong>Ida Moberg<\/strong>s fiolkonsert <em>Tondikt<\/em>. Det h\u00e4r f\u00f6redraget byggde p\u00e5 tre utvalda stycken som hon j\u00e4mf\u00f6rde med &#8221;standardrepertoar&#8221; (jag tycker inte om det ordet, men det \u00e4r klart att det finns s\u00e5dana stycken) och spelade f\u00f6r oss tillsammans med pianisten <strong>Tiina Karakorpi<\/strong>. Jag \u00e4r s\u00e5 glad att jag fick vara med och att vi kunde prata en liten stund efter\u00e5t!<\/p>\n\n\n\n<figure class=\"wp-block-image size-large\"><img loading=\"lazy\" decoding=\"async\" width=\"1024\" height=\"768\" src=\"https:\/\/bloggar.hemmetsjournal.se\/anna\/wp-content\/uploads\/sites\/2\/2026\/09\/784541241_29231379799797478_7429463018592557611_n-1024x768.jpg\" alt=\"\" class=\"wp-image-20688\" srcset=\"https:\/\/bloggar.hemmetsjournal.se\/anna\/wp-content\/uploads\/sites\/2\/2026\/09\/784541241_29231379799797478_7429463018592557611_n-1024x768.jpg 1024w, https:\/\/bloggar.hemmetsjournal.se\/anna\/wp-content\/uploads\/sites\/2\/2026\/09\/784541241_29231379799797478_7429463018592557611_n-300x225.jpg 300w, https:\/\/bloggar.hemmetsjournal.se\/anna\/wp-content\/uploads\/sites\/2\/2026\/09\/784541241_29231379799797478_7429463018592557611_n-768x576.jpg 768w, https:\/\/bloggar.hemmetsjournal.se\/anna\/wp-content\/uploads\/sites\/2\/2026\/09\/784541241_29231379799797478_7429463018592557611_n-1536x1152.jpg 1536w, https:\/\/bloggar.hemmetsjournal.se\/anna\/wp-content\/uploads\/sites\/2\/2026\/09\/784541241_29231379799797478_7429463018592557611_n.jpg 2048w\" sizes=\"auto, (max-width: 1024px) 100vw, 1024px\" \/><\/figure>\n\n\n\n<p class=\"wp-block-paragraph\">P\u00e5 fredagen skulle jag h\u00e5lla mitt f\u00f6redrag, och det var flera trappor upp i ett ganska tr\u00e5ngt trapphus och jag hade k\u00e4nslan att bara mina v\u00e4nner skulle komma, men klassrummet blev \u00f6verfullt, flera satt p\u00e5 bordskanter och i f\u00f6nsterkarmar och p\u00e5 golvet och i korridoren. Roligt!<\/p>\n\n\n\n<p class=\"wp-block-paragraph\">Eftersom jag hade sett hur tr\u00f6tta alla kan bli p\u00e5 PowerPoint-f\u00f6rel\u00e4sningar best\u00e4mde jag mig dagen f\u00f6re f\u00f6r att g\u00f6ra mitt f\u00f6redrag helt elektronikfritt.<\/p>\n\n\n\n<figure class=\"wp-block-image size-large\"><img loading=\"lazy\" decoding=\"async\" width=\"1024\" height=\"768\" src=\"https:\/\/bloggar.hemmetsjournal.se\/anna\/wp-content\/uploads\/sites\/2\/2026\/09\/783856846_29231379869797471_4998272517931977047_n-1024x768.jpg\" alt=\"\" class=\"wp-image-20689\" srcset=\"https:\/\/bloggar.hemmetsjournal.se\/anna\/wp-content\/uploads\/sites\/2\/2026\/09\/783856846_29231379869797471_4998272517931977047_n-1024x768.jpg 1024w, https:\/\/bloggar.hemmetsjournal.se\/anna\/wp-content\/uploads\/sites\/2\/2026\/09\/783856846_29231379869797471_4998272517931977047_n-300x225.jpg 300w, https:\/\/bloggar.hemmetsjournal.se\/anna\/wp-content\/uploads\/sites\/2\/2026\/09\/783856846_29231379869797471_4998272517931977047_n-768x576.jpg 768w, https:\/\/bloggar.hemmetsjournal.se\/anna\/wp-content\/uploads\/sites\/2\/2026\/09\/783856846_29231379869797471_4998272517931977047_n-1536x1152.jpg 1536w, https:\/\/bloggar.hemmetsjournal.se\/anna\/wp-content\/uploads\/sites\/2\/2026\/09\/783856846_29231379869797471_4998272517931977047_n.jpg 2048w\" sizes=\"auto, (max-width: 1024px) 100vw, 1024px\" \/><\/figure>\n\n\n\n<p class=\"wp-block-paragraph\">Det var flera som anv\u00e4nde en webbplats f\u00f6r ordmoln och fr\u00e5gor, s\u00e5 jag best\u00e4mde mig f\u00f6r att g\u00f6ra ett namnmoln p\u00e5 tavlan ist\u00e4llet, n\u00e4mligen med namn p\u00e5 tons\u00e4ttare som har komponerat f\u00f6r nyb\u00f6rjare p\u00e5 str\u00e5kinstrument. Varje land eller spr\u00e5komr\u00e5de brukar ha minst ett par, men inte ens i Europa vet vi om varandras. Det kom fram fler namn efter att Eva tog den h\u00e4r bilden, och \u00e4nnu fler senare.<\/p>\n\n\n\n<figure class=\"wp-block-image size-large\"><img loading=\"lazy\" decoding=\"async\" width=\"1024\" height=\"768\" src=\"https:\/\/bloggar.hemmetsjournal.se\/anna\/wp-content\/uploads\/sites\/2\/2026\/09\/778869700_29231379403130851_6201439715408478289_n-1024x768.jpg\" alt=\"\" class=\"wp-image-20690\" srcset=\"https:\/\/bloggar.hemmetsjournal.se\/anna\/wp-content\/uploads\/sites\/2\/2026\/09\/778869700_29231379403130851_6201439715408478289_n-1024x768.jpg 1024w, https:\/\/bloggar.hemmetsjournal.se\/anna\/wp-content\/uploads\/sites\/2\/2026\/09\/778869700_29231379403130851_6201439715408478289_n-300x225.jpg 300w, https:\/\/bloggar.hemmetsjournal.se\/anna\/wp-content\/uploads\/sites\/2\/2026\/09\/778869700_29231379403130851_6201439715408478289_n-768x576.jpg 768w, https:\/\/bloggar.hemmetsjournal.se\/anna\/wp-content\/uploads\/sites\/2\/2026\/09\/778869700_29231379403130851_6201439715408478289_n-1536x1152.jpg 1536w, https:\/\/bloggar.hemmetsjournal.se\/anna\/wp-content\/uploads\/sites\/2\/2026\/09\/778869700_29231379403130851_6201439715408478289_n.jpg 2048w\" sizes=\"auto, (max-width: 1024px) 100vw, 1024px\" \/><\/figure>\n\n\n\n<p class=\"wp-block-paragraph\">Och jag \u00e4r s\u00e5 glad f\u00f6r den fina \u00e5h\u00f6rarskaran &#8212; h\u00e4r \u00e4r bara n\u00e5gra av alla f\u00f6rst\u00e5s. Det \u00e4r en mycket underlig situation att s\u00e5 m\u00e5nga i musikv\u00e4rlden \u00e4r kvinnor och att n\u00e4stan all musik som spelas \u00e4r skriven av m\u00e4n. Men jag tror att det \u00e4r n\u00e5got som g\u00e5r att \u00e4ndra p\u00e5. Och arbetet med att g\u00f6ra det \u00e4r S\u00c5 roligt och inneh\u00e5ller S\u00c5 m\u00e5nga underbara \u00f6verraskningar.<\/p>\n\n\n\n<p class=\"wp-block-paragraph\">Tack Eva som fotograferade medan jag ber\u00e4ttade &#8212; jag kom inte ens p\u00e5 att ta n\u00e5gon bild innan alla kom &#8230;<\/p>\n","protected":false},"excerpt":{"rendered":"<p>Den h\u00e4r g\u00e5ngen beror tystnaden h\u00e4r p\u00e5 Ett varv till-bloggen p\u00e5 att jag var i Helsingfors n\u00e4stan hela f\u00f6rra veckan! Svenska str\u00e5kl\u00e4rarf\u00f6rbundet hade bett mig att liksom f\u00f6r Sveriges r\u00e4kning skicka in en ans\u00f6kan om att f\u00e5 f\u00f6rel\u00e4sa p\u00e5 den europeiska str\u00e5kl\u00e4rarkonferensen. Det var ett mycket akademiskt f\u00f6rfarande, och jag skrev f\u00f6r s\u00e4kerhets skull i&#8230;<\/p>\n","protected":false},"author":2,"featured_media":20684,"comment_status":"open","ping_status":"open","sticky":false,"template":"","format":"standard","meta":{"site-sidebar-layout":"default","site-content-layout":"","ast-site-content-layout":"default","site-content-style":"default","site-sidebar-style":"default","ast-global-header-display":"","ast-banner-title-visibility":"","ast-main-header-display":"","ast-hfb-above-header-display":"","ast-hfb-below-header-display":"","ast-hfb-mobile-header-display":"","site-post-title":"","ast-breadcrumbs-content":"","ast-featured-img":"","footer-sml-layout":"","ast-disable-related-posts":"","theme-transparent-header-meta":"","adv-header-id-meta":"","stick-header-meta":"","header-above-stick-meta":"","header-main-stick-meta":"","header-below-stick-meta":"","astra-migrate-meta-layouts":"set","ast-page-background-enabled":"default","ast-page-background-meta":{"desktop":{"background-color":"var(--ast-global-color-4)","background-image":"","background-repeat":"repeat","background-position":"center center","background-size":"auto","background-attachment":"scroll","background-type":"","background-media":"","overlay-type":"","overlay-color":"","overlay-opacity":"","overlay-gradient":""},"tablet":{"background-color":"","background-image":"","background-repeat":"repeat","background-position":"center center","background-size":"auto","background-attachment":"scroll","background-type":"","background-media":"","overlay-type":"","overlay-color":"","overlay-opacity":"","overlay-gradient":""},"mobile":{"background-color":"","background-image":"","background-repeat":"repeat","background-position":"center center","background-size":"auto","background-attachment":"scroll","background-type":"","background-media":"","overlay-type":"","overlay-color":"","overlay-opacity":"","overlay-gradient":""}},"ast-content-background-meta":{"desktop":{"background-color":"var(--ast-global-color-5)","background-image":"","background-repeat":"repeat","background-position":"center center","background-size":"auto","background-attachment":"scroll","background-type":"","background-media":"","overlay-type":"","overlay-color":"","overlay-opacity":"","overlay-gradient":""},"tablet":{"background-color":"var(--ast-global-color-5)","background-image":"","background-repeat":"repeat","background-position":"center center","background-size":"auto","background-attachment":"scroll","background-type":"","background-media":"","overlay-type":"","overlay-color":"","overlay-opacity":"","overlay-gradient":""},"mobile":{"background-color":"var(--ast-global-color-5)","background-image":"","background-repeat":"repeat","background-position":"center center","background-size":"auto","background-attachment":"scroll","background-type":"","background-media":"","overlay-type":"","overlay-color":"","overlay-opacity":"","overlay-gradient":""}},"footnotes":""},"categories":[1450],"tags":[902,1667],"class_list":["post-20683","post","type-post","status-publish","format-standard","has-post-thumbnail","hentry","category-resor","tag-finland","tag-helsingfors"],"_links":{"self":[{"href":"https:\/\/bloggar.hemmetsjournal.se\/anna\/wp-json\/wp\/v2\/posts\/20683","targetHints":{"allow":["GET"]}}],"collection":[{"href":"https:\/\/bloggar.hemmetsjournal.se\/anna\/wp-json\/wp\/v2\/posts"}],"about":[{"href":"https:\/\/bloggar.hemmetsjournal.se\/anna\/wp-json\/wp\/v2\/types\/post"}],"author":[{"embeddable":true,"href":"https:\/\/bloggar.hemmetsjournal.se\/anna\/wp-json\/wp\/v2\/users\/2"}],"replies":[{"embeddable":true,"href":"https:\/\/bloggar.hemmetsjournal.se\/anna\/wp-json\/wp\/v2\/comments?post=20683"}],"version-history":[{"count":5,"href":"https:\/\/bloggar.hemmetsjournal.se\/anna\/wp-json\/wp\/v2\/posts\/20683\/revisions"}],"predecessor-version":[{"id":20696,"href":"https:\/\/bloggar.hemmetsjournal.se\/anna\/wp-json\/wp\/v2\/posts\/20683\/revisions\/20696"}],"wp:featuredmedia":[{"embeddable":true,"href":"https:\/\/bloggar.hemmetsjournal.se\/anna\/wp-json\/wp\/v2\/media\/20684"}],"wp:attachment":[{"href":"https:\/\/bloggar.hemmetsjournal.se\/anna\/wp-json\/wp\/v2\/media?parent=20683"}],"wp:term":[{"taxonomy":"category","embeddable":true,"href":"https:\/\/bloggar.hemmetsjournal.se\/anna\/wp-json\/wp\/v2\/categories?post=20683"},{"taxonomy":"post_tag","embeddable":true,"href":"https:\/\/bloggar.hemmetsjournal.se\/anna\/wp-json\/wp\/v2\/tags?post=20683"}],"curies":[{"name":"wp","href":"https:\/\/api.w.org\/{rel}","templated":true}]}}