{"id":20219,"date":"2026-03-03T17:39:23","date_gmt":"2026-03-03T16:39:23","guid":{"rendered":"https:\/\/bloggar.hemmetsjournal.se\/anna\/?p=20219"},"modified":"2026-03-03T17:39:23","modified_gmt":"2026-03-03T16:39:23","slug":"gammal-troja","status":"publish","type":"post","link":"https:\/\/bloggar.hemmetsjournal.se\/anna\/2026\/gammal-troja\/","title":{"rendered":"Gammal tr\u00f6ja"},"content":{"rendered":"\n<p>En lite hoppingivande nyhet bland alla helt f\u00f6rskr\u00e4ckliga: p\u00e5 Grenna museum har det l\u00e4nge funnits en s\u00e4ck med diverse textilier som i princip hade sorterats som skr\u00e4p. Men s\u00e4cken sl\u00e4ngdes inte! Och nu n\u00e4r intresset f\u00f6r det som brukar kallas Andr\u00e9es luftf\u00e4rd \u00e4r st\u00f6rre \u00e4n n\u00e5gon g\u00e5ng tidigare kom n\u00e5gon att t\u00e4nka p\u00e5 s\u00e4cken och gjorde en annan bed\u00f6mning. Den tr\u00f6ja som ingenj\u00f6r Andr\u00e9e lindade in sin dagbok i har f\u00e5tt en egen monter fast\u00e4n den inte \u00e4r i s\u00e5 bra skick. Kanske \u00e4r den till och med mer intressant d\u00e4rf\u00f6r att den \u00e4r s\u00e5 anv\u00e4nd.<\/p>\n\n\n\n<p>Lustigt nog verkar det h\u00e4r vara en st\u00f6rre nyhet f\u00f6r Sveriges radio och Sveriges television \u00e4n f\u00f6r museet &#8212; jag t\u00e4nkte l\u00e5na en bild fr\u00e5n museiwebbplatsen, men d\u00e4r finns tr\u00f6jan inte med bland det som har h\u00e4nt den senaste tiden. Bilden h\u00e4r \u00e4r l\u00e5nad fr\u00e5n P4.<\/p>\n\n\n\n<figure class=\"wp-block-image size-full\"><img loading=\"lazy\" decoding=\"async\" width=\"200\" height=\"305\" src=\"https:\/\/bloggar.hemmetsjournal.se\/anna\/wp-content\/uploads\/sites\/2\/2026\/03\/the-golden-thread.jpg\" alt=\"\" class=\"wp-image-20221\" srcset=\"https:\/\/bloggar.hemmetsjournal.se\/anna\/wp-content\/uploads\/sites\/2\/2026\/03\/the-golden-thread.jpg 200w, https:\/\/bloggar.hemmetsjournal.se\/anna\/wp-content\/uploads\/sites\/2\/2026\/03\/the-golden-thread-197x300.jpg 197w\" sizes=\"(max-width: 200px) 100vw, 200px\" \/><\/figure>\n\n\n\n<p>De senaste \u00e5ren har jag l\u00e4st <strong>Kassia St. Clair<\/strong>s textilhistoriebok i sm\u00e5 bitar. N\u00e4r jag k\u00f6pte den trodde jag att jag skulle susa igenom den med ett leende, och det var ju naivt &#8212; vi har kl\u00e4der d\u00e4rf\u00f6r att vi verkligen beh\u00f6ver kl\u00e4der, och det \u00e4r en \u00f6verlevnadsfr\u00e5ga.  Jag har blivit helt omskakad av alla redog\u00f6relser f\u00f6r f\u00f6rfrusna kroppsdelar och pl\u00e5gsamma experiment med kl\u00e4der f\u00f6r extrema temperaturer. Flera av de stora expeditionerna finns med h\u00e4r &#8212; Andr\u00e9es f\u00e5r nog i sammanhanget ses som ganska liten &#8212; och jag kommer aldrig att kunna l\u00e4sa om dem igen, eller om v\u00e5r tids bergsbestigare och polarforskare, utan att t\u00e4nka p\u00e5 hur kl\u00e4derna \u00e4r konstruerade. En varm (brrr!) rekommendation!<\/p>\n","protected":false},"excerpt":{"rendered":"<p>En lite hoppingivande nyhet bland alla helt f\u00f6rskr\u00e4ckliga: p\u00e5 Grenna museum har det l\u00e4nge funnits en s\u00e4ck med diverse textilier som i princip hade sorterats som skr\u00e4p. Men s\u00e4cken sl\u00e4ngdes inte! Och nu n\u00e4r intresset f\u00f6r det som brukar kallas Andr\u00e9es luftf\u00e4rd \u00e4r st\u00f6rre \u00e4n n\u00e5gon g\u00e5ng tidigare kom n\u00e5gon att t\u00e4nka p\u00e5 s\u00e4cken och&#8230;<\/p>\n","protected":false},"author":2,"featured_media":20220,"comment_status":"open","ping_status":"open","sticky":false,"template":"","format":"standard","meta":{"site-sidebar-layout":"default","site-content-layout":"","ast-site-content-layout":"default","site-content-style":"default","site-sidebar-style":"default","ast-global-header-display":"","ast-banner-title-visibility":"","ast-main-header-display":"","ast-hfb-above-header-display":"","ast-hfb-below-header-display":"","ast-hfb-mobile-header-display":"","site-post-title":"","ast-breadcrumbs-content":"","ast-featured-img":"","footer-sml-layout":"","ast-disable-related-posts":"","theme-transparent-header-meta":"","adv-header-id-meta":"","stick-header-meta":"","header-above-stick-meta":"","header-main-stick-meta":"","header-below-stick-meta":"","astra-migrate-meta-layouts":"set","ast-page-background-enabled":"default","ast-page-background-meta":{"desktop":{"background-color":"var(--ast-global-color-4)","background-image":"","background-repeat":"repeat","background-position":"center center","background-size":"auto","background-attachment":"scroll","background-type":"","background-media":"","overlay-type":"","overlay-color":"","overlay-opacity":"","overlay-gradient":""},"tablet":{"background-color":"","background-image":"","background-repeat":"repeat","background-position":"center center","background-size":"auto","background-attachment":"scroll","background-type":"","background-media":"","overlay-type":"","overlay-color":"","overlay-opacity":"","overlay-gradient":""},"mobile":{"background-color":"","background-image":"","background-repeat":"repeat","background-position":"center center","background-size":"auto","background-attachment":"scroll","background-type":"","background-media":"","overlay-type":"","overlay-color":"","overlay-opacity":"","overlay-gradient":""}},"ast-content-background-meta":{"desktop":{"background-color":"var(--ast-global-color-5)","background-image":"","background-repeat":"repeat","background-position":"center center","background-size":"auto","background-attachment":"scroll","background-type":"","background-media":"","overlay-type":"","overlay-color":"","overlay-opacity":"","overlay-gradient":""},"tablet":{"background-color":"var(--ast-global-color-5)","background-image":"","background-repeat":"repeat","background-position":"center center","background-size":"auto","background-attachment":"scroll","background-type":"","background-media":"","overlay-type":"","overlay-color":"","overlay-opacity":"","overlay-gradient":""},"mobile":{"background-color":"var(--ast-global-color-5)","background-image":"","background-repeat":"repeat","background-position":"center center","background-size":"auto","background-attachment":"scroll","background-type":"","background-media":"","overlay-type":"","overlay-color":"","overlay-opacity":"","overlay-gradient":""}},"footnotes":""},"categories":[136],"tags":[],"class_list":["post-20219","post","type-post","status-publish","format-standard","has-post-thumbnail","hentry","category-handarbetshistoria"],"_links":{"self":[{"href":"https:\/\/bloggar.hemmetsjournal.se\/anna\/wp-json\/wp\/v2\/posts\/20219"}],"collection":[{"href":"https:\/\/bloggar.hemmetsjournal.se\/anna\/wp-json\/wp\/v2\/posts"}],"about":[{"href":"https:\/\/bloggar.hemmetsjournal.se\/anna\/wp-json\/wp\/v2\/types\/post"}],"author":[{"embeddable":true,"href":"https:\/\/bloggar.hemmetsjournal.se\/anna\/wp-json\/wp\/v2\/users\/2"}],"replies":[{"embeddable":true,"href":"https:\/\/bloggar.hemmetsjournal.se\/anna\/wp-json\/wp\/v2\/comments?post=20219"}],"version-history":[{"count":1,"href":"https:\/\/bloggar.hemmetsjournal.se\/anna\/wp-json\/wp\/v2\/posts\/20219\/revisions"}],"predecessor-version":[{"id":20222,"href":"https:\/\/bloggar.hemmetsjournal.se\/anna\/wp-json\/wp\/v2\/posts\/20219\/revisions\/20222"}],"wp:featuredmedia":[{"embeddable":true,"href":"https:\/\/bloggar.hemmetsjournal.se\/anna\/wp-json\/wp\/v2\/media\/20220"}],"wp:attachment":[{"href":"https:\/\/bloggar.hemmetsjournal.se\/anna\/wp-json\/wp\/v2\/media?parent=20219"}],"wp:term":[{"taxonomy":"category","embeddable":true,"href":"https:\/\/bloggar.hemmetsjournal.se\/anna\/wp-json\/wp\/v2\/categories?post=20219"},{"taxonomy":"post_tag","embeddable":true,"href":"https:\/\/bloggar.hemmetsjournal.se\/anna\/wp-json\/wp\/v2\/tags?post=20219"}],"curies":[{"name":"wp","href":"https:\/\/api.w.org\/{rel}","templated":true}]}}