{"id":19928,"date":"2025-12-01T17:34:43","date_gmt":"2025-12-01T16:34:43","guid":{"rendered":"https:\/\/bloggar.hemmetsjournal.se\/anna\/?p=19928"},"modified":"2025-12-01T17:34:43","modified_gmt":"2025-12-01T16:34:43","slug":"ljus-i-morkret","status":"publish","type":"post","link":"https:\/\/bloggar.hemmetsjournal.se\/anna\/2025\/ljus-i-morkret\/","title":{"rendered":"Ljus i m\u00f6rkret"},"content":{"rendered":"\n<p>Att lova att den h\u00e4r m\u00f6ssan lyser i m\u00f6rkret \u00e4r ju att ta i, men att den reflekterar ljus \u00e4r alldeles sant! \u00c5tminstone de tre ljusa r\u00e4nderna.<\/p>\n\n\n\n<figure class=\"wp-block-image size-full\"><img loading=\"lazy\" decoding=\"async\" width=\"750\" height=\"562\" src=\"https:\/\/bloggar.hemmetsjournal.se\/anna\/wp-content\/uploads\/sites\/2\/2025\/12\/592570195_26310419705226850_4439148025046366803_n.jpg\" alt=\"\" class=\"wp-image-19930\" srcset=\"https:\/\/bloggar.hemmetsjournal.se\/anna\/wp-content\/uploads\/sites\/2\/2025\/12\/592570195_26310419705226850_4439148025046366803_n.jpg 750w, https:\/\/bloggar.hemmetsjournal.se\/anna\/wp-content\/uploads\/sites\/2\/2025\/12\/592570195_26310419705226850_4439148025046366803_n-300x225.jpg 300w\" sizes=\"(max-width: 750px) 100vw, 750px\" \/><\/figure>\n\n\n\n<p>De senaste veckorna har jag stickat flera m\u00f6ssor med reflexgarn i. N\u00e4r det b\u00f6rjade s\u00e4ljas (var det f\u00f6r fem\u2014sex \u00e5r sedan? Kanske mer?) tyckte jag att det var lite v\u00e4l vasst i reflextr\u00e5darna, och flera nystan har blivit liggande. Men s\u00e5h\u00e4r, med mjukare garn i nacken och pannan och runt \u00f6ronen och s\u00e5 n\u00e5gra r\u00e4nder en bit upp d\u00e4r m\u00e5nga har h\u00e5ret mellan sig och m\u00f6ssan, har det st\u00f6rre chans att fungera? Vad tror ni? \u2744\ufe0f\ud83e\uddf6<\/p>\n","protected":false},"excerpt":{"rendered":"<p>Att lova att den h\u00e4r m\u00f6ssan lyser i m\u00f6rkret \u00e4r ju att ta i, men att den reflekterar ljus \u00e4r alldeles sant! \u00c5tminstone de tre ljusa r\u00e4nderna. De senaste veckorna har jag stickat flera m\u00f6ssor med reflexgarn i. N\u00e4r det b\u00f6rjade s\u00e4ljas (var det f\u00f6r fem\u2014sex \u00e5r sedan? Kanske mer?) tyckte jag att det var&#8230;<\/p>\n","protected":false},"author":2,"featured_media":19929,"comment_status":"open","ping_status":"open","sticky":false,"template":"","format":"standard","meta":{"site-sidebar-layout":"default","site-content-layout":"","ast-site-content-layout":"default","site-content-style":"default","site-sidebar-style":"default","ast-global-header-display":"","ast-banner-title-visibility":"","ast-main-header-display":"","ast-hfb-above-header-display":"","ast-hfb-below-header-display":"","ast-hfb-mobile-header-display":"","site-post-title":"","ast-breadcrumbs-content":"","ast-featured-img":"","footer-sml-layout":"","ast-disable-related-posts":"","theme-transparent-header-meta":"","adv-header-id-meta":"","stick-header-meta":"","header-above-stick-meta":"","header-main-stick-meta":"","header-below-stick-meta":"","astra-migrate-meta-layouts":"set","ast-page-background-enabled":"default","ast-page-background-meta":{"desktop":{"background-color":"var(--ast-global-color-4)","background-image":"","background-repeat":"repeat","background-position":"center center","background-size":"auto","background-attachment":"scroll","background-type":"","background-media":"","overlay-type":"","overlay-color":"","overlay-opacity":"","overlay-gradient":""},"tablet":{"background-color":"","background-image":"","background-repeat":"repeat","background-position":"center center","background-size":"auto","background-attachment":"scroll","background-type":"","background-media":"","overlay-type":"","overlay-color":"","overlay-opacity":"","overlay-gradient":""},"mobile":{"background-color":"","background-image":"","background-repeat":"repeat","background-position":"center center","background-size":"auto","background-attachment":"scroll","background-type":"","background-media":"","overlay-type":"","overlay-color":"","overlay-opacity":"","overlay-gradient":""}},"ast-content-background-meta":{"desktop":{"background-color":"var(--ast-global-color-5)","background-image":"","background-repeat":"repeat","background-position":"center center","background-size":"auto","background-attachment":"scroll","background-type":"","background-media":"","overlay-type":"","overlay-color":"","overlay-opacity":"","overlay-gradient":""},"tablet":{"background-color":"var(--ast-global-color-5)","background-image":"","background-repeat":"repeat","background-position":"center center","background-size":"auto","background-attachment":"scroll","background-type":"","background-media":"","overlay-type":"","overlay-color":"","overlay-opacity":"","overlay-gradient":""},"mobile":{"background-color":"var(--ast-global-color-5)","background-image":"","background-repeat":"repeat","background-position":"center center","background-size":"auto","background-attachment":"scroll","background-type":"","background-media":"","overlay-type":"","overlay-color":"","overlay-opacity":"","overlay-gradient":""}},"footnotes":""},"categories":[1255,123],"tags":[1515],"class_list":["post-19928","post","type-post","status-publish","format-standard","has-post-thumbnail","hentry","category-mossor","category-ratstickat","tag-mossan-omtanke"],"_links":{"self":[{"href":"https:\/\/bloggar.hemmetsjournal.se\/anna\/wp-json\/wp\/v2\/posts\/19928"}],"collection":[{"href":"https:\/\/bloggar.hemmetsjournal.se\/anna\/wp-json\/wp\/v2\/posts"}],"about":[{"href":"https:\/\/bloggar.hemmetsjournal.se\/anna\/wp-json\/wp\/v2\/types\/post"}],"author":[{"embeddable":true,"href":"https:\/\/bloggar.hemmetsjournal.se\/anna\/wp-json\/wp\/v2\/users\/2"}],"replies":[{"embeddable":true,"href":"https:\/\/bloggar.hemmetsjournal.se\/anna\/wp-json\/wp\/v2\/comments?post=19928"}],"version-history":[{"count":1,"href":"https:\/\/bloggar.hemmetsjournal.se\/anna\/wp-json\/wp\/v2\/posts\/19928\/revisions"}],"predecessor-version":[{"id":19931,"href":"https:\/\/bloggar.hemmetsjournal.se\/anna\/wp-json\/wp\/v2\/posts\/19928\/revisions\/19931"}],"wp:featuredmedia":[{"embeddable":true,"href":"https:\/\/bloggar.hemmetsjournal.se\/anna\/wp-json\/wp\/v2\/media\/19929"}],"wp:attachment":[{"href":"https:\/\/bloggar.hemmetsjournal.se\/anna\/wp-json\/wp\/v2\/media?parent=19928"}],"wp:term":[{"taxonomy":"category","embeddable":true,"href":"https:\/\/bloggar.hemmetsjournal.se\/anna\/wp-json\/wp\/v2\/categories?post=19928"},{"taxonomy":"post_tag","embeddable":true,"href":"https:\/\/bloggar.hemmetsjournal.se\/anna\/wp-json\/wp\/v2\/tags?post=19928"}],"curies":[{"name":"wp","href":"https:\/\/api.w.org\/{rel}","templated":true}]}}