{"id":1931,"date":"2017-02-27T08:11:24","date_gmt":"2017-02-27T06:11:24","guid":{"rendered":"https:\/\/bloggar.hemmetsjournal.se\/anna\/?p=1931"},"modified":"2017-05-13T07:22:57","modified_gmt":"2017-05-13T05:22:57","slug":"svensk-monstertradition-som-passar-nastan-overallt","status":"publish","type":"post","link":"https:\/\/bloggar.hemmetsjournal.se\/anna\/2017\/svensk-monstertradition-som-passar-nastan-overallt\/","title":{"rendered":"Svensk m\u00f6nstertradition som passar n\u00e4stan \u00f6verallt"},"content":{"rendered":"<p><img loading=\"lazy\" decoding=\"async\" class=\"alignnone size-full wp-image-1932\" src=\"https:\/\/bloggar.hemmetsjournal.se\/anna\/wp-content\/uploads\/sites\/2\/2017\/02\/DSC_2707.jpg\" alt=\"\" width=\"1280\" height=\"853\" srcset=\"https:\/\/bloggar.hemmetsjournal.se\/anna\/wp-content\/uploads\/sites\/2\/2017\/02\/DSC_2707.jpg 1280w, https:\/\/bloggar.hemmetsjournal.se\/anna\/wp-content\/uploads\/sites\/2\/2017\/02\/DSC_2707-300x200.jpg 300w, https:\/\/bloggar.hemmetsjournal.se\/anna\/wp-content\/uploads\/sites\/2\/2017\/02\/DSC_2707-1024x682.jpg 1024w, https:\/\/bloggar.hemmetsjournal.se\/anna\/wp-content\/uploads\/sites\/2\/2017\/02\/DSC_2707-768x512.jpg 768w, https:\/\/bloggar.hemmetsjournal.se\/anna\/wp-content\/uploads\/sites\/2\/2017\/02\/DSC_2707-1073x715.jpg 1073w, https:\/\/bloggar.hemmetsjournal.se\/anna\/wp-content\/uploads\/sites\/2\/2017\/02\/DSC_2707-483x322.jpg 483w, https:\/\/bloggar.hemmetsjournal.se\/anna\/wp-content\/uploads\/sites\/2\/2017\/02\/DSC_2707-360x240.jpg 360w, https:\/\/bloggar.hemmetsjournal.se\/anna\/wp-content\/uploads\/sites\/2\/2017\/02\/DSC_2707-600x400.jpg 600w, https:\/\/bloggar.hemmetsjournal.se\/anna\/wp-content\/uploads\/sites\/2\/2017\/02\/DSC_2707-263x175.jpg 263w, https:\/\/bloggar.hemmetsjournal.se\/anna\/wp-content\/uploads\/sites\/2\/2017\/02\/DSC_2707-24x16.jpg 24w, https:\/\/bloggar.hemmetsjournal.se\/anna\/wp-content\/uploads\/sites\/2\/2017\/02\/DSC_2707-36x24.jpg 36w, https:\/\/bloggar.hemmetsjournal.se\/anna\/wp-content\/uploads\/sites\/2\/2017\/02\/DSC_2707-48x32.jpg 48w\" sizes=\"(max-width: 1280px) 100vw, 1280px\" \/><\/p>\n<p>\u00c4ntligen har jag bekantat mig med <strong>Maja<\/strong>s bok <em><a href=\"https:\/\/www.bonnierfakta.se\/bocker\/hantverk-och-hobby\/s\/sticka-svenska-monster\/\">Sticka svenska m\u00f6nster<\/a><\/em>!<\/p>\n<p>Medan den fortfarande var en id\u00e9 pratade Maja och jag ganska mycket om den. Sedan har jag h\u00f6rt lite d\u00e5 och d\u00e5 om hur otroligt mycket arbete det har varit med allting i den. Och i h\u00f6stas kom den ut!<\/p>\n<p><img loading=\"lazy\" decoding=\"async\" class=\"alignnone size-full wp-image-1933\" src=\"https:\/\/bloggar.hemmetsjournal.se\/anna\/wp-content\/uploads\/sites\/2\/2017\/02\/DSC_2699.jpg\" alt=\"\" width=\"1280\" height=\"853\" srcset=\"https:\/\/bloggar.hemmetsjournal.se\/anna\/wp-content\/uploads\/sites\/2\/2017\/02\/DSC_2699.jpg 1280w, https:\/\/bloggar.hemmetsjournal.se\/anna\/wp-content\/uploads\/sites\/2\/2017\/02\/DSC_2699-300x200.jpg 300w, https:\/\/bloggar.hemmetsjournal.se\/anna\/wp-content\/uploads\/sites\/2\/2017\/02\/DSC_2699-1024x682.jpg 1024w, https:\/\/bloggar.hemmetsjournal.se\/anna\/wp-content\/uploads\/sites\/2\/2017\/02\/DSC_2699-768x512.jpg 768w, https:\/\/bloggar.hemmetsjournal.se\/anna\/wp-content\/uploads\/sites\/2\/2017\/02\/DSC_2699-1073x715.jpg 1073w, https:\/\/bloggar.hemmetsjournal.se\/anna\/wp-content\/uploads\/sites\/2\/2017\/02\/DSC_2699-483x322.jpg 483w, https:\/\/bloggar.hemmetsjournal.se\/anna\/wp-content\/uploads\/sites\/2\/2017\/02\/DSC_2699-360x240.jpg 360w, https:\/\/bloggar.hemmetsjournal.se\/anna\/wp-content\/uploads\/sites\/2\/2017\/02\/DSC_2699-600x400.jpg 600w, https:\/\/bloggar.hemmetsjournal.se\/anna\/wp-content\/uploads\/sites\/2\/2017\/02\/DSC_2699-263x175.jpg 263w, https:\/\/bloggar.hemmetsjournal.se\/anna\/wp-content\/uploads\/sites\/2\/2017\/02\/DSC_2699-24x16.jpg 24w, https:\/\/bloggar.hemmetsjournal.se\/anna\/wp-content\/uploads\/sites\/2\/2017\/02\/DSC_2699-36x24.jpg 36w, https:\/\/bloggar.hemmetsjournal.se\/anna\/wp-content\/uploads\/sites\/2\/2017\/02\/DSC_2699-48x32.jpg 48w\" sizes=\"(max-width: 1280px) 100vw, 1280px\" \/><\/p>\n<p>Maja (hon \u00e4r fotomodell i sin egen bok, och det \u00e4r henne ni ser h\u00e4r p\u00e5 bilden) och jag l\u00e4rde k\u00e4nna varandra tack vare <a href=\"https:\/\/www.jarbo.se\/femtimmarskoftan\/\">Femtimmarskoftan<\/a> &#8212; hon fick syn p\u00e5 den p\u00e5 den blogg som jag hade d\u00e5 och stickade den till sin dotter. Sedan hittade hon ocks\u00e5 p\u00e5 en cape och en kort\u00e4rmad kappa med Femtimmarskoftan som grundid\u00e9.<\/p>\n<p>Vintagestickning har varit Majas specialomr\u00e5de. Det inneb\u00e4r, lite f\u00f6renklat, att man stickar efter gamla m\u00f6nster, ofta fr\u00e5n 1950-talet eller s\u00e5. Tunt garn, m\u00e5nga detaljer, och i beskrivningarna f\u00f6ruts\u00e4tts det inte s\u00e5 s\u00e4llan att man kan lista ut ganska mycket sj\u00e4lv.<\/p>\n<p>Men i <em>Sticka svenska m\u00f6nster<\/em> har Maja tagit vara p\u00e5 historisk stickning p\u00e5 ett helt annat s\u00e4tt: hon har letat upp motiv fr\u00e5n den svenska m\u00f6nsterstickningstraditionen (tv\u00e5f\u00e4rgsstickning, ibland flerf\u00e4rgsstickning) och placerat dem p\u00e5 plagg som hon sj\u00e4lv har formgivit.<\/p>\n<p><img loading=\"lazy\" decoding=\"async\" class=\"alignnone size-full wp-image-1934\" src=\"https:\/\/bloggar.hemmetsjournal.se\/anna\/wp-content\/uploads\/sites\/2\/2017\/02\/DSC_2701.jpg\" alt=\"\" width=\"1280\" height=\"853\" srcset=\"https:\/\/bloggar.hemmetsjournal.se\/anna\/wp-content\/uploads\/sites\/2\/2017\/02\/DSC_2701.jpg 1280w, https:\/\/bloggar.hemmetsjournal.se\/anna\/wp-content\/uploads\/sites\/2\/2017\/02\/DSC_2701-300x200.jpg 300w, https:\/\/bloggar.hemmetsjournal.se\/anna\/wp-content\/uploads\/sites\/2\/2017\/02\/DSC_2701-1024x682.jpg 1024w, https:\/\/bloggar.hemmetsjournal.se\/anna\/wp-content\/uploads\/sites\/2\/2017\/02\/DSC_2701-768x512.jpg 768w, https:\/\/bloggar.hemmetsjournal.se\/anna\/wp-content\/uploads\/sites\/2\/2017\/02\/DSC_2701-1073x715.jpg 1073w, https:\/\/bloggar.hemmetsjournal.se\/anna\/wp-content\/uploads\/sites\/2\/2017\/02\/DSC_2701-483x322.jpg 483w, https:\/\/bloggar.hemmetsjournal.se\/anna\/wp-content\/uploads\/sites\/2\/2017\/02\/DSC_2701-360x240.jpg 360w, https:\/\/bloggar.hemmetsjournal.se\/anna\/wp-content\/uploads\/sites\/2\/2017\/02\/DSC_2701-600x400.jpg 600w, https:\/\/bloggar.hemmetsjournal.se\/anna\/wp-content\/uploads\/sites\/2\/2017\/02\/DSC_2701-263x175.jpg 263w, https:\/\/bloggar.hemmetsjournal.se\/anna\/wp-content\/uploads\/sites\/2\/2017\/02\/DSC_2701-24x16.jpg 24w, https:\/\/bloggar.hemmetsjournal.se\/anna\/wp-content\/uploads\/sites\/2\/2017\/02\/DSC_2701-36x24.jpg 36w, https:\/\/bloggar.hemmetsjournal.se\/anna\/wp-content\/uploads\/sites\/2\/2017\/02\/DSC_2701-48x32.jpg 48w\" sizes=\"(max-width: 1280px) 100vw, 1280px\" \/><\/p>\n<p>F\u00f6rsta intrycket av boken: o, s\u00e5 vacker den \u00e4r!<\/p>\n<p>Plaggen \u00e4r stickade i mest ullgarner, en del fr\u00e5n J\u00e4rbo Garn som Maja arbetar mycket f\u00f6r, en del fr\u00e5n ett danskt m\u00e4rke som Maja har s\u00e5lt mycket genom sin butik Majas Manufaktur, och s\u00e5 n\u00e5gra till. De \u00e4r fotograferade i n\u00e5gra lantliga milj\u00f6er n\u00e4ra Stockholm &#8212; och s\u00e5 runt Arvika d\u00e4r Maja bor och d\u00e4r jag ocks\u00e5 har bott i fem \u00e5r. <strong>Anna<\/strong> p\u00e5 bilden h\u00e4r ovanf\u00f6r tr\u00e4ffade jag f\u00f6rsta g\u00e5ngen n\u00e4r hon var kanske tre. Hennes f\u00f6r\u00e4ldrars g\u00e5rd och Rackstadmuseet \u00e4r tv\u00e5 platser dit Maja har tagit med sin fotograf.<\/p>\n<p><img loading=\"lazy\" decoding=\"async\" class=\"alignnone size-full wp-image-1935\" src=\"https:\/\/bloggar.hemmetsjournal.se\/anna\/wp-content\/uploads\/sites\/2\/2017\/02\/DSC_2703.jpg\" alt=\"\" width=\"1280\" height=\"853\" srcset=\"https:\/\/bloggar.hemmetsjournal.se\/anna\/wp-content\/uploads\/sites\/2\/2017\/02\/DSC_2703.jpg 1280w, https:\/\/bloggar.hemmetsjournal.se\/anna\/wp-content\/uploads\/sites\/2\/2017\/02\/DSC_2703-300x200.jpg 300w, https:\/\/bloggar.hemmetsjournal.se\/anna\/wp-content\/uploads\/sites\/2\/2017\/02\/DSC_2703-1024x682.jpg 1024w, https:\/\/bloggar.hemmetsjournal.se\/anna\/wp-content\/uploads\/sites\/2\/2017\/02\/DSC_2703-768x512.jpg 768w, https:\/\/bloggar.hemmetsjournal.se\/anna\/wp-content\/uploads\/sites\/2\/2017\/02\/DSC_2703-1073x715.jpg 1073w, https:\/\/bloggar.hemmetsjournal.se\/anna\/wp-content\/uploads\/sites\/2\/2017\/02\/DSC_2703-483x322.jpg 483w, https:\/\/bloggar.hemmetsjournal.se\/anna\/wp-content\/uploads\/sites\/2\/2017\/02\/DSC_2703-360x240.jpg 360w, https:\/\/bloggar.hemmetsjournal.se\/anna\/wp-content\/uploads\/sites\/2\/2017\/02\/DSC_2703-600x400.jpg 600w, https:\/\/bloggar.hemmetsjournal.se\/anna\/wp-content\/uploads\/sites\/2\/2017\/02\/DSC_2703-263x175.jpg 263w, https:\/\/bloggar.hemmetsjournal.se\/anna\/wp-content\/uploads\/sites\/2\/2017\/02\/DSC_2703-24x16.jpg 24w, https:\/\/bloggar.hemmetsjournal.se\/anna\/wp-content\/uploads\/sites\/2\/2017\/02\/DSC_2703-36x24.jpg 36w, https:\/\/bloggar.hemmetsjournal.se\/anna\/wp-content\/uploads\/sites\/2\/2017\/02\/DSC_2703-48x32.jpg 48w\" sizes=\"(max-width: 1280px) 100vw, 1280px\" \/><\/p>\n<p>F\u00f6r mig som aldrig har stickat ett stort vuxenplagg (bara enkla m\u00f6ssor och strumpor &#8230;) k\u00e4nns de flesta modellerna i Majas bok avl\u00e4gsna. Men: det roliga \u00e4r att det h\u00e4r inte \u00e4r en bok d\u00e4r allt \u00e4r f\u00e4rdigt och best\u00e4mt. Maja har gjort 22 modeller d\u00e4r hon anv\u00e4nder gamla svenska m\u00f6nsterstickningsmotiv, och s\u00e5 har hon samlat 40 motiv, och s\u00e5 f\u00f6resl\u00e5r hon redan fr\u00e5n b\u00f6rjan att motiven kan anv\u00e4ndas till allt m\u00f6jligt. De vackra strumporna p\u00e5 omslaget \u00e4r redan de en variant av en av modellerna i boken!<\/p>\n<p>F\u00f6r alla hj\u00e4lpstickare som stickar sm\u00e5 sl\u00e4tstickade plagg (koftor, tr\u00f6jor, m\u00f6ssor, v\u00e4star, slipovrar &#8230;) kan Majas svenska motivsamling bli en riktig skatt som g\u00f6r arbetet roligare, resultatet vackrare och restgarnsf\u00f6rr\u00e5den anv\u00e4ndbara p\u00e5 ett nytt s\u00e4tt. (Att det \u00e4r en av mina gamla fiolelever, <strong>Linnea<\/strong>, som har stickat alla m\u00f6nsterprover g\u00f6r f\u00f6rst\u00e5s bl\u00e4ddringen \u00e4nnu mer fascinerande f\u00f6r mig &#8212; jag f\u00f6rst\u00e5r om det inte kan vara precis likadant f\u00f6r alla andra &#8230; men jag tror att alla ser hur v\u00e4lgjorda proverna \u00e4r.)<\/p>\n<p><img loading=\"lazy\" decoding=\"async\" class=\"alignnone size-full wp-image-1936\" src=\"https:\/\/bloggar.hemmetsjournal.se\/anna\/wp-content\/uploads\/sites\/2\/2017\/02\/DSC_2702.jpg\" alt=\"\" width=\"1280\" height=\"853\" srcset=\"https:\/\/bloggar.hemmetsjournal.se\/anna\/wp-content\/uploads\/sites\/2\/2017\/02\/DSC_2702.jpg 1280w, https:\/\/bloggar.hemmetsjournal.se\/anna\/wp-content\/uploads\/sites\/2\/2017\/02\/DSC_2702-300x200.jpg 300w, https:\/\/bloggar.hemmetsjournal.se\/anna\/wp-content\/uploads\/sites\/2\/2017\/02\/DSC_2702-1024x682.jpg 1024w, https:\/\/bloggar.hemmetsjournal.se\/anna\/wp-content\/uploads\/sites\/2\/2017\/02\/DSC_2702-768x512.jpg 768w, https:\/\/bloggar.hemmetsjournal.se\/anna\/wp-content\/uploads\/sites\/2\/2017\/02\/DSC_2702-1073x715.jpg 1073w, https:\/\/bloggar.hemmetsjournal.se\/anna\/wp-content\/uploads\/sites\/2\/2017\/02\/DSC_2702-483x322.jpg 483w, https:\/\/bloggar.hemmetsjournal.se\/anna\/wp-content\/uploads\/sites\/2\/2017\/02\/DSC_2702-360x240.jpg 360w, https:\/\/bloggar.hemmetsjournal.se\/anna\/wp-content\/uploads\/sites\/2\/2017\/02\/DSC_2702-600x400.jpg 600w, https:\/\/bloggar.hemmetsjournal.se\/anna\/wp-content\/uploads\/sites\/2\/2017\/02\/DSC_2702-263x175.jpg 263w, https:\/\/bloggar.hemmetsjournal.se\/anna\/wp-content\/uploads\/sites\/2\/2017\/02\/DSC_2702-24x16.jpg 24w, https:\/\/bloggar.hemmetsjournal.se\/anna\/wp-content\/uploads\/sites\/2\/2017\/02\/DSC_2702-36x24.jpg 36w, https:\/\/bloggar.hemmetsjournal.se\/anna\/wp-content\/uploads\/sites\/2\/2017\/02\/DSC_2702-48x32.jpg 48w\" sizes=\"(max-width: 1280px) 100vw, 1280px\" \/><\/p>\n<p>Och det finns ganska mycket att l\u00e4ra sig \u00f6verhuvudtaget &#8212; mycket f\u00f6r mig men ocks\u00e5, tror jag, en hel del f\u00f6r mer vana stickare.<\/p>\n<p>Det g\u00e5r n\u00e4stan inte att f\u00f6rest\u00e4lla sig hur mycket arbete det ligger bakom en s\u00e5dan h\u00e4r bok. Tack f\u00f6r att du har lagt ner alla timmar och allt engagemang f\u00f6r att vi ska f\u00e5 titta p\u00e5 svensk historia med nya \u00f6gon och ta vara p\u00e5 den p\u00e5 nya s\u00e4tt, Maja!<\/p>\n<p>***<\/p>\n<p>Var finns boken? Fr\u00e5ga efter den i n\u00e4rmaste bokhandel &#8212; har de den inte redan s\u00e5 kan de ta hem den. Och s\u00e5 finns den <a href=\"https:\/\/www.adlibris.com\/se\/bok\/sticka-svenska-monster-20-modeller-med-40-traditionella-monster-pa-nytt-satt-9789174245196\">h\u00e4r <\/a>och i m\u00e5nga andra webbutiker s\u00e5klart.<\/p>\n","protected":false},"excerpt":{"rendered":"<p>\u00c4ntligen har jag bekantat mig med Majas bok Sticka svenska m\u00f6nster! Medan den fortfarande var en id\u00e9 pratade Maja och jag ganska mycket om den. Sedan har jag h\u00f6rt lite d\u00e5 och d\u00e5 om hur otroligt mycket arbete det har varit med allting i den. Och i h\u00f6stas kom den ut! Maja (hon \u00e4r fotomodell&#8230;<\/p>\n","protected":false},"author":31,"featured_media":0,"comment_status":"closed","ping_status":"closed","sticky":false,"template":"","format":"standard","meta":{"site-sidebar-layout":"default","site-content-layout":"","ast-site-content-layout":"default","site-content-style":"default","site-sidebar-style":"default","ast-global-header-display":"","ast-banner-title-visibility":"","ast-main-header-display":"","ast-hfb-above-header-display":"","ast-hfb-below-header-display":"","ast-hfb-mobile-header-display":"","site-post-title":"","ast-breadcrumbs-content":"","ast-featured-img":"","footer-sml-layout":"","ast-disable-related-posts":"","theme-transparent-header-meta":"","adv-header-id-meta":"","stick-header-meta":"","header-above-stick-meta":"","header-main-stick-meta":"","header-below-stick-meta":"","astra-migrate-meta-layouts":"default","ast-page-background-enabled":"default","ast-page-background-meta":{"desktop":{"background-color":"var(--ast-global-color-4)","background-image":"","background-repeat":"repeat","background-position":"center center","background-size":"auto","background-attachment":"scroll","background-type":"","background-media":"","overlay-type":"","overlay-color":"","overlay-opacity":"","overlay-gradient":""},"tablet":{"background-color":"","background-image":"","background-repeat":"repeat","background-position":"center center","background-size":"auto","background-attachment":"scroll","background-type":"","background-media":"","overlay-type":"","overlay-color":"","overlay-opacity":"","overlay-gradient":""},"mobile":{"background-color":"","background-image":"","background-repeat":"repeat","background-position":"center center","background-size":"auto","background-attachment":"scroll","background-type":"","background-media":"","overlay-type":"","overlay-color":"","overlay-opacity":"","overlay-gradient":""}},"ast-content-background-meta":{"desktop":{"background-color":"var(--ast-global-color-5)","background-image":"","background-repeat":"repeat","background-position":"center center","background-size":"auto","background-attachment":"scroll","background-type":"","background-media":"","overlay-type":"","overlay-color":"","overlay-opacity":"","overlay-gradient":""},"tablet":{"background-color":"var(--ast-global-color-5)","background-image":"","background-repeat":"repeat","background-position":"center center","background-size":"auto","background-attachment":"scroll","background-type":"","background-media":"","overlay-type":"","overlay-color":"","overlay-opacity":"","overlay-gradient":""},"mobile":{"background-color":"var(--ast-global-color-5)","background-image":"","background-repeat":"repeat","background-position":"center center","background-size":"auto","background-attachment":"scroll","background-type":"","background-media":"","overlay-type":"","overlay-color":"","overlay-opacity":"","overlay-gradient":""}},"footnotes":""},"categories":[68],"tags":[],"class_list":["post-1931","post","type-post","status-publish","format-standard","hentry","category-boktips"],"_links":{"self":[{"href":"https:\/\/bloggar.hemmetsjournal.se\/anna\/wp-json\/wp\/v2\/posts\/1931"}],"collection":[{"href":"https:\/\/bloggar.hemmetsjournal.se\/anna\/wp-json\/wp\/v2\/posts"}],"about":[{"href":"https:\/\/bloggar.hemmetsjournal.se\/anna\/wp-json\/wp\/v2\/types\/post"}],"author":[{"embeddable":true,"href":"https:\/\/bloggar.hemmetsjournal.se\/anna\/wp-json\/wp\/v2\/users\/31"}],"replies":[{"embeddable":true,"href":"https:\/\/bloggar.hemmetsjournal.se\/anna\/wp-json\/wp\/v2\/comments?post=1931"}],"version-history":[{"count":4,"href":"https:\/\/bloggar.hemmetsjournal.se\/anna\/wp-json\/wp\/v2\/posts\/1931\/revisions"}],"predecessor-version":[{"id":9931,"href":"https:\/\/bloggar.hemmetsjournal.se\/anna\/wp-json\/wp\/v2\/posts\/1931\/revisions\/9931"}],"wp:attachment":[{"href":"https:\/\/bloggar.hemmetsjournal.se\/anna\/wp-json\/wp\/v2\/media?parent=1931"}],"wp:term":[{"taxonomy":"category","embeddable":true,"href":"https:\/\/bloggar.hemmetsjournal.se\/anna\/wp-json\/wp\/v2\/categories?post=1931"},{"taxonomy":"post_tag","embeddable":true,"href":"https:\/\/bloggar.hemmetsjournal.se\/anna\/wp-json\/wp\/v2\/tags?post=1931"}],"curies":[{"name":"wp","href":"https:\/\/api.w.org\/{rel}","templated":true}]}}