{"id":18934,"date":"2025-03-05T08:31:47","date_gmt":"2025-03-05T07:31:47","guid":{"rendered":"https:\/\/bloggar.hemmetsjournal.se\/anna\/?p=18934"},"modified":"2025-03-06T07:24:28","modified_gmt":"2025-03-06T06:24:28","slug":"hur-jane-austen-och-den-svenska-syforeningsrorelsen-hor-ihop","status":"publish","type":"post","link":"https:\/\/bloggar.hemmetsjournal.se\/anna\/2025\/hur-jane-austen-och-den-svenska-syforeningsrorelsen-hor-ihop\/","title":{"rendered":"Hur Jane Austen och den svenska syf\u00f6reningsr\u00f6relsen h\u00f6r ihop"},"content":{"rendered":"\n<p>En nyhet \u00e4r det som inte alla redan vet, eller hur?<\/p>\n\n\n\n<p>Och h\u00e4r kommer n\u00e5got som var en nyhet f\u00f6r mig f\u00f6rra veckan:<\/p>\n\n\n\n<p>N\u00e4r kom den f\u00f6rsta svenska \u00f6vers\u00e4ttningen av en Jane Austen-bok?<\/p>\n\n\n\n<p>Redan 1836!<\/p>\n\n\n\n<p>Vilken var det?<\/p>\n\n\n\n<figure class=\"wp-block-image size-large\"><img loading=\"lazy\" decoding=\"async\" width=\"786\" height=\"1024\" src=\"https:\/\/bloggar.hemmetsjournal.se\/anna\/wp-content\/uploads\/sites\/2\/2025\/03\/lb8817080_5_0001-mindre-786x1024.jpg\" alt=\"\" class=\"wp-image-18936\" srcset=\"https:\/\/bloggar.hemmetsjournal.se\/anna\/wp-content\/uploads\/sites\/2\/2025\/03\/lb8817080_5_0001-mindre-786x1024.jpg 786w, https:\/\/bloggar.hemmetsjournal.se\/anna\/wp-content\/uploads\/sites\/2\/2025\/03\/lb8817080_5_0001-mindre-230x300.jpg 230w, https:\/\/bloggar.hemmetsjournal.se\/anna\/wp-content\/uploads\/sites\/2\/2025\/03\/lb8817080_5_0001-mindre-768x1000.jpg 768w, https:\/\/bloggar.hemmetsjournal.se\/anna\/wp-content\/uploads\/sites\/2\/2025\/03\/lb8817080_5_0001-mindre.jpg 800w\" sizes=\"(max-width: 786px) 100vw, 786px\" \/><figcaption class=\"wp-element-caption\">F\u00f6rstautg\u00e5va av den f\u00f6rsta svenska \u00f6vers\u00e4ttningen av en Jane Austen-roman &#8212; l\u00e5t vara en bearbetning. Bild l\u00e5nad fr\u00e5n Litteraturbanken.se<\/figcaption><\/figure>\n\n\n\n<p><em>\u00d6vertalning<\/em>, fast den hade f\u00e5tt titeln <em>Familjen Elliot<\/em>.<\/p>\n\n\n\n<p>Den var dubbel\u00f6versatt, n\u00e4mligen fr\u00e5n en fransk \u00f6vers\u00e4ttning. Flera av de tidiga franska \u00f6vers\u00e4ttningarna var egentligen mer bearbetningar.<\/p>\n\n\n\n<p>Vem hade \u00f6versatt den?<\/p>\n\n\n\n<p><strong>Pauline Westdahl<\/strong>.<\/p>\n\n\n\n<p>Och varf\u00f6r \u00e4r det extra intressant?<\/p>\n\n\n\n<figure class=\"wp-block-image size-full\"><img loading=\"lazy\" decoding=\"async\" width=\"517\" height=\"684\" src=\"https:\/\/bloggar.hemmetsjournal.se\/anna\/wp-content\/uploads\/sites\/2\/2025\/03\/Skarmbild-2025-03-05-183932.png\" alt=\"\" class=\"wp-image-18939\" srcset=\"https:\/\/bloggar.hemmetsjournal.se\/anna\/wp-content\/uploads\/sites\/2\/2025\/03\/Skarmbild-2025-03-05-183932.png 517w, https:\/\/bloggar.hemmetsjournal.se\/anna\/wp-content\/uploads\/sites\/2\/2025\/03\/Skarmbild-2025-03-05-183932-227x300.png 227w\" sizes=\"(max-width: 517px) 100vw, 517px\" \/><figcaption class=\"wp-element-caption\">Pauline Westdahl. Fotograf ok\u00e4nd, \u00e5r ok\u00e4nt, bilden finns i Svenskt Portr\u00e4ttarkiv<\/figcaption><\/figure>\n\n\n\n<p>F\u00f6r mig: d\u00e4rf\u00f6r att jag har sagt och skrivit Paulines namn s\u00e5 otroligt m\u00e5nga g\u00e5nger utan att veta att hon hade n\u00e5got med Jane Austen att g\u00f6ra. Pauline var n\u00e4ra v\u00e4n till <strong>Emilie Petersen<\/strong>, &#8221;Mormor p\u00e5 Herrestad&#8221;, och det var till henne Emilie skrev och ber\u00e4ttade n\u00e4r den f\u00f6rsta svenska syf\u00f6reningen hade kommit ig\u00e5ng. Jag brukar citera det brevet flera g\u00e5nger n\u00e4r jag ber\u00e4ttar om syf\u00f6reningshistoria, f\u00f6r det inneh\u00e5ller s\u00e5 mycket som sedan ska komma att k\u00e4nneteckna den svenska syf\u00f6reningstraditionen. Men jag har egentligen inte vetat n\u00e5got om Pauline.<\/p>\n\n\n\n<p><a href=\"https:\/\/www.skbl.se\/sv\/artikel\/PaulineWestdahl\">H\u00e4r kan man l\u00e4sa en hel del<\/a>, men den som skrev visste kanske inte om det h\u00e4r med Jane Austen eller tyckte inte att det var tillr\u00e4ckligt viktigt. Det \u00e4r i alla fall tydligt att Pauline \u00f6versatte f\u00f6r att f\u00e5 en inkomst som hon verkligen beh\u00f6vde, och att hon ocks\u00e5 skrev sj\u00e4lv. Nu m\u00e5ste jag ju f\u00f6rs\u00f6ka l\u00e4sa hennes egna romaner!<\/p>\n\n\n\n<p><a href=\"https:\/\/soundcloud.com\/verketpodcast\/40-overtalning-1817-av-jane-austen?utm_source=litteraturbanken.se&amp;utm_campaign=wtshare&amp;utm_medium=widget&amp;utm_content=https%253A%252F%252Fsoundcloud.com%252Fverketpodcast%252F40-overtalning-1817-av-jane-austen\">H\u00e4r \u00e4r ett poddavsnitt om Pauline Westdahls \u00f6vers\u00e4ttning av <em>\u00d6vertalning<\/em>.<\/a> Det \u00e4r <strong>Ingrid Elam<\/strong> och <strong>Paulina Helgesson<\/strong> som samtalar, och de kallar Pauline f\u00f6r Westerdahl och s\u00e4ger att det inte finns s\u00e5 mycket information om henne, men jag vet inte om det beror p\u00e5 att de har fel efternamn eller p\u00e5 n\u00e5got annat. Utan dem hade det nog dr\u00f6jt lite innan jag hade uppt\u00e4ckt att \u00f6vers\u00e4ttningen finns, s\u00e5 jag skulle vilja tacka dem \u00e4nd\u00e5, och nu m\u00e5ste jag ju f\u00f6rs\u00f6ka l\u00e4sa den <a href=\"https:\/\/litteraturbanken.se\/f%C3%B6rfattare\/AustenJ\/titlar\/FamiljenElliot\/sida\/I\/faksimil\">(det kan man g\u00f6ra h\u00e4r) <\/a>&#8212; med viss fasa f\u00f6r alla tillagda k\u00e4nsloutbrott och f\u00f6r den konstiga k\u00e4nslan varje g\u00e5ng Anne kallas Alice!<\/p>\n","protected":false},"excerpt":{"rendered":"<p>En nyhet \u00e4r det som inte alla redan vet, eller hur? Och h\u00e4r kommer n\u00e5got som var en nyhet f\u00f6r mig f\u00f6rra veckan: N\u00e4r kom den f\u00f6rsta svenska \u00f6vers\u00e4ttningen av en Jane Austen-bok? Redan 1836! Vilken var det? \u00d6vertalning, fast den hade f\u00e5tt titeln Familjen Elliot. Den var dubbel\u00f6versatt, n\u00e4mligen fr\u00e5n en fransk \u00f6vers\u00e4ttning. Flera&#8230;<\/p>\n","protected":false},"author":2,"featured_media":18935,"comment_status":"open","ping_status":"open","sticky":false,"template":"","format":"standard","meta":{"site-sidebar-layout":"default","site-content-layout":"","ast-site-content-layout":"default","site-content-style":"default","site-sidebar-style":"default","ast-global-header-display":"","ast-banner-title-visibility":"","ast-main-header-display":"","ast-hfb-above-header-display":"","ast-hfb-below-header-display":"","ast-hfb-mobile-header-display":"","site-post-title":"","ast-breadcrumbs-content":"","ast-featured-img":"","footer-sml-layout":"","ast-disable-related-posts":"","theme-transparent-header-meta":"","adv-header-id-meta":"","stick-header-meta":"","header-above-stick-meta":"","header-main-stick-meta":"","header-below-stick-meta":"","astra-migrate-meta-layouts":"set","ast-page-background-enabled":"default","ast-page-background-meta":{"desktop":{"background-color":"var(--ast-global-color-4)","background-image":"","background-repeat":"repeat","background-position":"center center","background-size":"auto","background-attachment":"scroll","background-type":"","background-media":"","overlay-type":"","overlay-color":"","overlay-opacity":"","overlay-gradient":""},"tablet":{"background-color":"","background-image":"","background-repeat":"repeat","background-position":"center center","background-size":"auto","background-attachment":"scroll","background-type":"","background-media":"","overlay-type":"","overlay-color":"","overlay-opacity":"","overlay-gradient":""},"mobile":{"background-color":"","background-image":"","background-repeat":"repeat","background-position":"center center","background-size":"auto","background-attachment":"scroll","background-type":"","background-media":"","overlay-type":"","overlay-color":"","overlay-opacity":"","overlay-gradient":""}},"ast-content-background-meta":{"desktop":{"background-color":"var(--ast-global-color-5)","background-image":"","background-repeat":"repeat","background-position":"center center","background-size":"auto","background-attachment":"scroll","background-type":"","background-media":"","overlay-type":"","overlay-color":"","overlay-opacity":"","overlay-gradient":""},"tablet":{"background-color":"var(--ast-global-color-5)","background-image":"","background-repeat":"repeat","background-position":"center center","background-size":"auto","background-attachment":"scroll","background-type":"","background-media":"","overlay-type":"","overlay-color":"","overlay-opacity":"","overlay-gradient":""},"mobile":{"background-color":"var(--ast-global-color-5)","background-image":"","background-repeat":"repeat","background-position":"center center","background-size":"auto","background-attachment":"scroll","background-type":"","background-media":"","overlay-type":"","overlay-color":"","overlay-opacity":"","overlay-gradient":""}},"footnotes":""},"categories":[68,1635],"tags":[],"class_list":["post-18934","post","type-post","status-publish","format-standard","has-post-thumbnail","hentry","category-boktips","category-jane-austen"],"_links":{"self":[{"href":"https:\/\/bloggar.hemmetsjournal.se\/anna\/wp-json\/wp\/v2\/posts\/18934"}],"collection":[{"href":"https:\/\/bloggar.hemmetsjournal.se\/anna\/wp-json\/wp\/v2\/posts"}],"about":[{"href":"https:\/\/bloggar.hemmetsjournal.se\/anna\/wp-json\/wp\/v2\/types\/post"}],"author":[{"embeddable":true,"href":"https:\/\/bloggar.hemmetsjournal.se\/anna\/wp-json\/wp\/v2\/users\/2"}],"replies":[{"embeddable":true,"href":"https:\/\/bloggar.hemmetsjournal.se\/anna\/wp-json\/wp\/v2\/comments?post=18934"}],"version-history":[{"count":4,"href":"https:\/\/bloggar.hemmetsjournal.se\/anna\/wp-json\/wp\/v2\/posts\/18934\/revisions"}],"predecessor-version":[{"id":18960,"href":"https:\/\/bloggar.hemmetsjournal.se\/anna\/wp-json\/wp\/v2\/posts\/18934\/revisions\/18960"}],"wp:featuredmedia":[{"embeddable":true,"href":"https:\/\/bloggar.hemmetsjournal.se\/anna\/wp-json\/wp\/v2\/media\/18935"}],"wp:attachment":[{"href":"https:\/\/bloggar.hemmetsjournal.se\/anna\/wp-json\/wp\/v2\/media?parent=18934"}],"wp:term":[{"taxonomy":"category","embeddable":true,"href":"https:\/\/bloggar.hemmetsjournal.se\/anna\/wp-json\/wp\/v2\/categories?post=18934"},{"taxonomy":"post_tag","embeddable":true,"href":"https:\/\/bloggar.hemmetsjournal.se\/anna\/wp-json\/wp\/v2\/tags?post=18934"}],"curies":[{"name":"wp","href":"https:\/\/api.w.org\/{rel}","templated":true}]}}