{"id":18667,"date":"2025-01-28T05:25:00","date_gmt":"2025-01-28T04:25:00","guid":{"rendered":"https:\/\/bloggar.hemmetsjournal.se\/anna\/?p=18667"},"modified":"2025-01-23T07:47:35","modified_gmt":"2025-01-23T06:47:35","slug":"nya-lokaler-i-aten","status":"publish","type":"post","link":"https:\/\/bloggar.hemmetsjournal.se\/anna\/2025\/nya-lokaler-i-aten\/","title":{"rendered":"Nya lokaler i Aten"},"content":{"rendered":"\n<p>Det h\u00e4r \u00e4r inte alldeles nytt, men jag h\u00e4ngde inte riktigt med n\u00e4r det h\u00e4nde, och kanske \u00e4r det n\u00e5gon mer som inte har h\u00f6rt det tidigare. Suzanne, som arbetar mycket med att st\u00f6tta m\u00e4nniskor p\u00e5 flykt i Aten och som \u00e5ker dit p\u00e5 skolloven f\u00f6r att arbeta, ber\u00e4ttar:<\/p>\n\n\n\n<figure class=\"wp-block-image size-large\"><img loading=\"lazy\" decoding=\"async\" width=\"1024\" height=\"768\" src=\"https:\/\/bloggar.hemmetsjournal.se\/anna\/wp-content\/uploads\/sites\/2\/2025\/01\/464385429_10160690265912987_6617070612407655731_n-1-1024x768.jpg\" alt=\"\" class=\"wp-image-18669\" srcset=\"https:\/\/bloggar.hemmetsjournal.se\/anna\/wp-content\/uploads\/sites\/2\/2025\/01\/464385429_10160690265912987_6617070612407655731_n-1-1024x768.jpg 1024w, https:\/\/bloggar.hemmetsjournal.se\/anna\/wp-content\/uploads\/sites\/2\/2025\/01\/464385429_10160690265912987_6617070612407655731_n-1-300x225.jpg 300w, https:\/\/bloggar.hemmetsjournal.se\/anna\/wp-content\/uploads\/sites\/2\/2025\/01\/464385429_10160690265912987_6617070612407655731_n-1-768x576.jpg 768w, https:\/\/bloggar.hemmetsjournal.se\/anna\/wp-content\/uploads\/sites\/2\/2025\/01\/464385429_10160690265912987_6617070612407655731_n-1-1536x1152.jpg 1536w, https:\/\/bloggar.hemmetsjournal.se\/anna\/wp-content\/uploads\/sites\/2\/2025\/01\/464385429_10160690265912987_6617070612407655731_n-1.jpg 2048w\" sizes=\"(max-width: 1024px) 100vw, 1024px\" \/><figcaption class=\"wp-element-caption\">Hygienh\u00f6rnet i den nya lokalen. Bild: Hope Caf\u00e9 &#8212; Hopp f\u00f6r flyktingarna i Aten<\/figcaption><\/figure>\n\n\n\n<p><em>Enligt grekiska nyheter \u00e4r Grekland redo att ta emot flyktingar fr\u00e5n Libanon och Gaza, och det \u00e4r ju fantastiskt. Jag undrar hur det kommer att g\u00e5 till n\u00e4r de inte tar hand om dem som redan finns h\u00e4r.<\/em><\/p>\n\n\n\n<p><em>En sak som \u00e4r v\u00e4ldigt s\u00e4ker \u00e4r att varje g\u00e5ng jag \u00e4r h\u00e4r ser situationen i Aten och bland organisationer h\u00e4r ut p\u00e5 ett annat s\u00e4tt \u00e4n g\u00e5ngen innan.<\/em><\/p>\n\n\n\n<p><em>Jag vet att jag har skrivit tidigare om hur sv\u00e5rt det \u00e4r att f\u00e5 ihop tillr\u00e4ckligt med pengar och volont\u00e4rer f\u00f6r att f\u00e5 allt att rulla p\u00e5. Ocks\u00e5 vi p\u00e5 Hope Caf\u00e9 har blivit tvungna att dra ner p\u00e5 antalet familjer vi hj\u00e4lper.<\/em><\/p>\n\n\n\n<figure class=\"wp-block-image size-large\"><img loading=\"lazy\" decoding=\"async\" width=\"1024\" height=\"768\" src=\"https:\/\/bloggar.hemmetsjournal.se\/anna\/wp-content\/uploads\/sites\/2\/2025\/01\/465560692_10160690265697987_4977852183867160485_n-1024x768.jpg\" alt=\"\" class=\"wp-image-18670\" srcset=\"https:\/\/bloggar.hemmetsjournal.se\/anna\/wp-content\/uploads\/sites\/2\/2025\/01\/465560692_10160690265697987_4977852183867160485_n-1024x768.jpg 1024w, https:\/\/bloggar.hemmetsjournal.se\/anna\/wp-content\/uploads\/sites\/2\/2025\/01\/465560692_10160690265697987_4977852183867160485_n-300x225.jpg 300w, https:\/\/bloggar.hemmetsjournal.se\/anna\/wp-content\/uploads\/sites\/2\/2025\/01\/465560692_10160690265697987_4977852183867160485_n-768x576.jpg 768w, https:\/\/bloggar.hemmetsjournal.se\/anna\/wp-content\/uploads\/sites\/2\/2025\/01\/465560692_10160690265697987_4977852183867160485_n-1536x1152.jpg 1536w, https:\/\/bloggar.hemmetsjournal.se\/anna\/wp-content\/uploads\/sites\/2\/2025\/01\/465560692_10160690265697987_4977852183867160485_n.jpg 2048w\" sizes=\"(max-width: 1024px) 100vw, 1024px\" \/><figcaption class=\"wp-element-caption\">Entr\u00e9n i den nya lokalen &#8230; Bild: Hope Caf\u00e9 &#8212; Hopp f\u00f6r flyktingarna i Aten<\/figcaption><\/figure>\n\n\n\n<figure class=\"wp-block-image size-large\"><img loading=\"lazy\" decoding=\"async\" width=\"768\" height=\"1024\" src=\"https:\/\/bloggar.hemmetsjournal.se\/anna\/wp-content\/uploads\/sites\/2\/2025\/01\/464689155_10160690265487987_8125619535353733426_n-768x1024.jpg\" alt=\"\" class=\"wp-image-18671\" srcset=\"https:\/\/bloggar.hemmetsjournal.se\/anna\/wp-content\/uploads\/sites\/2\/2025\/01\/464689155_10160690265487987_8125619535353733426_n-768x1024.jpg 768w, https:\/\/bloggar.hemmetsjournal.se\/anna\/wp-content\/uploads\/sites\/2\/2025\/01\/464689155_10160690265487987_8125619535353733426_n-225x300.jpg 225w, https:\/\/bloggar.hemmetsjournal.se\/anna\/wp-content\/uploads\/sites\/2\/2025\/01\/464689155_10160690265487987_8125619535353733426_n-1152x1536.jpg 1152w, https:\/\/bloggar.hemmetsjournal.se\/anna\/wp-content\/uploads\/sites\/2\/2025\/01\/464689155_10160690265487987_8125619535353733426_n.jpg 1536w\" sizes=\"(max-width: 768px) 100vw, 768px\" \/><figcaption class=\"wp-element-caption\">&#8230; med nya v\u00e4nner som har slagit sig ner en stund. Bild: Hope Caf\u00e9 &#8212; Hopp f\u00f6r flyktingarna i Aten<\/figcaption><\/figure>\n\n\n\n<p><em>Nu har vi dock inlett ett samarbete med andra organisationer f\u00f6r att kunna hj\u00e4lpa s\u00e5 m\u00e5nga m\u00e4nniskor som m\u00f6jligt.<\/em><\/p>\n\n\n\n<p><em>De som redan har registrerats hos oss kommer fortfarande till Drosopoulou d\u00e4r Hope Caf\u00e9 ligger, men de nya som registreras b\u00f6rjar direkt att h\u00e4mta sin mat p\u00e5 Fayi &#8212; det betyder mat p\u00e5 grekiska och \u00e4r ocks\u00e5 namnet p\u00e5 samarbetsgruppen.<\/em><\/p>\n\n\n\n<figure class=\"wp-block-image size-large\"><img loading=\"lazy\" decoding=\"async\" width=\"1024\" height=\"768\" src=\"https:\/\/bloggar.hemmetsjournal.se\/anna\/wp-content\/uploads\/sites\/2\/2025\/01\/465288152_10160690265472987_5831749891012786349_n-1024x768.jpg\" alt=\"\" class=\"wp-image-18672\" srcset=\"https:\/\/bloggar.hemmetsjournal.se\/anna\/wp-content\/uploads\/sites\/2\/2025\/01\/465288152_10160690265472987_5831749891012786349_n-1024x768.jpg 1024w, https:\/\/bloggar.hemmetsjournal.se\/anna\/wp-content\/uploads\/sites\/2\/2025\/01\/465288152_10160690265472987_5831749891012786349_n-300x225.jpg 300w, https:\/\/bloggar.hemmetsjournal.se\/anna\/wp-content\/uploads\/sites\/2\/2025\/01\/465288152_10160690265472987_5831749891012786349_n-768x576.jpg 768w, https:\/\/bloggar.hemmetsjournal.se\/anna\/wp-content\/uploads\/sites\/2\/2025\/01\/465288152_10160690265472987_5831749891012786349_n-1536x1152.jpg 1536w, https:\/\/bloggar.hemmetsjournal.se\/anna\/wp-content\/uploads\/sites\/2\/2025\/01\/465288152_10160690265472987_5831749891012786349_n.jpg 2048w\" sizes=\"(max-width: 1024px) 100vw, 1024px\" \/><figcaption class=\"wp-element-caption\">Viktiga basvaror. Bild: Hope Caf\u00e9 &#8212; Hopp f\u00f6r flyktingarna i Aten<\/figcaption><\/figure>\n\n\n\n<p><em>I fredags <\/em>[detta \u00e4r allts\u00e5 flera veckor sedan nu &#8212; Annas anm] <em>efter utdelningen p\u00e5 Hope gick Siti, Rana och jag f\u00f6r att g\u00f6ra oss lite hemmastadda i de nya lokalerna. Det ser j\u00e4ttefint ut \u00e4ven om den familj\u00e4ra st\u00e4mningen fr\u00e5n Hope inte finns d\u00e4r. \u00c4nnu!<\/em><\/p>\n\n\n\n<figure class=\"wp-block-image size-large\"><img loading=\"lazy\" decoding=\"async\" width=\"1024\" height=\"768\" src=\"https:\/\/bloggar.hemmetsjournal.se\/anna\/wp-content\/uploads\/sites\/2\/2025\/01\/465224854_10160690265287987_2850042909151482633_n-1024x768.jpg\" alt=\"\" class=\"wp-image-18673\" srcset=\"https:\/\/bloggar.hemmetsjournal.se\/anna\/wp-content\/uploads\/sites\/2\/2025\/01\/465224854_10160690265287987_2850042909151482633_n-1024x768.jpg 1024w, https:\/\/bloggar.hemmetsjournal.se\/anna\/wp-content\/uploads\/sites\/2\/2025\/01\/465224854_10160690265287987_2850042909151482633_n-300x225.jpg 300w, https:\/\/bloggar.hemmetsjournal.se\/anna\/wp-content\/uploads\/sites\/2\/2025\/01\/465224854_10160690265287987_2850042909151482633_n-768x576.jpg 768w, https:\/\/bloggar.hemmetsjournal.se\/anna\/wp-content\/uploads\/sites\/2\/2025\/01\/465224854_10160690265287987_2850042909151482633_n-1536x1152.jpg 1536w, https:\/\/bloggar.hemmetsjournal.se\/anna\/wp-content\/uploads\/sites\/2\/2025\/01\/465224854_10160690265287987_2850042909151482633_n.jpg 2048w\" sizes=\"(max-width: 1024px) 100vw, 1024px\" \/><figcaption class=\"wp-element-caption\">Ryggs\u00e4ckar till barnen \u00e4r ocks\u00e5 viktiga. Bild: Hope Caf\u00e9 &#8212; Hopp f\u00f6r flyktingarna i Aten<\/figcaption><\/figure>\n\n\n\n<p><em>En era g\u00e5r snart i graven, men n\u00e5gonting nytt och sp\u00e4nnande f\u00f6ds. Tillsammans kommer vi att kunna hj\u00e4lpa fler m\u00e4nniskor och g\u00f6ra skillnad f\u00f6r flyktingarna i Aten.<\/em><\/p>\n\n\n\n<figure class=\"wp-block-image size-large\"><img loading=\"lazy\" decoding=\"async\" width=\"1024\" height=\"768\" src=\"https:\/\/bloggar.hemmetsjournal.se\/anna\/wp-content\/uploads\/sites\/2\/2025\/01\/465005188_10160690265902987_8602989610772361745_n-1024x768.jpg\" alt=\"\" class=\"wp-image-18674\" srcset=\"https:\/\/bloggar.hemmetsjournal.se\/anna\/wp-content\/uploads\/sites\/2\/2025\/01\/465005188_10160690265902987_8602989610772361745_n-1024x768.jpg 1024w, https:\/\/bloggar.hemmetsjournal.se\/anna\/wp-content\/uploads\/sites\/2\/2025\/01\/465005188_10160690265902987_8602989610772361745_n-300x225.jpg 300w, https:\/\/bloggar.hemmetsjournal.se\/anna\/wp-content\/uploads\/sites\/2\/2025\/01\/465005188_10160690265902987_8602989610772361745_n-768x576.jpg 768w, https:\/\/bloggar.hemmetsjournal.se\/anna\/wp-content\/uploads\/sites\/2\/2025\/01\/465005188_10160690265902987_8602989610772361745_n-1536x1152.jpg 1536w, https:\/\/bloggar.hemmetsjournal.se\/anna\/wp-content\/uploads\/sites\/2\/2025\/01\/465005188_10160690265902987_8602989610772361745_n.jpg 2048w\" sizes=\"(max-width: 1024px) 100vw, 1024px\" \/><figcaption class=\"wp-element-caption\">Barnh\u00f6rnet, f\u00f6r ibland m\u00e5ste man v\u00e4nta en stund medan de vuxna ordnar allt. Bild: Hope Caf\u00e9 &#8212; Hopp f\u00f6r flyktingarna i Aten<\/figcaption><\/figure>\n\n\n\n<p><em>Vill du vara med och st\u00f6tta arbetet att m\u00e4tta hungriga magar i Aten kan du n\u00e4r som helst swisha 1232428837. Alla bidrag \u00e4r lika v\u00e4lkomna &#8212; stora som sm\u00e5. Alla b\u00e4ckar sm\u00e5, ni vet!<\/em><\/p>\n\n\n\n<p>***<\/p>\n\n\n\n<p>Tack, k\u00e4ra Suzanne, f\u00f6r att du g\u00f6r det m\u00f6jligt f\u00f6r fler av oss att hj\u00e4lpa till i den h\u00e4r obegripligt sv\u00e5ra situationen!<\/p>\n","protected":false},"excerpt":{"rendered":"<p>Det h\u00e4r \u00e4r inte alldeles nytt, men jag h\u00e4ngde inte riktigt med n\u00e4r det h\u00e4nde, och kanske \u00e4r det n\u00e5gon mer som inte har h\u00f6rt det tidigare. Suzanne, som arbetar mycket med att st\u00f6tta m\u00e4nniskor p\u00e5 flykt i Aten och som \u00e5ker dit p\u00e5 skolloven f\u00f6r att arbeta, ber\u00e4ttar: Enligt grekiska nyheter \u00e4r Grekland redo&#8230;<\/p>\n","protected":false},"author":2,"featured_media":18668,"comment_status":"open","ping_status":"open","sticky":false,"template":"","format":"standard","meta":{"site-sidebar-layout":"default","site-content-layout":"","ast-site-content-layout":"default","site-content-style":"default","site-sidebar-style":"default","ast-global-header-display":"","ast-banner-title-visibility":"","ast-main-header-display":"","ast-hfb-above-header-display":"","ast-hfb-below-header-display":"","ast-hfb-mobile-header-display":"","site-post-title":"","ast-breadcrumbs-content":"","ast-featured-img":"","footer-sml-layout":"","ast-disable-related-posts":"","theme-transparent-header-meta":"","adv-header-id-meta":"","stick-header-meta":"","header-above-stick-meta":"","header-main-stick-meta":"","header-below-stick-meta":"","astra-migrate-meta-layouts":"set","ast-page-background-enabled":"default","ast-page-background-meta":{"desktop":{"background-color":"var(--ast-global-color-4)","background-image":"","background-repeat":"repeat","background-position":"center center","background-size":"auto","background-attachment":"scroll","background-type":"","background-media":"","overlay-type":"","overlay-color":"","overlay-opacity":"","overlay-gradient":""},"tablet":{"background-color":"","background-image":"","background-repeat":"repeat","background-position":"center center","background-size":"auto","background-attachment":"scroll","background-type":"","background-media":"","overlay-type":"","overlay-color":"","overlay-opacity":"","overlay-gradient":""},"mobile":{"background-color":"","background-image":"","background-repeat":"repeat","background-position":"center center","background-size":"auto","background-attachment":"scroll","background-type":"","background-media":"","overlay-type":"","overlay-color":"","overlay-opacity":"","overlay-gradient":""}},"ast-content-background-meta":{"desktop":{"background-color":"var(--ast-global-color-5)","background-image":"","background-repeat":"repeat","background-position":"center center","background-size":"auto","background-attachment":"scroll","background-type":"","background-media":"","overlay-type":"","overlay-color":"","overlay-opacity":"","overlay-gradient":""},"tablet":{"background-color":"var(--ast-global-color-5)","background-image":"","background-repeat":"repeat","background-position":"center center","background-size":"auto","background-attachment":"scroll","background-type":"","background-media":"","overlay-type":"","overlay-color":"","overlay-opacity":"","overlay-gradient":""},"mobile":{"background-color":"var(--ast-global-color-5)","background-image":"","background-repeat":"repeat","background-position":"center center","background-size":"auto","background-attachment":"scroll","background-type":"","background-media":"","overlay-type":"","overlay-color":"","overlay-opacity":"","overlay-gradient":""}},"footnotes":""},"categories":[102,1368,1430,289,1123,163,73,974],"tags":[],"class_list":["post-18667","post","type-post","status-publish","format-standard","has-post-thumbnail","hentry","category-afghanistan","category-grekland","category-hallbar-utveckling","category-halsa","category-hemloshet","category-irak","category-kriget-i-syrien","category-kurdistan"],"_links":{"self":[{"href":"https:\/\/bloggar.hemmetsjournal.se\/anna\/wp-json\/wp\/v2\/posts\/18667"}],"collection":[{"href":"https:\/\/bloggar.hemmetsjournal.se\/anna\/wp-json\/wp\/v2\/posts"}],"about":[{"href":"https:\/\/bloggar.hemmetsjournal.se\/anna\/wp-json\/wp\/v2\/types\/post"}],"author":[{"embeddable":true,"href":"https:\/\/bloggar.hemmetsjournal.se\/anna\/wp-json\/wp\/v2\/users\/2"}],"replies":[{"embeddable":true,"href":"https:\/\/bloggar.hemmetsjournal.se\/anna\/wp-json\/wp\/v2\/comments?post=18667"}],"version-history":[{"count":1,"href":"https:\/\/bloggar.hemmetsjournal.se\/anna\/wp-json\/wp\/v2\/posts\/18667\/revisions"}],"predecessor-version":[{"id":18675,"href":"https:\/\/bloggar.hemmetsjournal.se\/anna\/wp-json\/wp\/v2\/posts\/18667\/revisions\/18675"}],"wp:featuredmedia":[{"embeddable":true,"href":"https:\/\/bloggar.hemmetsjournal.se\/anna\/wp-json\/wp\/v2\/media\/18668"}],"wp:attachment":[{"href":"https:\/\/bloggar.hemmetsjournal.se\/anna\/wp-json\/wp\/v2\/media?parent=18667"}],"wp:term":[{"taxonomy":"category","embeddable":true,"href":"https:\/\/bloggar.hemmetsjournal.se\/anna\/wp-json\/wp\/v2\/categories?post=18667"},{"taxonomy":"post_tag","embeddable":true,"href":"https:\/\/bloggar.hemmetsjournal.se\/anna\/wp-json\/wp\/v2\/tags?post=18667"}],"curies":[{"name":"wp","href":"https:\/\/api.w.org\/{rel}","templated":true}]}}