{"id":18385,"date":"2024-10-24T09:24:48","date_gmt":"2024-10-24T07:24:48","guid":{"rendered":"https:\/\/bloggar.hemmetsjournal.se\/anna\/?p=18385"},"modified":"2024-10-26T18:54:27","modified_gmt":"2024-10-26T16:54:27","slug":"kraglos-lilla-tuffing-kofta","status":"publish","type":"post","link":"https:\/\/bloggar.hemmetsjournal.se\/anna\/2024\/kraglos-lilla-tuffing-kofta\/","title":{"rendered":"Kragl\u00f6s Lilla tuffing-kofta"},"content":{"rendered":"\n<p>Kan det verkligen st\u00e4mma att jag aldrig publicerade den h\u00e4r beskrivningen fast\u00e4n jag hade gjort den n\u00e4stan klar? Det verkar s\u00e5. Det finns b\u00e5de en kofta (den h\u00e4r) och en tr\u00f6ja (jag f\u00f6rs\u00f6ker publicera den inom n\u00e5gra dagar). <\/p>\n\n\n\n<p>Vill n\u00e5gon ha dem b\u00e5da tillsammans i form av ett pdf-h\u00e4fte, s\u00e4g till, det ska jag nog ocks\u00e5 klara \u00e5tminstone n\u00e4sta vecka &#8212; d\u00e5 kommer h\u00e4ftet p\u00e5 e-post tillsammans med en faktura p\u00e5 40 kronor.<\/p>\n\n\n\n<p>Randningen p\u00e5 koftan p\u00e5 bilden finns inte med i beskrivningen men \u00e4r ju enkel att h\u00e4rma om man skulle vilja det!<\/p>\n\n\n\n<p>Och den enf\u00e4rgade kn\u00e4ppkanten \u00e4r enkel att g\u00f6ra s\u00e5 l\u00e4nge man n\u00f6jer sig med att g\u00f6ra den p\u00e5 bara ena sidan: det garn man vill ha p\u00e5 kanten snor man vid varje byte t\u00e4tt om det garn man stickar resten av varvet med. Vill man kan kan f\u00f6rest\u00e4lla det som att garnerna g\u00e5r i armkrok.<\/p>\n\n\n\n<p>Liten brasklapp: jag experimenterade mycket med den h\u00e4r modellen och n\u00e5gra liknande f\u00f6r n\u00e5gra \u00e5r sedan men hann inte skriva ner alla beskrivningarna p\u00e5 riktigt. S\u00e5 det kan h\u00e4nda att koftan p\u00e5 bilden p\u00e5 n\u00e5got vis skiljer sig fr\u00e5n beskrivningen, men det \u00e4r samma grundkoncept, och jag hoppas att den h\u00e4r nya beskrivningen ska k\u00e4nnas enkel och sj\u00e4lvklar att f\u00f6lja &#8212; som vanligt \u00e4r det bra att ha en l\u00e5ng\u00e4rmad barntr\u00f6ja i r\u00e4tt storlek att m\u00e5tta mot s\u00e5 att man f\u00e5r bra proportioner!<\/p>\n\n\n\n<p>***<\/p>\n\n\n\n<figure class=\"wp-block-image size-full\"><img loading=\"lazy\" decoding=\"async\" width=\"800\" height=\"600\" src=\"https:\/\/bloggar.hemmetsjournal.se\/anna\/wp-content\/uploads\/sites\/2\/2024\/10\/IMG_0389-liten.jpg\" alt=\"\" class=\"wp-image-18388\" srcset=\"https:\/\/bloggar.hemmetsjournal.se\/anna\/wp-content\/uploads\/sites\/2\/2024\/10\/IMG_0389-liten.jpg 800w, https:\/\/bloggar.hemmetsjournal.se\/anna\/wp-content\/uploads\/sites\/2\/2024\/10\/IMG_0389-liten-300x225.jpg 300w, https:\/\/bloggar.hemmetsjournal.se\/anna\/wp-content\/uploads\/sites\/2\/2024\/10\/IMG_0389-liten-768x576.jpg 768w\" sizes=\"(max-width: 800px) 100vw, 800px\" \/><\/figure>\n\n\n\n<p><strong>Kragl\u00f6s Lilla tuffing-kofta<\/strong><\/p>\n\n\n\n<p>Variationer \u00e4r roliga och efter ett tag n\u00e4stan oundvikliga \u2013 eller hur? <strong>Ingrid <\/strong>gjorde om min kofta <strong>Lilla tuffing<\/strong> till tr\u00f6ja, och nu har <strong>Gun-Britt <\/strong>och<strong> Inga-Lill <\/strong>tagit bort den varma kragen och de l\u00e5nga \u00e4rmmuddarna med halvvante inbyggd. Tack alla tre! De \u00e4ndringarna tog jag med mig tillbaka till koftan, s\u00e5 nu har det blivit en ganska vanlig kofta med res\u00e5r i halskant, \u00e4rmslut och nederkant.<\/p>\n\n\n\n<p>Modellen bygger p\u00e5<strong> Tv\u00e5 tr\u00e5d\u00e4ndars-id\u00e9n<\/strong>, och har man ett tillr\u00e4ckligt stort nystan klarar man hela koftan med bara tv\u00e5 tr\u00e5dar att f\u00e4sta efter\u00e5t. J\u00e4rbos garn Big Verona \u00e4r en favorit bland m\u00e5nga hj\u00e4lpstickare, har jag m\u00e4rkt. Koftan p\u00e5 bilden har naturligtvis fler f\u00e4sta tr\u00e5dar eftersom jag har anv\u00e4nt tre olika f\u00e4rger av garnet, och minns jag r\u00e4tt \u00e4r det ett av de vanliga merinogarnerna.<\/p>\n\n\n\n<p>Alla \u00f6kningar \u00e4r gjorda med vridna omslag (omsl), men \u00f6ka g\u00e4rna p\u00e5 n\u00e5got annat s\u00e4tt som du tycker blir bra, till exempel med Tant Koftas osynliga \u00f6kningar (en lutar \u00e5t v\u00e4nster, den andra \u00e5t h\u00f6ger). <\/p>\n\n\n\n<p>Varje \u00f6kningsvarv resulterar i 8 nya maskor. Raglanmaskorna bildar en sl\u00e4tstickad rand.<\/p>\n\n\n\n<p>Knapph\u00e5len hamnar bra med ett mellanrum p\u00e5 14 varv, tycker jag.<\/p>\n\n\n\n<p>Storlek? Jag tycker att den borde passa de flesta barn som \u00e4r upp till ett halv\u00e5r gamla. Susanne som provstickade originalkoftan provade den p\u00e5 sitt barnbarn som hade kl\u00e4der i 72 cl d\u00e5, och det brukar r\u00e4knas som nio m\u00e5nader.<\/p>\n\n\n\n<p>Garn: J\u00e4rbo Big Verona (eller motsvarande), ett nystan<\/p>\n\n\n\n<p>Stickor: 4, en rundsticka med mjuk kabel<\/p>\n\n\n\n<p>Dessutom: en virkn\u00e5l till \u00e4rm-\u201ds\u00f6mmarna\u201d, n\u00e5l att f\u00e4sta tr\u00e5dar med, knappar, sytr\u00e5d och syn\u00e5l<\/p>\n\n\n\n<p>Res\u00e5r: sticka 2 rm, 2 am<\/p>\n\n\n\n<p>L\u00e4gg upp 88 m (detta \u00e4r kragens \u00f6vre kant).<\/p>\n\n\n\n<p>Varv 1: 5 rm, res\u00e5r p\u00e5 78 m, 5 rm.<\/p>\n\n\n\n<p>Upprepa varv 1 tills arbetet \u00e4r 2,5 cm, men sticka knapph\u00e5l p\u00e5 varv 6 och 7:<\/p>\n\n\n\n<p>Varv 6 (det f\u00f6rsta knapph\u00e5lets f\u00f6rsta halva): som varv 1 tills 7 m \u00e5terst\u00e5r, 3 rm, maska av 2 m, 2 rm.<\/p>\n\n\n\n<p>Varv 7 (det f\u00f6rsta knapph\u00e5lets andra halva): 2 rm, 2 vridna omslag (ers\u00e4tter de avmaskade maskorna), 1 rm, sedan res\u00e5r tills 5 m \u00e5terst\u00e5r, 5 r.<\/p>\n\n\n\n<p>N\u00e4r res\u00e5ren \u00e4r 2,5 cm b\u00f6rjar sl\u00e4tstickningen och raglan\u00f6kningarna (se till att det som nu blir r\u00e4tsidan st\u00e4mmer med den kn\u00e4ppning du har planerat):<\/p>\n\n\n\n<p>Okvarv 1 (detta blir r\u00e4tsidan): 5 rm, 10 rm (detta blir f\u00f6rsta framstycket), 1 omsl, 1 rm (f\u00f6rsta raglanmaskan), 1 omsl, 16 rm (detta blir f\u00f6rsta \u00e4rmen), 1 omsl, 1 rm (andra raglanmaskan), 1 omsl, 22 rm (ryggstycket), 1 omsl, 1 rm, 1 omsl, 16 rm (andra \u00e4rmen), 1 omsl, 1 rm, 1 omsl, 10 rm, 5 rm (andra framstycket).<\/p>\n\n\n\n<p>Okvarv 2: 5 rm, am tills 5 m \u00e5terst\u00e5r, 5 rm.<\/p>\n\n\n\n<p>Okvarv 3: 5 rm, *rm fram till raglanmaskan, 1 omsl, 1 rm, 1 omsl*, upprepa detta tre g\u00e5nger, rm varvet ut.<\/p>\n\n\n\n<p>Okvarv 4: som varv 2.<\/p>\n\n\n\n<p>Upprepa varv 2 och 3 tills oket \u00e4r tillr\u00e4ckligt l\u00e5ngt. Gl\u00f6m inte att g\u00f6ra knapph\u00e5l, till exempel p\u00e5 varv 20 och 34! Om du vill kan du g\u00f6ra n\u00e5gra r\u00e4nder p\u00e5 oket genom att sticka r\u00e4ta varv fr\u00e5n avigsidan.<\/p>\n\n\n\n<p>Delningsvarvet, stickas fr\u00e5n r\u00e4tsidan (b\u00f6rjan): sticka fram till f\u00f6rsta raglanm, 1 omslag, sticka raglanm r, 1 omslag, sticka fram till andra raglanm, 1 omslag.<\/p>\n\n\n\n<p>V\u00e4nd och sticka sl\u00e4tstickning p\u00e5 den f\u00f6rsta \u00e4rmens m, mellan de tv\u00e5 f\u00f6rsta raglanm (sticka inte sj\u00e4lva raglanm) i 3 v. Detta \u00e4r b\u00f6rjan p\u00e5 den f\u00f6rsta \u00e4rmen, och fr\u00e5n och med nu g\u00f6rs inte fler \u00f6kningar.<\/p>\n\n\n\n<p>Vill du ha en kedja av st\u00f6rre m i kanterna, s\u00e5 att det blir enkelt att virka ihop \u00e4rmen sedan, s\u00e5 sticka sista m p\u00e5 varje v a, v\u00e4nd p\u00e5 stickningen och lyft den r som start p\u00e5 n\u00e4sta v.<\/p>\n\n\n\n<p>\u00c4rmens varv 5 (fr\u00e5n r\u00e4tsidan): 1 r (eller lyft 1:a m), 2 tills, sedan r v ut.<\/p>\n\n\n\n<p>Forts\u00e4tt i sl\u00e4tstickning.<\/p>\n\n\n\n<p>\u00c4rmens varv 9: r tills 3 m \u00e5terst\u00e5r, 2 tills r, sticka sista m (a om du vill lyfta den som start p\u00e5 n\u00e4sta v).<\/p>\n\n\n\n<p>Forts\u00e4tt i sl\u00e4tstickning.<\/p>\n\n\n\n<p>Upprepa v 5 p\u00e5 v 13, 21 osv och varv 9 p\u00e5 v 17, 25 osv.<\/p>\n\n\n\n<p>N\u00e4r \u00e4rmen \u00e4r n\u00e4stan lagom l\u00e5ng \u00e4r det dags f\u00f6r mudden.<\/p>\n\n\n\n<p>Sticka res\u00e5r med 2 r, 2 a i 14 v.<\/p>\n\n\n\n<p>Maska av i res\u00e5r.<\/p>\n\n\n\n<p>Spara sista m och s\u00e4tt den p\u00e5 en virkn\u00e5l. Vik \u00e4rmen med r\u00e4tsidan in\u00e5t och virka \u201ds\u00f6mmen\u201d med smygmaskor eller fasta maskor upp till delningen. S\u00e4tt m p\u00e5 h\u00f6ger sticka och ta bort virkn\u00e5len.<\/p>\n\n\n\n<p>Delningsvarvet (forts\u00e4ttning): sticka 1 rm (raglanmaskan), g\u00f6r 1 omsl, sticka ryggstyckets m, g\u00f6r 1 omsl, sticka 1 m (raglanmaskan), g\u00f6r 1 omsl, sticka andra \u00e4rmens m, g\u00f6r 1 omsl och sticka sedan denna \u00e4rm likadant som den f\u00f6rsta.<\/p>\n\n\n\n<p>N\u00e4r virkmaskan \u00e4r satt p\u00e5 h\u00f6ger sticka, sticka 1 rm (raglanmaska), g\u00f6r 1 omsl och sticka andra framstycket fram till de 5 sista m.<\/p>\n\n\n\n<p>Nu sticker b\u00e5da \u00e4rmarna ut.<\/p>\n\n\n\n<p>Sticka sl\u00e4tstickning med r\u00e4tstickade kanter fram och tillbaka \u00f6ver de m som \u00e5terst\u00e5r, framstycke-ryggstycke-framstycke (och g\u00f6r knapph\u00e5l med j\u00e4mna mellanrum), tills koftan \u00e4r n\u00e4stan lagom l\u00e5ng. <\/p>\n\n\n\n<p>Sticka kantmaskorna r\u00e4ta som tidigare och d\u00e4remellan res\u00e5r med 2 r, 2 a i 14 v.<\/p>\n\n\n\n<p>Maska av med 5 r, sedan res\u00e5r tills 5 m \u00e5terst\u00e5r, 5 r.<\/p>\n\n\n\n<p>F\u00e4st de b\u00e5da tr\u00e5d\u00e4ndarna och sy i alla knappar.<\/p>\n\n\n\n<p>Skriv g\u00e4rna till den lilla tuffingen att det \u00e4r bra att kunna vara tuff n\u00e4r det beh\u00f6vs men att man absolut inte beh\u00f6ver vara det j\u00e4mt. \u00c4nnu viktigare \u00e4n att vara tuff \u00e4r det s\u00e5klart att bry sig om andra!<\/p>\n\n\n\n<p>Den nya lilla koftan \u00e4r klar, s\u00e5 grattis till dig som har stickat den \u2013 och tack Ingrid, Gun-Britt och Inga-Lill som har varit med och utvecklat nya varianter, och tack alla ni som provstickade den f\u00f6rsta koftan f\u00f6r ett tag sedan!<\/p>\n","protected":false},"excerpt":{"rendered":"<p>Kan det verkligen st\u00e4mma att jag aldrig publicerade den h\u00e4r beskrivningen fast\u00e4n jag hade gjort den n\u00e4stan klar? Det verkar s\u00e5. Det finns b\u00e5de en kofta (den h\u00e4r) och en tr\u00f6ja (jag f\u00f6rs\u00f6ker publicera den inom n\u00e5gra dagar). Vill n\u00e5gon ha dem b\u00e5da tillsammans i form av ett pdf-h\u00e4fte, s\u00e4g till, det ska jag nog&#8230;<\/p>\n","protected":false},"author":2,"featured_media":18387,"comment_status":"open","ping_status":"open","sticky":false,"template":"","format":"standard","meta":{"site-sidebar-layout":"default","site-content-layout":"","ast-site-content-layout":"default","site-content-style":"default","site-sidebar-style":"default","ast-global-header-display":"","ast-banner-title-visibility":"","ast-main-header-display":"","ast-hfb-above-header-display":"","ast-hfb-below-header-display":"","ast-hfb-mobile-header-display":"","site-post-title":"","ast-breadcrumbs-content":"","ast-featured-img":"","footer-sml-layout":"","ast-disable-related-posts":"","theme-transparent-header-meta":"","adv-header-id-meta":"","stick-header-meta":"","header-above-stick-meta":"","header-main-stick-meta":"","header-below-stick-meta":"","astra-migrate-meta-layouts":"set","ast-page-background-enabled":"default","ast-page-background-meta":{"desktop":{"background-color":"var(--ast-global-color-4)","background-image":"","background-repeat":"repeat","background-position":"center center","background-size":"auto","background-attachment":"scroll","background-type":"","background-media":"","overlay-type":"","overlay-color":"","overlay-opacity":"","overlay-gradient":""},"tablet":{"background-color":"","background-image":"","background-repeat":"repeat","background-position":"center center","background-size":"auto","background-attachment":"scroll","background-type":"","background-media":"","overlay-type":"","overlay-color":"","overlay-opacity":"","overlay-gradient":""},"mobile":{"background-color":"","background-image":"","background-repeat":"repeat","background-position":"center center","background-size":"auto","background-attachment":"scroll","background-type":"","background-media":"","overlay-type":"","overlay-color":"","overlay-opacity":"","overlay-gradient":""}},"ast-content-background-meta":{"desktop":{"background-color":"var(--ast-global-color-5)","background-image":"","background-repeat":"repeat","background-position":"center center","background-size":"auto","background-attachment":"scroll","background-type":"","background-media":"","overlay-type":"","overlay-color":"","overlay-opacity":"","overlay-gradient":""},"tablet":{"background-color":"var(--ast-global-color-5)","background-image":"","background-repeat":"repeat","background-position":"center center","background-size":"auto","background-attachment":"scroll","background-type":"","background-media":"","overlay-type":"","overlay-color":"","overlay-opacity":"","overlay-gradient":""},"mobile":{"background-color":"var(--ast-global-color-5)","background-image":"","background-repeat":"repeat","background-position":"center center","background-size":"auto","background-attachment":"scroll","background-type":"","background-media":"","overlay-type":"","overlay-color":"","overlay-opacity":"","overlay-gradient":""}},"footnotes":""},"categories":[152,241,244,1033,240],"tags":[],"class_list":["post-18385","post","type-post","status-publish","format-standard","has-post-thumbnail","hentry","category-beskrivningar","category-lilla-tuffing","category-startpaket-for-nyfodda","category-sticka","category-uppifran-och-ner"],"_links":{"self":[{"href":"https:\/\/bloggar.hemmetsjournal.se\/anna\/wp-json\/wp\/v2\/posts\/18385"}],"collection":[{"href":"https:\/\/bloggar.hemmetsjournal.se\/anna\/wp-json\/wp\/v2\/posts"}],"about":[{"href":"https:\/\/bloggar.hemmetsjournal.se\/anna\/wp-json\/wp\/v2\/types\/post"}],"author":[{"embeddable":true,"href":"https:\/\/bloggar.hemmetsjournal.se\/anna\/wp-json\/wp\/v2\/users\/2"}],"replies":[{"embeddable":true,"href":"https:\/\/bloggar.hemmetsjournal.se\/anna\/wp-json\/wp\/v2\/comments?post=18385"}],"version-history":[{"count":5,"href":"https:\/\/bloggar.hemmetsjournal.se\/anna\/wp-json\/wp\/v2\/posts\/18385\/revisions"}],"predecessor-version":[{"id":18399,"href":"https:\/\/bloggar.hemmetsjournal.se\/anna\/wp-json\/wp\/v2\/posts\/18385\/revisions\/18399"}],"wp:featuredmedia":[{"embeddable":true,"href":"https:\/\/bloggar.hemmetsjournal.se\/anna\/wp-json\/wp\/v2\/media\/18387"}],"wp:attachment":[{"href":"https:\/\/bloggar.hemmetsjournal.se\/anna\/wp-json\/wp\/v2\/media?parent=18385"}],"wp:term":[{"taxonomy":"category","embeddable":true,"href":"https:\/\/bloggar.hemmetsjournal.se\/anna\/wp-json\/wp\/v2\/categories?post=18385"},{"taxonomy":"post_tag","embeddable":true,"href":"https:\/\/bloggar.hemmetsjournal.se\/anna\/wp-json\/wp\/v2\/tags?post=18385"}],"curies":[{"name":"wp","href":"https:\/\/api.w.org\/{rel}","templated":true}]}}