{"id":17923,"date":"2024-06-15T08:04:05","date_gmt":"2024-06-15T06:04:05","guid":{"rendered":"https:\/\/bloggar.hemmetsjournal.se\/anna\/?p=17923"},"modified":"2024-06-15T12:46:08","modified_gmt":"2024-06-15T10:46:08","slug":"hur-gar-det-med-insamlingen-pa-oland","status":"publish","type":"post","link":"https:\/\/bloggar.hemmetsjournal.se\/anna\/2024\/hur-gar-det-med-insamlingen-pa-oland\/","title":{"rendered":"Hur g\u00e5r det med insamlingen p\u00e5 \u00d6land?"},"content":{"rendered":"\n<p>Det \u00e4r s\u00e5 roligt att s\u00e5 m\u00e5nga har uppm\u00e4rksammat den Ukraina-insamling som Svenska kyrkan p\u00e5 \u00d6land arbetar med, och f\u00f6rst\u00e5s att s\u00e5 m\u00e5nga vill vara med!<\/p>\n\n\n\n<figure class=\"wp-block-image size-large is-resized\"><img loading=\"lazy\" decoding=\"async\" src=\"https:\/\/bloggar.hemmetsjournal.se\/anna\/wp-content\/uploads\/sites\/2\/2024\/06\/417406841_7207988889305412_356829745536080947_n-768x1024.jpg\" alt=\"\" class=\"wp-image-17925\" width=\"343\" height=\"457\" srcset=\"https:\/\/bloggar.hemmetsjournal.se\/anna\/wp-content\/uploads\/sites\/2\/2024\/06\/417406841_7207988889305412_356829745536080947_n-768x1024.jpg 768w, https:\/\/bloggar.hemmetsjournal.se\/anna\/wp-content\/uploads\/sites\/2\/2024\/06\/417406841_7207988889305412_356829745536080947_n-225x300.jpg 225w, https:\/\/bloggar.hemmetsjournal.se\/anna\/wp-content\/uploads\/sites\/2\/2024\/06\/417406841_7207988889305412_356829745536080947_n-1152x1536.jpg 1152w, https:\/\/bloggar.hemmetsjournal.se\/anna\/wp-content\/uploads\/sites\/2\/2024\/06\/417406841_7207988889305412_356829745536080947_n.jpg 1536w\" sizes=\"(max-width: 343px) 100vw, 343px\" \/><figcaption>Bild: Anna Lundin Leander<\/figcaption><\/figure>\n\n\n\n<p>Anna skriver:<\/p>\n\n\n\n<p><em>Tack v\u00e4nner! Det kommer paket fr\u00e5n er n\u00e4stan varje dag nu! Ig\u00e5r packade jag och min dotter ungef\u00e4r 30 babypaket som skickas till Ukraina efter midsommar. Vi har &#8212; och beh\u00f6ver! &#8212; kl\u00e4der till m\u00e5nga fler babykit. <\/em><\/p>\n\n\n\n<p><em>Men just nu saknar vi BABYVANTAR! Om n\u00e5gon vill sticka eller virka s\u00e5 tar vi v\u00e4ldigt g\u00e4rna emot vantar f\u00f6r nyf\u00f6dda! Det \u00e4r f\u00f6rv\u00e5nansv\u00e4rt svalt i skyddsrum nattetid. Anv\u00e4nd det garn du har! Vi beh\u00f6ver just nu VOLYM f\u00f6rst och fr\u00e4mst. Det \u00e4r s\u00e5 stora behov! G\u00f6r av det du har! Vi sprider omtanke och hopp tillsammans<\/em>. <em>Varje par vantar betyder ett f\u00e4rdigt babypaket \u2026 <\/em><\/p>\n\n\n\n<p><em>Vi beh\u00f6ver ocks\u00e5 koftor eller tr\u00f6jor.<\/em><\/p>\n\n\n\n<p><em>Vi tar emot hela babypaket eller de delar du kan skicka oss! Allt beh\u00f6vs och allt kommer fram! Varje plagg g\u00f6r skillnad!<\/em><\/p>\n\n\n\n<figure class=\"wp-block-image size-large is-resized\"><img loading=\"lazy\" decoding=\"async\" src=\"https:\/\/bloggar.hemmetsjournal.se\/anna\/wp-content\/uploads\/sites\/2\/2024\/06\/448211211_7207989149305386_5415896439782842362_n-768x1024.jpg\" alt=\"\" class=\"wp-image-17926\" width=\"357\" height=\"476\" srcset=\"https:\/\/bloggar.hemmetsjournal.se\/anna\/wp-content\/uploads\/sites\/2\/2024\/06\/448211211_7207989149305386_5415896439782842362_n-768x1024.jpg 768w, https:\/\/bloggar.hemmetsjournal.se\/anna\/wp-content\/uploads\/sites\/2\/2024\/06\/448211211_7207989149305386_5415896439782842362_n-225x300.jpg 225w, https:\/\/bloggar.hemmetsjournal.se\/anna\/wp-content\/uploads\/sites\/2\/2024\/06\/448211211_7207989149305386_5415896439782842362_n-1152x1536.jpg 1152w, https:\/\/bloggar.hemmetsjournal.se\/anna\/wp-content\/uploads\/sites\/2\/2024\/06\/448211211_7207989149305386_5415896439782842362_n.jpg 1536w\" sizes=\"(max-width: 357px) 100vw, 357px\" \/><figcaption>Bild: Anna Lundin Leander<\/figcaption><\/figure>\n\n\n\n<p><em>Och vi har inget stoppdatum! Vi h\u00e5ller p\u00e5 kontinuerligt. Vi samverkar med Operation Change och ett g\u00e4ng volont\u00e4rer i Nybro. Vi brukar f\u00e5 med v\u00e5ra l\u00e5dor relativt snabbt, gratis och med blixtsnabb feedback. Jag blir r\u00f6rd n\u00e4r jag ser ukrainska mammor p\u00e5 bild med v\u00e5ra babykit i famnen. Det n\u00e5r fram!<\/em><\/p>\n\n\n\n<p><em>Skicka till<br><strong>Svenska kyrkan<br>\u00d6stra Kyrkogatan 9<br>38731 Borgholm<\/strong><\/em><\/p>\n\n\n\n<p><em>M\u00e4rk paketet: Ukrainainsamlingen\/Anna Lundin Leander<\/em><\/p>\n\n\n\n<p><em>Om du \u00e4r p\u00e5 \u00d6land i sommar kan du l\u00e4mna in ditt bidrag p\u00e5 pastorsexpeditionen i Borgholm &#8212; kontrollera bara \u00f6ppettiderna f\u00f6rst!<\/em><\/p>\n\n\n\n<p>***<\/p>\n\n\n\n<p>Tack Anna!<\/p>\n","protected":false},"excerpt":{"rendered":"<p>Det \u00e4r s\u00e5 roligt att s\u00e5 m\u00e5nga har uppm\u00e4rksammat den Ukraina-insamling som Svenska kyrkan p\u00e5 \u00d6land arbetar med, och f\u00f6rst\u00e5s att s\u00e5 m\u00e5nga vill vara med! Anna skriver: Tack v\u00e4nner! Det kommer paket fr\u00e5n er n\u00e4stan varje dag nu! Ig\u00e5r packade jag och min dotter ungef\u00e4r 30 babypaket som skickas till Ukraina efter midsommar. Vi&#8230;<\/p>\n","protected":false},"author":2,"featured_media":17924,"comment_status":"open","ping_status":"open","sticky":false,"template":"","format":"standard","meta":{"site-sidebar-layout":"default","site-content-layout":"","ast-site-content-layout":"default","site-content-style":"default","site-sidebar-style":"default","ast-global-header-display":"","ast-banner-title-visibility":"","ast-main-header-display":"","ast-hfb-above-header-display":"","ast-hfb-below-header-display":"","ast-hfb-mobile-header-display":"","site-post-title":"","ast-breadcrumbs-content":"","ast-featured-img":"","footer-sml-layout":"","ast-disable-related-posts":"","theme-transparent-header-meta":"","adv-header-id-meta":"","stick-header-meta":"","header-above-stick-meta":"","header-main-stick-meta":"","header-below-stick-meta":"","astra-migrate-meta-layouts":"set","ast-page-background-enabled":"default","ast-page-background-meta":{"desktop":{"background-color":"var(--ast-global-color-4)","background-image":"","background-repeat":"repeat","background-position":"center center","background-size":"auto","background-attachment":"scroll","background-type":"","background-media":"","overlay-type":"","overlay-color":"","overlay-opacity":"","overlay-gradient":""},"tablet":{"background-color":"","background-image":"","background-repeat":"repeat","background-position":"center center","background-size":"auto","background-attachment":"scroll","background-type":"","background-media":"","overlay-type":"","overlay-color":"","overlay-opacity":"","overlay-gradient":""},"mobile":{"background-color":"","background-image":"","background-repeat":"repeat","background-position":"center center","background-size":"auto","background-attachment":"scroll","background-type":"","background-media":"","overlay-type":"","overlay-color":"","overlay-opacity":"","overlay-gradient":""}},"ast-content-background-meta":{"desktop":{"background-color":"var(--ast-global-color-5)","background-image":"","background-repeat":"repeat","background-position":"center center","background-size":"auto","background-attachment":"scroll","background-type":"","background-media":"","overlay-type":"","overlay-color":"","overlay-opacity":"","overlay-gradient":""},"tablet":{"background-color":"var(--ast-global-color-5)","background-image":"","background-repeat":"repeat","background-position":"center center","background-size":"auto","background-attachment":"scroll","background-type":"","background-media":"","overlay-type":"","overlay-color":"","overlay-opacity":"","overlay-gradient":""},"mobile":{"background-color":"var(--ast-global-color-5)","background-image":"","background-repeat":"repeat","background-position":"center center","background-size":"auto","background-attachment":"scroll","background-type":"","background-media":"","overlay-type":"","overlay-color":"","overlay-opacity":"","overlay-gradient":""}},"footnotes":""},"categories":[244,19,1605],"tags":[],"class_list":["post-17923","post","type-post","status-publish","format-standard","has-post-thumbnail","hentry","category-startpaket-for-nyfodda","category-sticka-skicka","category-ukraina"],"_links":{"self":[{"href":"https:\/\/bloggar.hemmetsjournal.se\/anna\/wp-json\/wp\/v2\/posts\/17923"}],"collection":[{"href":"https:\/\/bloggar.hemmetsjournal.se\/anna\/wp-json\/wp\/v2\/posts"}],"about":[{"href":"https:\/\/bloggar.hemmetsjournal.se\/anna\/wp-json\/wp\/v2\/types\/post"}],"author":[{"embeddable":true,"href":"https:\/\/bloggar.hemmetsjournal.se\/anna\/wp-json\/wp\/v2\/users\/2"}],"replies":[{"embeddable":true,"href":"https:\/\/bloggar.hemmetsjournal.se\/anna\/wp-json\/wp\/v2\/comments?post=17923"}],"version-history":[{"count":5,"href":"https:\/\/bloggar.hemmetsjournal.se\/anna\/wp-json\/wp\/v2\/posts\/17923\/revisions"}],"predecessor-version":[{"id":17932,"href":"https:\/\/bloggar.hemmetsjournal.se\/anna\/wp-json\/wp\/v2\/posts\/17923\/revisions\/17932"}],"wp:featuredmedia":[{"embeddable":true,"href":"https:\/\/bloggar.hemmetsjournal.se\/anna\/wp-json\/wp\/v2\/media\/17924"}],"wp:attachment":[{"href":"https:\/\/bloggar.hemmetsjournal.se\/anna\/wp-json\/wp\/v2\/media?parent=17923"}],"wp:term":[{"taxonomy":"category","embeddable":true,"href":"https:\/\/bloggar.hemmetsjournal.se\/anna\/wp-json\/wp\/v2\/categories?post=17923"},{"taxonomy":"post_tag","embeddable":true,"href":"https:\/\/bloggar.hemmetsjournal.se\/anna\/wp-json\/wp\/v2\/tags?post=17923"}],"curies":[{"name":"wp","href":"https:\/\/api.w.org\/{rel}","templated":true}]}}