{"id":17153,"date":"2023-11-07T09:12:32","date_gmt":"2023-11-07T08:12:32","guid":{"rendered":"https:\/\/bloggar.hemmetsjournal.se\/anna\/?p=17153"},"modified":"2023-11-07T11:55:29","modified_gmt":"2023-11-07T10:55:29","slug":"packa-en-lada","status":"publish","type":"post","link":"https:\/\/bloggar.hemmetsjournal.se\/anna\/2023\/packa-en-lada\/","title":{"rendered":"Packa en l\u00e5da"},"content":{"rendered":"\n<p>F\u00f6rra m\u00e5ndagen satt jag i en stol som jag tycker om, hemma hos mina f\u00f6r\u00e4ldrar, i huset d\u00e4r min farfar v\u00e4xte upp, omgiven av fj\u00e4rrv\u00e4rme (nyinstallerad, fungerar perfekt), och talade med <strong>Nataliia <\/strong>i <strong>Kiev<\/strong>.<\/p>\n\n\n\n<p>Det var overkligt.<\/p>\n\n\n\n<p>Intervjun kommer i en tidskrift i b\u00f6rjan av december, och naturligtvis \u00f6nskar jag att en del av de problem som hon ber\u00e4ttade om kommer att vara l\u00f6sta d\u00e5, men naturligtvis \u00e4r de inte det. Alla v\u00e4rmesystem i bostadshusen i Charkiv kommer inte att bli lagade s\u00e5 snabbt, till exempel. Hon ber\u00e4ttade att det var s\u00e5 tydligt f\u00f6rra h\u00f6sten att bostadsomr\u00e5dena b\u00f6rjade vara m\u00e5l f\u00f6r bomber just n\u00e4r centralv\u00e4rmen b\u00f6rjade beh\u00f6vas p\u00e5 riktigt i l\u00e4genheterna. <\/p>\n\n\n\n<p>Men hon ber\u00e4ttade ocks\u00e5 att det k\u00e4nns p\u00e5 ett annat s\u00e4tt nu \u00e4n 2014 och 2018, f\u00f6r d\u00e5 fick ukrainarna h\u00f6ra att det var en konflikt de befann sig i, och &#8221;ingen&#8221; ville st\u00f6tta dem. Nu, sa hon, k\u00e4nner de sig inte lika ensamma.<\/p>\n\n\n\n<p>En sak som m\u00e5nga av oss i Sverige har m\u00f6jlighet att g\u00f6ra, s\u00e4rskilt om vi samarbetar \u00e5tminstone lite grann, \u00e4r att packa en l\u00e5da med s\u00e5dant som beh\u00f6vs i Ukraina. PostNord tar emot den och fraktar den gratis (ja!!!) till ett logistikcenter n\u00e4ra ukrainska gr\u00e4nsen i Polen, och d\u00e4r packas allt upp och sorteras f\u00f6r att k\u00f6ras in i Ukraina enligt de best\u00e4llningar som kommer. <strong>Bra att notera<\/strong> \u00e4r v\u00e4l att det just nu inte st\u00e5r n\u00e5got alls om kl\u00e4der p\u00e5 listan &#8212; d\u00e4remot om sovs\u00e4ckar, lakan, kuddar och filtar!<\/p>\n\n\n\n<p>H\u00e4r \u00e4r den:<\/p>\n\n\n\n<h3 class=\"wp-block-heading\"><em>Vad ska du skicka?<\/em><\/h3>\n\n\n\n<p><em>V\u00e4nligen respektera att vi inte kan ta emot varor d\u00e4r utg\u00e5ngsdatum passerat.<\/em><\/p>\n\n\n\n<ul class=\"wp-block-list\"><li><em><strong>Mat som inte kr\u00e4ver tillagning eller speciella temperaturf\u00f6rh\u00e5llanden<\/strong> Till exempel konservburkar med fisk och k\u00f6tt, torrkorv.<\/em><br><\/li><li><strong><em>Kondenserad mj\u00f6lk<\/em><br><\/strong><\/li><li><strong><em>Frystorkad mat<\/em><\/strong><br><\/li><li><em><strong>N\u00f6tter, proteinbars, torr frukt<\/strong><br><\/em><\/li><li><em><strong>Snabbmat<\/strong> Pasta, soppor och pure\u00e9r.<br><\/em><\/li><li><em><strong>Godis<\/strong> Choklad och bars.<\/em><br><\/li><li><em><strong>Barnmat<\/strong> Obs: skicka inte glasf\u00f6rpackningar.<\/em><br><\/li><li><em><strong>Mat till husdjur<\/strong> Foder i konservburk eller torrfoder i obruten f\u00f6rpackning.<\/em><br><\/li><li><strong><em>Stearinljus<\/em><\/strong><br><\/li><li><em><strong>Hygienprodukter<\/strong> Nya produkter i obruten f\u00f6rpackning, till exempel duschtv\u00e5l, schampo, tv\u00e5l, tandkr\u00e4m, hand- och ansiktskr\u00e4m, tandborstar, bl\u00f6jor, trosskydd, bindor och tamponger, v\u00e5tservetter.<\/em><br><\/li><li><em><strong>Medicinprodukter<\/strong> Till exempel bandage, sterila kompresser och pl\u00e5ster.<\/em><br><\/li><li><em><strong>S\u00e4ngkl\u00e4der<\/strong> Filtar, kuddar och lakan.<\/em><br><\/li><li><strong><em>Sovs\u00e4ckar<\/em><\/strong><br><\/li><li><strong><em>Powerbanks<\/em><\/strong><\/li><\/ul>\n\n\n\n<p>___________<\/p>\n\n\n\n<p><a href=\"https:\/\/www.postnord.se\/om-oss\/hjalppaket-for-ukraina\">H\u00e4r finns all information om hur man b\u00e4r sig \u00e5t f\u00f6r att f\u00e5 iv\u00e4g sitt paket.<\/a> Jag har packat i flyttl\u00e5dor tidigare, och det har g\u00e5tt bra, men mindre g\u00e5r ju ocks\u00e5 f\u00f6rst\u00e5s.<\/p>\n\n\n\n<p><\/p>\n","protected":false},"excerpt":{"rendered":"<p>F\u00f6rra m\u00e5ndagen satt jag i en stol som jag tycker om, hemma hos mina f\u00f6r\u00e4ldrar, i huset d\u00e4r min farfar v\u00e4xte upp, omgiven av fj\u00e4rrv\u00e4rme (nyinstallerad, fungerar perfekt), och talade med Nataliia i Kiev. Det var overkligt. Intervjun kommer i en tidskrift i b\u00f6rjan av december, och naturligtvis \u00f6nskar jag att en del av de&#8230;<\/p>\n","protected":false},"author":2,"featured_media":15856,"comment_status":"open","ping_status":"open","sticky":false,"template":"","format":"standard","meta":{"site-sidebar-layout":"default","site-content-layout":"","ast-site-content-layout":"default","site-content-style":"default","site-sidebar-style":"default","ast-global-header-display":"","ast-banner-title-visibility":"","ast-main-header-display":"","ast-hfb-above-header-display":"","ast-hfb-below-header-display":"","ast-hfb-mobile-header-display":"","site-post-title":"","ast-breadcrumbs-content":"","ast-featured-img":"","footer-sml-layout":"","ast-disable-related-posts":"","theme-transparent-header-meta":"","adv-header-id-meta":"","stick-header-meta":"","header-above-stick-meta":"","header-main-stick-meta":"","header-below-stick-meta":"","astra-migrate-meta-layouts":"set","ast-page-background-enabled":"default","ast-page-background-meta":{"desktop":{"background-color":"var(--ast-global-color-4)","background-image":"","background-repeat":"repeat","background-position":"center center","background-size":"auto","background-attachment":"scroll","background-type":"","background-media":"","overlay-type":"","overlay-color":"","overlay-opacity":"","overlay-gradient":""},"tablet":{"background-color":"","background-image":"","background-repeat":"repeat","background-position":"center center","background-size":"auto","background-attachment":"scroll","background-type":"","background-media":"","overlay-type":"","overlay-color":"","overlay-opacity":"","overlay-gradient":""},"mobile":{"background-color":"","background-image":"","background-repeat":"repeat","background-position":"center center","background-size":"auto","background-attachment":"scroll","background-type":"","background-media":"","overlay-type":"","overlay-color":"","overlay-opacity":"","overlay-gradient":""}},"ast-content-background-meta":{"desktop":{"background-color":"var(--ast-global-color-5)","background-image":"","background-repeat":"repeat","background-position":"center center","background-size":"auto","background-attachment":"scroll","background-type":"","background-media":"","overlay-type":"","overlay-color":"","overlay-opacity":"","overlay-gradient":""},"tablet":{"background-color":"var(--ast-global-color-5)","background-image":"","background-repeat":"repeat","background-position":"center center","background-size":"auto","background-attachment":"scroll","background-type":"","background-media":"","overlay-type":"","overlay-color":"","overlay-opacity":"","overlay-gradient":""},"mobile":{"background-color":"var(--ast-global-color-5)","background-image":"","background-repeat":"repeat","background-position":"center center","background-size":"auto","background-attachment":"scroll","background-type":"","background-media":"","overlay-type":"","overlay-color":"","overlay-opacity":"","overlay-gradient":""}},"footnotes":""},"categories":[1605],"tags":[],"class_list":["post-17153","post","type-post","status-publish","format-standard","has-post-thumbnail","hentry","category-ukraina"],"_links":{"self":[{"href":"https:\/\/bloggar.hemmetsjournal.se\/anna\/wp-json\/wp\/v2\/posts\/17153"}],"collection":[{"href":"https:\/\/bloggar.hemmetsjournal.se\/anna\/wp-json\/wp\/v2\/posts"}],"about":[{"href":"https:\/\/bloggar.hemmetsjournal.se\/anna\/wp-json\/wp\/v2\/types\/post"}],"author":[{"embeddable":true,"href":"https:\/\/bloggar.hemmetsjournal.se\/anna\/wp-json\/wp\/v2\/users\/2"}],"replies":[{"embeddable":true,"href":"https:\/\/bloggar.hemmetsjournal.se\/anna\/wp-json\/wp\/v2\/comments?post=17153"}],"version-history":[{"count":2,"href":"https:\/\/bloggar.hemmetsjournal.se\/anna\/wp-json\/wp\/v2\/posts\/17153\/revisions"}],"predecessor-version":[{"id":17155,"href":"https:\/\/bloggar.hemmetsjournal.se\/anna\/wp-json\/wp\/v2\/posts\/17153\/revisions\/17155"}],"wp:featuredmedia":[{"embeddable":true,"href":"https:\/\/bloggar.hemmetsjournal.se\/anna\/wp-json\/wp\/v2\/media\/15856"}],"wp:attachment":[{"href":"https:\/\/bloggar.hemmetsjournal.se\/anna\/wp-json\/wp\/v2\/media?parent=17153"}],"wp:term":[{"taxonomy":"category","embeddable":true,"href":"https:\/\/bloggar.hemmetsjournal.se\/anna\/wp-json\/wp\/v2\/categories?post=17153"},{"taxonomy":"post_tag","embeddable":true,"href":"https:\/\/bloggar.hemmetsjournal.se\/anna\/wp-json\/wp\/v2\/tags?post=17153"}],"curies":[{"name":"wp","href":"https:\/\/api.w.org\/{rel}","templated":true}]}}