{"id":17038,"date":"2023-10-02T21:56:57","date_gmt":"2023-10-02T19:56:57","guid":{"rendered":"https:\/\/bloggar.hemmetsjournal.se\/anna\/?p=17038"},"modified":"2023-10-05T07:27:53","modified_gmt":"2023-10-05T05:27:53","slug":"pa-kulturen-i-lund","status":"publish","type":"post","link":"https:\/\/bloggar.hemmetsjournal.se\/anna\/2023\/pa-kulturen-i-lund\/","title":{"rendered":"P\u00e5 Kulturen i Lund"},"content":{"rendered":"\n<figure class=\"wp-block-image size-full\"><img loading=\"lazy\" decoding=\"async\" width=\"469\" height=\"590\" src=\"https:\/\/bloggar.hemmetsjournal.se\/anna\/wp-content\/uploads\/sites\/2\/2023\/10\/Kulturen-1.png\" alt=\"\" class=\"wp-image-17039\" srcset=\"https:\/\/bloggar.hemmetsjournal.se\/anna\/wp-content\/uploads\/sites\/2\/2023\/10\/Kulturen-1.png 469w, https:\/\/bloggar.hemmetsjournal.se\/anna\/wp-content\/uploads\/sites\/2\/2023\/10\/Kulturen-1-238x300.png 238w\" sizes=\"(max-width: 469px) 100vw, 469px\" \/><\/figure>\n\n\n\n<p>Om ungef\u00e4r tv\u00e5 veckor, <strong>torsdagen den 19 oktober vid 18.30 p\u00e5 Kulturen i Lund<\/strong> &#8212; s\u00e5 otroligt roligt att f\u00e5 komma dit med Jane Austen och hennes musik! Det var en bibliotekarie i Bj\u00e4rred som ber\u00e4ttade i v\u00e5ras att hon hade skickat v\u00e5r Bj\u00e4rredsaffisch dit och att hon tyckte att programmet skulle passa d\u00e4r ocks\u00e5. Och det var den impuls vi beh\u00f6vde f\u00f6r att ta kontakt, och s\u00e5 d\u00f6k det upp ett datum n\u00e4stan direkt!<\/p>\n\n\n\n<figure class=\"wp-block-image size-full\"><img loading=\"lazy\" decoding=\"async\" width=\"358\" height=\"372\" src=\"https:\/\/bloggar.hemmetsjournal.se\/anna\/wp-content\/uploads\/sites\/2\/2023\/10\/Kulturen-2.png\" alt=\"\" class=\"wp-image-17040\" srcset=\"https:\/\/bloggar.hemmetsjournal.se\/anna\/wp-content\/uploads\/sites\/2\/2023\/10\/Kulturen-2.png 358w, https:\/\/bloggar.hemmetsjournal.se\/anna\/wp-content\/uploads\/sites\/2\/2023\/10\/Kulturen-2-289x300.png 289w\" sizes=\"(max-width: 358px) 100vw, 358px\" \/><\/figure>\n\n\n\n<p>Nu har jag m\u00e5tt ganska d\u00e5ligt i n\u00e5gra veckor, men om inte det h\u00e4r \u00e4r n\u00e5got som borde f\u00e5 hela mitt konstiga system <a><\/a>(inklusive de delar som jag inte har lyckats p\u00e5verka hittills) att g\u00f6ra en extra anstr\u00e4ngning s\u00e5 vet jag inte vad. Satsar p\u00e5 att det ska g\u00e5 och g\u00e5 bra. Inte minst f\u00f6r att det inneb\u00e4r att Cecilia kommer till Sk\u00e5ne en dag!<\/p>\n\n\n\n<p><a href=\"https:\/\/www.kulturen.com\/program\/kalendarium\/jane-austen-och-musiken\/\">H\u00e4r kan man boka biljett!<\/a><\/p>\n","protected":false},"excerpt":{"rendered":"<p>Om ungef\u00e4r tv\u00e5 veckor, torsdagen den 19 oktober vid 18.30 p\u00e5 Kulturen i Lund &#8212; s\u00e5 otroligt roligt att f\u00e5 komma dit med Jane Austen och hennes musik! Det var en bibliotekarie i Bj\u00e4rred som ber\u00e4ttade i v\u00e5ras att hon hade skickat v\u00e5r Bj\u00e4rredsaffisch dit och att hon tyckte att programmet skulle passa d\u00e4r ocks\u00e5&#8230;.<\/p>\n","protected":false},"author":2,"featured_media":17039,"comment_status":"open","ping_status":"open","sticky":false,"template":"","format":"standard","meta":{"site-sidebar-layout":"default","site-content-layout":"","ast-site-content-layout":"default","site-content-style":"default","site-sidebar-style":"default","ast-global-header-display":"","ast-banner-title-visibility":"","ast-main-header-display":"","ast-hfb-above-header-display":"","ast-hfb-below-header-display":"","ast-hfb-mobile-header-display":"","site-post-title":"","ast-breadcrumbs-content":"","ast-featured-img":"","footer-sml-layout":"","ast-disable-related-posts":"","theme-transparent-header-meta":"","adv-header-id-meta":"","stick-header-meta":"","header-above-stick-meta":"","header-main-stick-meta":"","header-below-stick-meta":"","astra-migrate-meta-layouts":"set","ast-page-background-enabled":"default","ast-page-background-meta":{"desktop":{"background-color":"var(--ast-global-color-4)","background-image":"","background-repeat":"repeat","background-position":"center center","background-size":"auto","background-attachment":"scroll","background-type":"","background-media":"","overlay-type":"","overlay-color":"","overlay-opacity":"","overlay-gradient":""},"tablet":{"background-color":"","background-image":"","background-repeat":"repeat","background-position":"center center","background-size":"auto","background-attachment":"scroll","background-type":"","background-media":"","overlay-type":"","overlay-color":"","overlay-opacity":"","overlay-gradient":""},"mobile":{"background-color":"","background-image":"","background-repeat":"repeat","background-position":"center center","background-size":"auto","background-attachment":"scroll","background-type":"","background-media":"","overlay-type":"","overlay-color":"","overlay-opacity":"","overlay-gradient":""}},"ast-content-background-meta":{"desktop":{"background-color":"var(--ast-global-color-5)","background-image":"","background-repeat":"repeat","background-position":"center center","background-size":"auto","background-attachment":"scroll","background-type":"","background-media":"","overlay-type":"","overlay-color":"","overlay-opacity":"","overlay-gradient":""},"tablet":{"background-color":"var(--ast-global-color-5)","background-image":"","background-repeat":"repeat","background-position":"center center","background-size":"auto","background-attachment":"scroll","background-type":"","background-media":"","overlay-type":"","overlay-color":"","overlay-opacity":"","overlay-gradient":""},"mobile":{"background-color":"var(--ast-global-color-5)","background-image":"","background-repeat":"repeat","background-position":"center center","background-size":"auto","background-attachment":"scroll","background-type":"","background-media":"","overlay-type":"","overlay-color":"","overlay-opacity":"","overlay-gradient":""}},"footnotes":""},"categories":[1635,1634],"tags":[],"class_list":["post-17038","post","type-post","status-publish","format-standard","has-post-thumbnail","hentry","category-jane-austen","category-kom-och-lyssna"],"_links":{"self":[{"href":"https:\/\/bloggar.hemmetsjournal.se\/anna\/wp-json\/wp\/v2\/posts\/17038"}],"collection":[{"href":"https:\/\/bloggar.hemmetsjournal.se\/anna\/wp-json\/wp\/v2\/posts"}],"about":[{"href":"https:\/\/bloggar.hemmetsjournal.se\/anna\/wp-json\/wp\/v2\/types\/post"}],"author":[{"embeddable":true,"href":"https:\/\/bloggar.hemmetsjournal.se\/anna\/wp-json\/wp\/v2\/users\/2"}],"replies":[{"embeddable":true,"href":"https:\/\/bloggar.hemmetsjournal.se\/anna\/wp-json\/wp\/v2\/comments?post=17038"}],"version-history":[{"count":1,"href":"https:\/\/bloggar.hemmetsjournal.se\/anna\/wp-json\/wp\/v2\/posts\/17038\/revisions"}],"predecessor-version":[{"id":17041,"href":"https:\/\/bloggar.hemmetsjournal.se\/anna\/wp-json\/wp\/v2\/posts\/17038\/revisions\/17041"}],"wp:featuredmedia":[{"embeddable":true,"href":"https:\/\/bloggar.hemmetsjournal.se\/anna\/wp-json\/wp\/v2\/media\/17039"}],"wp:attachment":[{"href":"https:\/\/bloggar.hemmetsjournal.se\/anna\/wp-json\/wp\/v2\/media?parent=17038"}],"wp:term":[{"taxonomy":"category","embeddable":true,"href":"https:\/\/bloggar.hemmetsjournal.se\/anna\/wp-json\/wp\/v2\/categories?post=17038"},{"taxonomy":"post_tag","embeddable":true,"href":"https:\/\/bloggar.hemmetsjournal.se\/anna\/wp-json\/wp\/v2\/tags?post=17038"}],"curies":[{"name":"wp","href":"https:\/\/api.w.org\/{rel}","templated":true}]}}