{"id":16947,"date":"2023-08-17T09:32:01","date_gmt":"2023-08-17T07:32:01","guid":{"rendered":"https:\/\/bloggar.hemmetsjournal.se\/anna\/?p=16947"},"modified":"2023-08-17T09:32:01","modified_gmt":"2023-08-17T07:32:01","slug":"inget-matsvinn-i-vimmerby","status":"publish","type":"post","link":"https:\/\/bloggar.hemmetsjournal.se\/anna\/2023\/inget-matsvinn-i-vimmerby\/","title":{"rendered":"Inget matsvinn i Vimmerby"},"content":{"rendered":"\n<figure class=\"wp-block-image size-large\"><img loading=\"lazy\" decoding=\"async\" width=\"1024\" height=\"1024\" src=\"https:\/\/bloggar.hemmetsjournal.se\/anna\/wp-content\/uploads\/sites\/2\/2023\/08\/Vimmerby-berattar-1024x1024.jpg\" alt=\"\" class=\"wp-image-16948\" srcset=\"https:\/\/bloggar.hemmetsjournal.se\/anna\/wp-content\/uploads\/sites\/2\/2023\/08\/Vimmerby-berattar-1024x1024.jpg 1024w, https:\/\/bloggar.hemmetsjournal.se\/anna\/wp-content\/uploads\/sites\/2\/2023\/08\/Vimmerby-berattar-300x300.jpg 300w, https:\/\/bloggar.hemmetsjournal.se\/anna\/wp-content\/uploads\/sites\/2\/2023\/08\/Vimmerby-berattar-150x150.jpg 150w, https:\/\/bloggar.hemmetsjournal.se\/anna\/wp-content\/uploads\/sites\/2\/2023\/08\/Vimmerby-berattar-768x768.jpg 768w, https:\/\/bloggar.hemmetsjournal.se\/anna\/wp-content\/uploads\/sites\/2\/2023\/08\/Vimmerby-berattar.jpg 1200w\" sizes=\"(max-width: 1024px) 100vw, 1024px\" \/><\/figure>\n\n\n\n<p>H\u00e4r \u00e4r n\u00e5got som ska bli roligt &#8212; dagen <strong>Vimmerby ber\u00e4ttar<\/strong> i oktober!<\/p>\n\n\n\n<p><strong>Carolina <\/strong>har bett mig att ber\u00e4tta om <em>Fester med rester<\/em>, <em>Baka med \u00e5rstiderna<\/em> och <em>Sopplunch <\/em>p\u00e5 <strong>Astrid Lindgrens N\u00e4s<\/strong>. D\u00e4r har jag aldrig varit tidigare, s\u00e5 det blir extra fint f\u00f6rst\u00e5s!<\/p>\n\n\n\n<p>S\u00e5h\u00e4r presenterar Litteraturnod Vimmerby arrangemanget:<\/p>\n\n\n\n<p><strong>Soppbuff\u00e9 med samtal \u2013 s\u00e5 \u00e4ter vi mer h\u00e5llbart<\/strong><\/p>\n\n\n\n<p><em>En stor del av klimatfr\u00e5gan kretsar kring matf\u00f6rs\u00f6rjning n\u00e4r torka och \u00f6versv\u00e4mningar leder till sk\u00f6rdar som sl\u00e5r fel. Att hush\u00e5lla och anv\u00e4nda resurserna effektivt \u00e4r n\u00e5got som var och en kan bidra med.<\/em><\/p>\n\n\n\n<p><em>Anna Braw \u00e4r redakt\u00f6r, \u00f6vers\u00e4ttare och f\u00f6rfattare. Hon har bland annat skapat flera receptb\u00f6cker genom s\u00e5 kallad crowd-sourcing, allts\u00e5 b\u00f6cker d\u00e4r m\u00e4nniskor f\u00e5tt dela med sig av material, oftast med gemenskap och medm\u00e4nsklighet som tema och \u00e4ven med fokus p\u00e5 klimat och milj\u00f6.<\/em><\/p>\n\n\n\n<p><em>Anna Braw ber\u00e4ttar om b\u00f6ckerna \u201dFester med rester\u201d, \u201dSopplunch\u201d och \u201dBaka med \u00e5rstiderna\u201d, d\u00e4r det finns recept och tips p\u00e5 hur vi kan ta tillvara s\u00e5dant som finns i v\u00e5r n\u00e4rhet p\u00e5 ett b\u00e4ttre s\u00e4tt. Samtalet h\u00e5lls i samband med den soppbuff\u00e9 som serveras p\u00e5 N\u00e4s, Astrid Lindgrens barndomshem under Vimmerby ber\u00e4ttar.<\/em><\/p>\n\n\n\n<p><em>Programmet \u00e4ger rum den 14 oktober p\u00e5 f\u00f6rfattarscenen p\u00e5 N\u00e4s, Astrid Lindgrens barndomshem. Biljetter sl\u00e4pps den 14 september.<\/em><\/p>\n\n\n\n<p>***<\/p>\n\n\n\n<p>Om du som l\u00e4ser det h\u00e4r inte tycker att det \u00e4r s\u00e5 l\u00e5ngt till Vimmerby s\u00e5 kom! Det h\u00e4nder otroligt mycket den dagen &#8212; jag hoppas kunna lyssna p\u00e5 flera f\u00f6redrag och samtal sj\u00e4lv.<\/p>\n","protected":false},"excerpt":{"rendered":"<p>H\u00e4r \u00e4r n\u00e5got som ska bli roligt &#8212; dagen Vimmerby ber\u00e4ttar i oktober! Carolina har bett mig att ber\u00e4tta om Fester med rester, Baka med \u00e5rstiderna och Sopplunch p\u00e5 Astrid Lindgrens N\u00e4s. D\u00e4r har jag aldrig varit tidigare, s\u00e5 det blir extra fint f\u00f6rst\u00e5s! S\u00e5h\u00e4r presenterar Litteraturnod Vimmerby arrangemanget: Soppbuff\u00e9 med samtal \u2013 s\u00e5 \u00e4ter&#8230;<\/p>\n","protected":false},"author":2,"featured_media":0,"comment_status":"open","ping_status":"open","sticky":false,"template":"","format":"standard","meta":{"site-sidebar-layout":"default","site-content-layout":"","ast-site-content-layout":"default","site-content-style":"default","site-sidebar-style":"default","ast-global-header-display":"","ast-banner-title-visibility":"","ast-main-header-display":"","ast-hfb-above-header-display":"","ast-hfb-below-header-display":"","ast-hfb-mobile-header-display":"","site-post-title":"","ast-breadcrumbs-content":"","ast-featured-img":"","footer-sml-layout":"","ast-disable-related-posts":"","theme-transparent-header-meta":"","adv-header-id-meta":"","stick-header-meta":"","header-above-stick-meta":"","header-main-stick-meta":"","header-below-stick-meta":"","astra-migrate-meta-layouts":"set","ast-page-background-enabled":"default","ast-page-background-meta":{"desktop":{"background-color":"var(--ast-global-color-4)","background-image":"","background-repeat":"repeat","background-position":"center center","background-size":"auto","background-attachment":"scroll","background-type":"","background-media":"","overlay-type":"","overlay-color":"","overlay-opacity":"","overlay-gradient":""},"tablet":{"background-color":"","background-image":"","background-repeat":"repeat","background-position":"center center","background-size":"auto","background-attachment":"scroll","background-type":"","background-media":"","overlay-type":"","overlay-color":"","overlay-opacity":"","overlay-gradient":""},"mobile":{"background-color":"","background-image":"","background-repeat":"repeat","background-position":"center center","background-size":"auto","background-attachment":"scroll","background-type":"","background-media":"","overlay-type":"","overlay-color":"","overlay-opacity":"","overlay-gradient":""}},"ast-content-background-meta":{"desktop":{"background-color":"var(--ast-global-color-5)","background-image":"","background-repeat":"repeat","background-position":"center center","background-size":"auto","background-attachment":"scroll","background-type":"","background-media":"","overlay-type":"","overlay-color":"","overlay-opacity":"","overlay-gradient":""},"tablet":{"background-color":"var(--ast-global-color-5)","background-image":"","background-repeat":"repeat","background-position":"center center","background-size":"auto","background-attachment":"scroll","background-type":"","background-media":"","overlay-type":"","overlay-color":"","overlay-opacity":"","overlay-gradient":""},"mobile":{"background-color":"var(--ast-global-color-5)","background-image":"","background-repeat":"repeat","background-position":"center center","background-size":"auto","background-attachment":"scroll","background-type":"","background-media":"","overlay-type":"","overlay-color":"","overlay-opacity":"","overlay-gradient":""}},"footnotes":""},"categories":[1430,1634,1262],"tags":[],"class_list":["post-16947","post","type-post","status-publish","format-standard","hentry","category-hallbar-utveckling","category-kom-och-lyssna","category-matsvinn"],"_links":{"self":[{"href":"https:\/\/bloggar.hemmetsjournal.se\/anna\/wp-json\/wp\/v2\/posts\/16947"}],"collection":[{"href":"https:\/\/bloggar.hemmetsjournal.se\/anna\/wp-json\/wp\/v2\/posts"}],"about":[{"href":"https:\/\/bloggar.hemmetsjournal.se\/anna\/wp-json\/wp\/v2\/types\/post"}],"author":[{"embeddable":true,"href":"https:\/\/bloggar.hemmetsjournal.se\/anna\/wp-json\/wp\/v2\/users\/2"}],"replies":[{"embeddable":true,"href":"https:\/\/bloggar.hemmetsjournal.se\/anna\/wp-json\/wp\/v2\/comments?post=16947"}],"version-history":[{"count":1,"href":"https:\/\/bloggar.hemmetsjournal.se\/anna\/wp-json\/wp\/v2\/posts\/16947\/revisions"}],"predecessor-version":[{"id":16949,"href":"https:\/\/bloggar.hemmetsjournal.se\/anna\/wp-json\/wp\/v2\/posts\/16947\/revisions\/16949"}],"wp:attachment":[{"href":"https:\/\/bloggar.hemmetsjournal.se\/anna\/wp-json\/wp\/v2\/media?parent=16947"}],"wp:term":[{"taxonomy":"category","embeddable":true,"href":"https:\/\/bloggar.hemmetsjournal.se\/anna\/wp-json\/wp\/v2\/categories?post=16947"},{"taxonomy":"post_tag","embeddable":true,"href":"https:\/\/bloggar.hemmetsjournal.se\/anna\/wp-json\/wp\/v2\/tags?post=16947"}],"curies":[{"name":"wp","href":"https:\/\/api.w.org\/{rel}","templated":true}]}}