{"id":16763,"date":"2023-05-17T14:24:45","date_gmt":"2023-05-17T12:24:45","guid":{"rendered":"https:\/\/bloggar.hemmetsjournal.se\/anna\/?p=16763"},"modified":"2023-05-17T14:29:41","modified_gmt":"2023-05-17T12:29:41","slug":"inspiration-fran-kalmar","status":"publish","type":"post","link":"https:\/\/bloggar.hemmetsjournal.se\/anna\/2023\/inspiration-fran-kalmar\/","title":{"rendered":"Inspiration fr\u00e5n Kalmar"},"content":{"rendered":"\n<p>Vad g\u00f6r man med gamla dukar?<\/p>\n\n\n\n<p>Hur fina de \u00e4n \u00e4r \u00e4r det ganska s\u00e4llan de kommer till anv\u00e4ndning numera.<\/p>\n\n\n\n<p>P\u00e5 <strong>Kalmar Stadsmissions atelj\u00e9<\/strong>, som ing\u00e5r i de svenska stadsmissionernas <strong>Remake<\/strong>-samarbete, har deltagarna b\u00f6rjat sy blusar av dem!<\/p>\n\n\n\n<figure class=\"wp-block-image size-full is-resized\"><img loading=\"lazy\" decoding=\"async\" src=\"https:\/\/bloggar.hemmetsjournal.se\/anna\/wp-content\/uploads\/sites\/2\/2023\/05\/Kalmar-Stadsmission-1.jpg\" alt=\"\" class=\"wp-image-16764\" width=\"325\" height=\"406\" srcset=\"https:\/\/bloggar.hemmetsjournal.se\/anna\/wp-content\/uploads\/sites\/2\/2023\/05\/Kalmar-Stadsmission-1.jpg 798w, https:\/\/bloggar.hemmetsjournal.se\/anna\/wp-content\/uploads\/sites\/2\/2023\/05\/Kalmar-Stadsmission-1-240x300.jpg 240w, https:\/\/bloggar.hemmetsjournal.se\/anna\/wp-content\/uploads\/sites\/2\/2023\/05\/Kalmar-Stadsmission-1-768x960.jpg 768w\" sizes=\"(max-width: 325px) 100vw, 325px\" \/><figcaption>F\u00f6rsta blusen bakifr\u00e5n, f\u00f6r det \u00e4r d\u00e4r det stora blomstermotivet har hamnat. Bild: Kalmar Stadsmission<\/figcaption><\/figure>\n\n\n\n<p>Om jag ser r\u00e4tt \u00e4r det den modell som ofta kallas <em>peasant blouse<\/em> de har valt, allts\u00e5 en raglanskuren blus med hopdragen hals (ibland med dragsko och knytband, ibland med res\u00e5r), och blusarna har korta \u00e4rmar.<\/p>\n\n\n\n<figure class=\"wp-block-image size-full is-resized\"><img loading=\"lazy\" decoding=\"async\" src=\"https:\/\/bloggar.hemmetsjournal.se\/anna\/wp-content\/uploads\/sites\/2\/2023\/05\/Kalmar-Stadsmission-2.jpg\" alt=\"\" class=\"wp-image-16765\" width=\"405\" height=\"507\" srcset=\"https:\/\/bloggar.hemmetsjournal.se\/anna\/wp-content\/uploads\/sites\/2\/2023\/05\/Kalmar-Stadsmission-2.jpg 798w, https:\/\/bloggar.hemmetsjournal.se\/anna\/wp-content\/uploads\/sites\/2\/2023\/05\/Kalmar-Stadsmission-2-240x300.jpg 240w, https:\/\/bloggar.hemmetsjournal.se\/anna\/wp-content\/uploads\/sites\/2\/2023\/05\/Kalmar-Stadsmission-2-768x960.jpg 768w\" sizes=\"(max-width: 405px) 100vw, 405px\" \/><figcaption>Blus nummer tv\u00e5 framifr\u00e5n, sydd av en mycket broderad duk. Bild: Kalmar Stadsmission<\/figcaption><\/figure>\n\n\n\n<p>Dukarna \u00e4r av bomullstyg, och den som vill prova kan s\u00e4kert hitta liknande p\u00e5 second hand. Det kanske k\u00e4nns mindre dramatiskt att b\u00f6rja med dukar som \u00e4r maskinbroderade? Jag tror att en del av de dukar som atelj\u00e9n har anv\u00e4nt \u00e4r det.<\/p>\n\n\n\n<figure class=\"wp-block-image size-full is-resized\"><img loading=\"lazy\" decoding=\"async\" src=\"https:\/\/bloggar.hemmetsjournal.se\/anna\/wp-content\/uploads\/sites\/2\/2023\/05\/Kalmar-Stadsmission-3.jpg\" alt=\"\" class=\"wp-image-16766\" width=\"399\" height=\"499\" srcset=\"https:\/\/bloggar.hemmetsjournal.se\/anna\/wp-content\/uploads\/sites\/2\/2023\/05\/Kalmar-Stadsmission-3.jpg 798w, https:\/\/bloggar.hemmetsjournal.se\/anna\/wp-content\/uploads\/sites\/2\/2023\/05\/Kalmar-Stadsmission-3-240x300.jpg 240w, https:\/\/bloggar.hemmetsjournal.se\/anna\/wp-content\/uploads\/sites\/2\/2023\/05\/Kalmar-Stadsmission-3-768x960.jpg 768w\" sizes=\"(max-width: 399px) 100vw, 399px\" \/><figcaption>Blus av duk med rutiga kanter &#8212; eller kanske \u00e4r kanterna p\u00e5sydda i efterhand f\u00f6r att \u00f6ka vidden och f\u00f6rl\u00e4nga blusen. Bild: Kalmar Stadsmission<\/figcaption><\/figure>\n\n\n\n<p>S\u00e5h\u00e4r skriver Kalmar Stadsmission i presentationen av projektet:<\/p>\n\n\n\n<p><em>Nu \u00e4ntligen har det blivit lite varmare ute och i helgen kunde vi till och med vara barbenta och ha kort\u00e4rmat. Vi i atelj\u00e9n har tagit till vara p\u00e5 vackra dukar som inte anv\u00e4nds s\u00e5 mycket l\u00e4ngre. Vi har sytt upp kort\u00e4rmade blusar, och det k\u00e4nns fint att b\u00e4ra n\u00e5got historiskt p\u00e5 sig, d\u00e4r n\u00e5gon lagt ner mycket tid och k\u00e4rlek som nu kommer till anv\u00e4ndning p\u00e5 ett annat s\u00e4tt. Storlekarna finns fr\u00e5n 34 till 46. Finns att k\u00f6pa p\u00e5 Giraffen. <\/em><\/p>\n\n\n\n<figure class=\"wp-block-image size-full is-resized\"><img loading=\"lazy\" decoding=\"async\" src=\"https:\/\/bloggar.hemmetsjournal.se\/anna\/wp-content\/uploads\/sites\/2\/2023\/05\/Kalmar-Stadsmission-4.jpg\" alt=\"\" class=\"wp-image-16768\" width=\"383\" height=\"479\" srcset=\"https:\/\/bloggar.hemmetsjournal.se\/anna\/wp-content\/uploads\/sites\/2\/2023\/05\/Kalmar-Stadsmission-4.jpg 798w, https:\/\/bloggar.hemmetsjournal.se\/anna\/wp-content\/uploads\/sites\/2\/2023\/05\/Kalmar-Stadsmission-4-240x300.jpg 240w, https:\/\/bloggar.hemmetsjournal.se\/anna\/wp-content\/uploads\/sites\/2\/2023\/05\/Kalmar-Stadsmission-4-768x960.jpg 768w\" sizes=\"(max-width: 383px) 100vw, 383px\" \/><figcaption>Stora korsstygnsb\u00e5rder, numera p\u00e5 blusrygg. Bild: Kalmar Stadsmission<\/figcaption><\/figure>\n\n\n\n<p>Giraffen \u00e4r ett k\u00f6pcenter i Kalmar, och ganska nyligen \u00f6ppnade stadsmissionen en mindre butik d\u00e4r. Den riktigt stora butiken, som mest har second hand-varor, ligger fortfarande i ett industriomr\u00e5de.<\/p>\n\n\n\n<figure class=\"wp-block-image size-full is-resized\"><img loading=\"lazy\" decoding=\"async\" src=\"https:\/\/bloggar.hemmetsjournal.se\/anna\/wp-content\/uploads\/sites\/2\/2023\/05\/Kalmar-Stadsmission-5.jpg\" alt=\"\" class=\"wp-image-16769\" width=\"457\" height=\"572\" srcset=\"https:\/\/bloggar.hemmetsjournal.se\/anna\/wp-content\/uploads\/sites\/2\/2023\/05\/Kalmar-Stadsmission-5.jpg 798w, https:\/\/bloggar.hemmetsjournal.se\/anna\/wp-content\/uploads\/sites\/2\/2023\/05\/Kalmar-Stadsmission-5-240x300.jpg 240w, https:\/\/bloggar.hemmetsjournal.se\/anna\/wp-content\/uploads\/sites\/2\/2023\/05\/Kalmar-Stadsmission-5-768x960.jpg 768w\" sizes=\"(max-width: 457px) 100vw, 457px\" \/><figcaption>Samma stora b\u00e5rder p\u00e5 framstycket. Bild: Kalmar Stadsmission<\/figcaption><\/figure>\n\n\n\n<p>Visst \u00e4r det h\u00e4r en j\u00e4ttefin id\u00e9? Och den vore ganska enkel att h\u00e4rma i alla m\u00f6jliga sammanhang &#8212; sysl\u00f6jd, studiecirklar, sm\u00e5f\u00f6retagande (t\u00e4nk att sy ett plagg \u00e5t just den som har \u00e4rvt en duk, s\u00e5 att den f\u00e5r nytt liv i samma familj!).<\/p>\n\n\n\n<figure class=\"wp-block-image size-full is-resized\"><img loading=\"lazy\" decoding=\"async\" src=\"https:\/\/bloggar.hemmetsjournal.se\/anna\/wp-content\/uploads\/sites\/2\/2023\/05\/Kalmar-Stadsmission-6.jpg\" alt=\"\" class=\"wp-image-16770\" width=\"439\" height=\"549\" srcset=\"https:\/\/bloggar.hemmetsjournal.se\/anna\/wp-content\/uploads\/sites\/2\/2023\/05\/Kalmar-Stadsmission-6.jpg 798w, https:\/\/bloggar.hemmetsjournal.se\/anna\/wp-content\/uploads\/sites\/2\/2023\/05\/Kalmar-Stadsmission-6-240x300.jpg 240w, https:\/\/bloggar.hemmetsjournal.se\/anna\/wp-content\/uploads\/sites\/2\/2023\/05\/Kalmar-Stadsmission-6-768x960.jpg 768w\" sizes=\"(max-width: 439px) 100vw, 439px\" \/><figcaption>Lite mindre m\u00f6nster. Bild: Kalmar Stadsmission<\/figcaption><\/figure>\n\n\n\n<p>Grattis Kalmar Stadsmission till ett fint projekt, och grattis extra mycket till att ni har f\u00e5tt till ett s\u00e5 brett storlekssortiment! Hoppas att blusarna s\u00e4ljer bra!<\/p>\n","protected":false},"excerpt":{"rendered":"<p>Vad g\u00f6r man med gamla dukar? Hur fina de \u00e4n \u00e4r \u00e4r det ganska s\u00e4llan de kommer till anv\u00e4ndning numera. P\u00e5 Kalmar Stadsmissions atelj\u00e9, som ing\u00e5r i de svenska stadsmissionernas Remake-samarbete, har deltagarna b\u00f6rjat sy blusar av dem! Om jag ser r\u00e4tt \u00e4r det den modell som ofta kallas peasant blouse de har valt, allts\u00e5&#8230;<\/p>\n","protected":false},"author":2,"featured_media":0,"comment_status":"open","ping_status":"open","sticky":false,"template":"","format":"standard","meta":{"site-sidebar-layout":"default","site-content-layout":"","ast-site-content-layout":"default","site-content-style":"default","site-sidebar-style":"default","ast-global-header-display":"","ast-banner-title-visibility":"","ast-main-header-display":"","ast-hfb-above-header-display":"","ast-hfb-below-header-display":"","ast-hfb-mobile-header-display":"","site-post-title":"","ast-breadcrumbs-content":"","ast-featured-img":"","footer-sml-layout":"","ast-disable-related-posts":"","theme-transparent-header-meta":"","adv-header-id-meta":"","stick-header-meta":"","header-above-stick-meta":"","header-main-stick-meta":"","header-below-stick-meta":"","astra-migrate-meta-layouts":"default","ast-page-background-enabled":"default","ast-page-background-meta":{"desktop":{"background-color":"var(--ast-global-color-4)","background-image":"","background-repeat":"repeat","background-position":"center center","background-size":"auto","background-attachment":"scroll","background-type":"","background-media":"","overlay-type":"","overlay-color":"","overlay-opacity":"","overlay-gradient":""},"tablet":{"background-color":"","background-image":"","background-repeat":"repeat","background-position":"center center","background-size":"auto","background-attachment":"scroll","background-type":"","background-media":"","overlay-type":"","overlay-color":"","overlay-opacity":"","overlay-gradient":""},"mobile":{"background-color":"","background-image":"","background-repeat":"repeat","background-position":"center center","background-size":"auto","background-attachment":"scroll","background-type":"","background-media":"","overlay-type":"","overlay-color":"","overlay-opacity":"","overlay-gradient":""}},"ast-content-background-meta":{"desktop":{"background-color":"var(--ast-global-color-5)","background-image":"","background-repeat":"repeat","background-position":"center center","background-size":"auto","background-attachment":"scroll","background-type":"","background-media":"","overlay-type":"","overlay-color":"","overlay-opacity":"","overlay-gradient":""},"tablet":{"background-color":"var(--ast-global-color-5)","background-image":"","background-repeat":"repeat","background-position":"center center","background-size":"auto","background-attachment":"scroll","background-type":"","background-media":"","overlay-type":"","overlay-color":"","overlay-opacity":"","overlay-gradient":""},"mobile":{"background-color":"var(--ast-global-color-5)","background-image":"","background-repeat":"repeat","background-position":"center center","background-size":"auto","background-attachment":"scroll","background-type":"","background-media":"","overlay-type":"","overlay-color":"","overlay-opacity":"","overlay-gradient":""}},"footnotes":""},"categories":[295],"tags":[],"class_list":["post-16763","post","type-post","status-publish","format-standard","hentry","category-aterbruk"],"_links":{"self":[{"href":"https:\/\/bloggar.hemmetsjournal.se\/anna\/wp-json\/wp\/v2\/posts\/16763"}],"collection":[{"href":"https:\/\/bloggar.hemmetsjournal.se\/anna\/wp-json\/wp\/v2\/posts"}],"about":[{"href":"https:\/\/bloggar.hemmetsjournal.se\/anna\/wp-json\/wp\/v2\/types\/post"}],"author":[{"embeddable":true,"href":"https:\/\/bloggar.hemmetsjournal.se\/anna\/wp-json\/wp\/v2\/users\/2"}],"replies":[{"embeddable":true,"href":"https:\/\/bloggar.hemmetsjournal.se\/anna\/wp-json\/wp\/v2\/comments?post=16763"}],"version-history":[{"count":2,"href":"https:\/\/bloggar.hemmetsjournal.se\/anna\/wp-json\/wp\/v2\/posts\/16763\/revisions"}],"predecessor-version":[{"id":16772,"href":"https:\/\/bloggar.hemmetsjournal.se\/anna\/wp-json\/wp\/v2\/posts\/16763\/revisions\/16772"}],"wp:attachment":[{"href":"https:\/\/bloggar.hemmetsjournal.se\/anna\/wp-json\/wp\/v2\/media?parent=16763"}],"wp:term":[{"taxonomy":"category","embeddable":true,"href":"https:\/\/bloggar.hemmetsjournal.se\/anna\/wp-json\/wp\/v2\/categories?post=16763"},{"taxonomy":"post_tag","embeddable":true,"href":"https:\/\/bloggar.hemmetsjournal.se\/anna\/wp-json\/wp\/v2\/tags?post=16763"}],"curies":[{"name":"wp","href":"https:\/\/api.w.org\/{rel}","templated":true}]}}