{"id":16439,"date":"2023-02-09T08:07:47","date_gmt":"2023-02-09T07:07:47","guid":{"rendered":"https:\/\/bloggar.hemmetsjournal.se\/anna\/?p=16439"},"modified":"2023-02-09T08:07:47","modified_gmt":"2023-02-09T07:07:47","slug":"raggsockor-som-reser-till-ukraina","status":"publish","type":"post","link":"https:\/\/bloggar.hemmetsjournal.se\/anna\/2023\/raggsockor-som-reser-till-ukraina\/","title":{"rendered":"Raggsockor som reser till Ukraina"},"content":{"rendered":"\n<figure class=\"wp-block-image size-large\"><img loading=\"lazy\" decoding=\"async\" width=\"1024\" height=\"768\" src=\"https:\/\/bloggar.hemmetsjournal.se\/anna\/wp-content\/uploads\/sites\/2\/2023\/02\/Raggsockor-for-Ukraina-3-bild-Anne-Collen-mindre-1024x768.jpg\" alt=\"\" class=\"wp-image-16440\" srcset=\"https:\/\/bloggar.hemmetsjournal.se\/anna\/wp-content\/uploads\/sites\/2\/2023\/02\/Raggsockor-for-Ukraina-3-bild-Anne-Collen-mindre-1024x768.jpg 1024w, https:\/\/bloggar.hemmetsjournal.se\/anna\/wp-content\/uploads\/sites\/2\/2023\/02\/Raggsockor-for-Ukraina-3-bild-Anne-Collen-mindre-300x225.jpg 300w, https:\/\/bloggar.hemmetsjournal.se\/anna\/wp-content\/uploads\/sites\/2\/2023\/02\/Raggsockor-for-Ukraina-3-bild-Anne-Collen-mindre-768x576.jpg 768w, https:\/\/bloggar.hemmetsjournal.se\/anna\/wp-content\/uploads\/sites\/2\/2023\/02\/Raggsockor-for-Ukraina-3-bild-Anne-Collen-mindre-1536x1152.jpg 1536w, https:\/\/bloggar.hemmetsjournal.se\/anna\/wp-content\/uploads\/sites\/2\/2023\/02\/Raggsockor-for-Ukraina-3-bild-Anne-Collen-mindre.jpg 1900w\" sizes=\"(max-width: 1024px) 100vw, 1024px\" \/><figcaption>Raggsockorna har f\u00e5tt ge namn \u00e5t gruppen, men de \u00e4r inte det enda plagg som Anne samlar in. Bild: privat<\/figcaption><\/figure>\n\n\n\n<p>Nu har det kommit n\u00e5gra fr\u00e5gor om vart man kan skicka varma, hemstickade plagg s\u00e5 att de n\u00e5r fram till m\u00e4nniskor som beh\u00f6ver dem i <strong>Ukraina<\/strong>, och ett av svaren \u00e4r att man kan skicka dem till <strong>Anne <\/strong>i <strong>V\u00e4ster\u00e5s<\/strong>. Det var hon som hade hand om insamlingen <strong>Raggsockor f\u00f6r Syrien<\/strong> f\u00f6r n\u00e5gra \u00e5r sedan, och nu har hon s\u00e5 att s\u00e4ga \u00e5teraktiverat sina stickkontakter f\u00f6r att kunna skicka raggsockor och annat till Ukraina. Jag bad henne ber\u00e4tta om det i det Ukraina-nummer som jag har arbetat med de senaste m\u00e5naderna, och h\u00e4r \u00e4r det hon skrev:<\/p>\n\n\n\n<p><em>Raggsockor f\u00f6r Ukraina b\u00f6rjade som Raggsockor f\u00f6r Syrien januari 2014. Tiotusentals plagg stickade av m\u00e4nniskor fr\u00e5n hela landet kom till de syriska flyktingarna i Jordanien. 2018 gick sista lasset, och sedan har gruppen varit vilande \u2013 tills nu n\u00e4r ett nytt krig, nya behov och kyla har drabbat ett nytt land. D\u00e5 blev gruppen Raggsockor f\u00f6r Ukraina. Nya medlemmar och stickerskor har kommit till, och tidigare stickerskor har f\u00e5tt ny gl\u00f6d. S\u00e5 nu \u00e4r insamlingen i g\u00e5ng igen.<\/em><\/p>\n\n\n\n<p><em>Sedan slutet av november har det kommit hundratals stickade plagg som har transporterats till Ukraina via privata kontakter. F\u00f6rsta transporten gick till Cherson, och den andra gick till ett sjukhus i Ternopil.<\/em><\/p>\n\n\n\n<p><em>S\u00e5 gott som alla plagg kommer hem till mig f\u00f6r att packas om och tas till den som transporterar dem vidare. Behovet \u00e4r stort \u2013 alla storlekar och allt slags stickat. Ju varmare garn desto b\u00e4ttre. Ett specifikt behov kom upp h\u00e4romdagen, n\u00e5got soldaterna i Ukraina har fr\u00e5gat efter: buffar (en sorts halsdukar) i svart och gr\u00f6nt.<\/em><\/p>\n\n\n\n<p><em>Ett stort tack till alla som stickar runtom i Sverige, till alla som l\u00e4gger ner sj\u00e4l och hj\u00e4rta och mycket k\u00e4rlek i varje plagg!<\/em><\/p>\n\n\n\n<figure class=\"wp-block-image size-large\"><img loading=\"lazy\" decoding=\"async\" width=\"768\" height=\"1024\" src=\"https:\/\/bloggar.hemmetsjournal.se\/anna\/wp-content\/uploads\/sites\/2\/2023\/02\/Raggsockor-for-Ukraina-1-bild-Anne-Collen-mindre-768x1024.jpg\" alt=\"\" class=\"wp-image-16441\" srcset=\"https:\/\/bloggar.hemmetsjournal.se\/anna\/wp-content\/uploads\/sites\/2\/2023\/02\/Raggsockor-for-Ukraina-1-bild-Anne-Collen-mindre-768x1024.jpg 768w, https:\/\/bloggar.hemmetsjournal.se\/anna\/wp-content\/uploads\/sites\/2\/2023\/02\/Raggsockor-for-Ukraina-1-bild-Anne-Collen-mindre-225x300.jpg 225w, https:\/\/bloggar.hemmetsjournal.se\/anna\/wp-content\/uploads\/sites\/2\/2023\/02\/Raggsockor-for-Ukraina-1-bild-Anne-Collen-mindre-1152x1536.jpg 1152w, https:\/\/bloggar.hemmetsjournal.se\/anna\/wp-content\/uploads\/sites\/2\/2023\/02\/Raggsockor-for-Ukraina-1-bild-Anne-Collen-mindre.jpg 1200w\" sizes=\"(max-width: 768px) 100vw, 768px\" \/><figcaption>Barnkl\u00e4der \u00e4r ocks\u00e5 efterfr\u00e5gade. Bild: privat<\/figcaption><\/figure>\n\n\n\n<p>Och s\u00e5h\u00e4r skriver Anne i gruppen p\u00e5 Facebook:<\/p>\n\n\n\n<p><em>Den h\u00e4r gruppen b\u00f6rjade som Raggsockor f\u00f6r Syrien efter ett upprop fr\u00e5n UNICEF. Nu \u00e4r det ett nytt krig d\u00e4r folk fryser. Ukraina beh\u00f6ver hj\u00e4lp!<br>Vill du vara med och hj\u00e4lpa de beh\u00f6vande i Ukraina? M\u00e5nga fryser och beh\u00f6ver varma stickade kl\u00e4der.<br>Har du restgarner hemma? Ta fram dem och b\u00f6rja sticka kl\u00e4der till Ukraina. Alla storlekar \u00e4r v\u00e4lkomna.<br>Kan du inte sticka s\u00e5 g\u00e5r det ocks\u00e5 bra att skicka garner s\u00e5 n\u00e5gon annan kan sticka.<br>N\u00e4r du \u00e4r klar med kl\u00e4derna, skicka dem till:<\/em><\/p>\n\n\n\n<p><em>Raggsockor f\u00f6r Ukraina<br>c\/o Anne Coll\u00e9n<br>\u00d6ster M\u00e4larstrands All\u00e9 112<br>72356 V\u00e4ster\u00e5s<\/em><\/p>\n\n\n\n<p><em>De kommer att vidarebefordras direkt till Ukraina. Jag har v\u00e4nner som k\u00f6r dit med j\u00e4mna mellanrum. <br>SPRID G\u00c4RNA VIDARE TILL DINA V\u00c4NNER!<\/em><\/p>\n\n\n\n<p>Tack Anne f\u00f6r att du ber\u00e4ttade och f\u00f6r du g\u00f6r det m\u00f6jligt f\u00f6r oss andra att vara med och hj\u00e4lpa till!<\/p>\n","protected":false},"excerpt":{"rendered":"<p>Nu har det kommit n\u00e5gra fr\u00e5gor om vart man kan skicka varma, hemstickade plagg s\u00e5 att de n\u00e5r fram till m\u00e4nniskor som beh\u00f6ver dem i Ukraina, och ett av svaren \u00e4r att man kan skicka dem till Anne i V\u00e4ster\u00e5s. Det var hon som hade hand om insamlingen Raggsockor f\u00f6r Syrien f\u00f6r n\u00e5gra \u00e5r sedan,&#8230;<\/p>\n","protected":false},"author":2,"featured_media":0,"comment_status":"open","ping_status":"open","sticky":false,"template":"","format":"standard","meta":{"site-sidebar-layout":"default","site-content-layout":"","ast-site-content-layout":"default","site-content-style":"default","site-sidebar-style":"default","ast-global-header-display":"","ast-banner-title-visibility":"","ast-main-header-display":"","ast-hfb-above-header-display":"","ast-hfb-below-header-display":"","ast-hfb-mobile-header-display":"","site-post-title":"","ast-breadcrumbs-content":"","ast-featured-img":"","footer-sml-layout":"","ast-disable-related-posts":"","theme-transparent-header-meta":"","adv-header-id-meta":"","stick-header-meta":"","header-above-stick-meta":"","header-main-stick-meta":"","header-below-stick-meta":"","astra-migrate-meta-layouts":"default","ast-page-background-enabled":"default","ast-page-background-meta":{"desktop":{"background-color":"var(--ast-global-color-4)","background-image":"","background-repeat":"repeat","background-position":"center center","background-size":"auto","background-attachment":"scroll","background-type":"","background-media":"","overlay-type":"","overlay-color":"","overlay-opacity":"","overlay-gradient":""},"tablet":{"background-color":"","background-image":"","background-repeat":"repeat","background-position":"center center","background-size":"auto","background-attachment":"scroll","background-type":"","background-media":"","overlay-type":"","overlay-color":"","overlay-opacity":"","overlay-gradient":""},"mobile":{"background-color":"","background-image":"","background-repeat":"repeat","background-position":"center center","background-size":"auto","background-attachment":"scroll","background-type":"","background-media":"","overlay-type":"","overlay-color":"","overlay-opacity":"","overlay-gradient":""}},"ast-content-background-meta":{"desktop":{"background-color":"var(--ast-global-color-5)","background-image":"","background-repeat":"repeat","background-position":"center center","background-size":"auto","background-attachment":"scroll","background-type":"","background-media":"","overlay-type":"","overlay-color":"","overlay-opacity":"","overlay-gradient":""},"tablet":{"background-color":"var(--ast-global-color-5)","background-image":"","background-repeat":"repeat","background-position":"center center","background-size":"auto","background-attachment":"scroll","background-type":"","background-media":"","overlay-type":"","overlay-color":"","overlay-opacity":"","overlay-gradient":""},"mobile":{"background-color":"var(--ast-global-color-5)","background-image":"","background-repeat":"repeat","background-position":"center center","background-size":"auto","background-attachment":"scroll","background-type":"","background-media":"","overlay-type":"","overlay-color":"","overlay-opacity":"","overlay-gradient":""}},"footnotes":""},"categories":[1033,1605],"tags":[140,1638,245],"class_list":["post-16439","post","type-post","status-publish","format-standard","hentry","category-sticka","category-ukraina","tag-raggsockor-for-syrien","tag-raggsockor-for-ukraina","tag-vasteras"],"_links":{"self":[{"href":"https:\/\/bloggar.hemmetsjournal.se\/anna\/wp-json\/wp\/v2\/posts\/16439"}],"collection":[{"href":"https:\/\/bloggar.hemmetsjournal.se\/anna\/wp-json\/wp\/v2\/posts"}],"about":[{"href":"https:\/\/bloggar.hemmetsjournal.se\/anna\/wp-json\/wp\/v2\/types\/post"}],"author":[{"embeddable":true,"href":"https:\/\/bloggar.hemmetsjournal.se\/anna\/wp-json\/wp\/v2\/users\/2"}],"replies":[{"embeddable":true,"href":"https:\/\/bloggar.hemmetsjournal.se\/anna\/wp-json\/wp\/v2\/comments?post=16439"}],"version-history":[{"count":1,"href":"https:\/\/bloggar.hemmetsjournal.se\/anna\/wp-json\/wp\/v2\/posts\/16439\/revisions"}],"predecessor-version":[{"id":16442,"href":"https:\/\/bloggar.hemmetsjournal.se\/anna\/wp-json\/wp\/v2\/posts\/16439\/revisions\/16442"}],"wp:attachment":[{"href":"https:\/\/bloggar.hemmetsjournal.se\/anna\/wp-json\/wp\/v2\/media?parent=16439"}],"wp:term":[{"taxonomy":"category","embeddable":true,"href":"https:\/\/bloggar.hemmetsjournal.se\/anna\/wp-json\/wp\/v2\/categories?post=16439"},{"taxonomy":"post_tag","embeddable":true,"href":"https:\/\/bloggar.hemmetsjournal.se\/anna\/wp-json\/wp\/v2\/tags?post=16439"}],"curies":[{"name":"wp","href":"https:\/\/api.w.org\/{rel}","templated":true}]}}