{"id":16390,"date":"2023-01-24T10:39:26","date_gmt":"2023-01-24T09:39:26","guid":{"rendered":"https:\/\/bloggar.hemmetsjournal.se\/anna\/?p=16390"},"modified":"2023-01-24T10:50:41","modified_gmt":"2023-01-24T09:50:41","slug":"stockholm-och-en-spellista-till","status":"publish","type":"post","link":"https:\/\/bloggar.hemmetsjournal.se\/anna\/2023\/stockholm-och-en-spellista-till\/","title":{"rendered":"Stockholm &#8230; och en spellista till"},"content":{"rendered":"\n<p>Nu har affischen om v\u00e5rt program i <strong>Sj\u00f6stadskapellet <\/strong>i <strong>Stockholm <\/strong>kommit!<\/p>\n\n\n\n<figure class=\"wp-block-image size-full\"><img loading=\"lazy\" decoding=\"async\" width=\"595\" height=\"842\" src=\"https:\/\/bloggar.hemmetsjournal.se\/anna\/wp-content\/uploads\/sites\/2\/2023\/01\/Sondagskonsert-5-feb-2023.jpg\" alt=\"\" class=\"wp-image-16391\" srcset=\"https:\/\/bloggar.hemmetsjournal.se\/anna\/wp-content\/uploads\/sites\/2\/2023\/01\/Sondagskonsert-5-feb-2023.jpg 595w, https:\/\/bloggar.hemmetsjournal.se\/anna\/wp-content\/uploads\/sites\/2\/2023\/01\/Sondagskonsert-5-feb-2023-212x300.jpg 212w\" sizes=\"(max-width: 595px) 100vw, 595px\" \/><\/figure>\n\n\n\n<p>S\u00f6ndagen den <strong>5 februari <\/strong>allts\u00e5! N\u00e4sta helg!<\/p>\n\n\n\n<p><a href=\"https:\/\/www.svenskakyrkan.se\/sofia\/musik-i-sjostadskapellet\">Det b\u00f6rjar med afternoon tea som serveras fr\u00e5n 14.30, och musiken b\u00f6rjar vid 16. <\/a>Cecilia och jag ser s\u00e5 mycket fram emot detta! Fr\u00e5n b\u00f6rjan hade vi lovat att komma till Kalmar just den h\u00e4r dagen, och s\u00e5 h\u00f6rde kyrkomusikern d\u00e4r av sig och bad att f\u00e5 flytta konserten d\u00e4rf\u00f6r att en annan grupp bara kunde just den dagen. Sedan h\u00f6rde Sj\u00f6stadskapellet av sig, och vi sa ja. Sedan h\u00f6rde Sj\u00f6stadskapellet av sig igen f\u00f6r att en annan grupp bara kunde just den dagen, och s\u00e5 kan det ju bli, men vi k\u00e4nde oss lite snopna en stund. Och nu blir det av \u00e4nd\u00e5!<\/p>\n\n\n\n<p>Efter v\u00e5r f\u00f6rra konsert i Stockholm \u00e5kte <strong>Tove <\/strong>och <strong>Johanna <\/strong>och jag till ett caf\u00e9 och satt d\u00e4r en bra stund och pratade om allt m\u00f6jligt. En av mina br\u00f6der kom dit med sin yngste son ocks\u00e5, och d\u00e5 tittade vi mest p\u00e5 honom f\u00f6rst\u00e5s. En sak som Tove och Johanna fr\u00e5gade om var om det fanns n\u00e5gon spellista med den musik som vi hade valt ut till konserten. Och det g\u00f6r det! Den \u00e4r inte komplett, f\u00f6r en del av den musik som vi fastnade f\u00f6r \u00e4r s\u00e5 ovanlig eller nyuppt\u00e4ckt att den inte finns inspelad (\u00e4n), och inspelningarna som jag har hittat av annat har ganska olika karakt\u00e4r. Men i alla fall! Jag har ocks\u00e5 lagt till lite extra av n\u00e5gra tons\u00e4ttare.<\/p>\n\n\n\n<p>H\u00e4r \u00e4r den:<\/p>\n\n\n\n<figure class=\"wp-block-image size-large\"><img loading=\"lazy\" decoding=\"async\" width=\"1024\" height=\"170\" src=\"https:\/\/bloggar.hemmetsjournal.se\/anna\/wp-content\/uploads\/sites\/2\/2023\/01\/The-musical-world-of-Jane-Austen-1024x170.png\" alt=\"\" class=\"wp-image-16392\" srcset=\"https:\/\/bloggar.hemmetsjournal.se\/anna\/wp-content\/uploads\/sites\/2\/2023\/01\/The-musical-world-of-Jane-Austen-1024x170.png 1024w, https:\/\/bloggar.hemmetsjournal.se\/anna\/wp-content\/uploads\/sites\/2\/2023\/01\/The-musical-world-of-Jane-Austen-300x50.png 300w, https:\/\/bloggar.hemmetsjournal.se\/anna\/wp-content\/uploads\/sites\/2\/2023\/01\/The-musical-world-of-Jane-Austen-768x127.png 768w, https:\/\/bloggar.hemmetsjournal.se\/anna\/wp-content\/uploads\/sites\/2\/2023\/01\/The-musical-world-of-Jane-Austen-1536x254.png 1536w, https:\/\/bloggar.hemmetsjournal.se\/anna\/wp-content\/uploads\/sites\/2\/2023\/01\/The-musical-world-of-Jane-Austen.png 1582w\" sizes=\"(max-width: 1024px) 100vw, 1024px\" \/><\/figure>\n\n\n\n<p><a href=\"https:\/\/open.spotify.com\/playlist\/3BEyiF6W3jCl0opCD6p2Kn?si=bc356ba90505498b\">Klicka h\u00e4r f\u00f6r att komma till listan p\u00e5 Spotify!<\/a><\/p>\n","protected":false},"excerpt":{"rendered":"<p>Nu har affischen om v\u00e5rt program i Sj\u00f6stadskapellet i Stockholm kommit! S\u00f6ndagen den 5 februari allts\u00e5! N\u00e4sta helg! Det b\u00f6rjar med afternoon tea som serveras fr\u00e5n 14.30, och musiken b\u00f6rjar vid 16. Cecilia och jag ser s\u00e5 mycket fram emot detta! Fr\u00e5n b\u00f6rjan hade vi lovat att komma till Kalmar just den h\u00e4r dagen, och&#8230;<\/p>\n","protected":false},"author":2,"featured_media":0,"comment_status":"open","ping_status":"open","sticky":false,"template":"","format":"standard","meta":{"site-sidebar-layout":"default","site-content-layout":"","ast-site-content-layout":"default","site-content-style":"default","site-sidebar-style":"default","ast-global-header-display":"","ast-banner-title-visibility":"","ast-main-header-display":"","ast-hfb-above-header-display":"","ast-hfb-below-header-display":"","ast-hfb-mobile-header-display":"","site-post-title":"","ast-breadcrumbs-content":"","ast-featured-img":"","footer-sml-layout":"","ast-disable-related-posts":"","theme-transparent-header-meta":"","adv-header-id-meta":"","stick-header-meta":"","header-above-stick-meta":"","header-main-stick-meta":"","header-below-stick-meta":"","astra-migrate-meta-layouts":"default","ast-page-background-enabled":"default","ast-page-background-meta":{"desktop":{"background-color":"var(--ast-global-color-4)","background-image":"","background-repeat":"repeat","background-position":"center center","background-size":"auto","background-attachment":"scroll","background-type":"","background-media":"","overlay-type":"","overlay-color":"","overlay-opacity":"","overlay-gradient":""},"tablet":{"background-color":"","background-image":"","background-repeat":"repeat","background-position":"center center","background-size":"auto","background-attachment":"scroll","background-type":"","background-media":"","overlay-type":"","overlay-color":"","overlay-opacity":"","overlay-gradient":""},"mobile":{"background-color":"","background-image":"","background-repeat":"repeat","background-position":"center center","background-size":"auto","background-attachment":"scroll","background-type":"","background-media":"","overlay-type":"","overlay-color":"","overlay-opacity":"","overlay-gradient":""}},"ast-content-background-meta":{"desktop":{"background-color":"var(--ast-global-color-5)","background-image":"","background-repeat":"repeat","background-position":"center center","background-size":"auto","background-attachment":"scroll","background-type":"","background-media":"","overlay-type":"","overlay-color":"","overlay-opacity":"","overlay-gradient":""},"tablet":{"background-color":"var(--ast-global-color-5)","background-image":"","background-repeat":"repeat","background-position":"center center","background-size":"auto","background-attachment":"scroll","background-type":"","background-media":"","overlay-type":"","overlay-color":"","overlay-opacity":"","overlay-gradient":""},"mobile":{"background-color":"var(--ast-global-color-5)","background-image":"","background-repeat":"repeat","background-position":"center center","background-size":"auto","background-attachment":"scroll","background-type":"","background-media":"","overlay-type":"","overlay-color":"","overlay-opacity":"","overlay-gradient":""}},"footnotes":""},"categories":[1635,1634],"tags":[],"class_list":["post-16390","post","type-post","status-publish","format-standard","hentry","category-jane-austen","category-kom-och-lyssna"],"_links":{"self":[{"href":"https:\/\/bloggar.hemmetsjournal.se\/anna\/wp-json\/wp\/v2\/posts\/16390"}],"collection":[{"href":"https:\/\/bloggar.hemmetsjournal.se\/anna\/wp-json\/wp\/v2\/posts"}],"about":[{"href":"https:\/\/bloggar.hemmetsjournal.se\/anna\/wp-json\/wp\/v2\/types\/post"}],"author":[{"embeddable":true,"href":"https:\/\/bloggar.hemmetsjournal.se\/anna\/wp-json\/wp\/v2\/users\/2"}],"replies":[{"embeddable":true,"href":"https:\/\/bloggar.hemmetsjournal.se\/anna\/wp-json\/wp\/v2\/comments?post=16390"}],"version-history":[{"count":2,"href":"https:\/\/bloggar.hemmetsjournal.se\/anna\/wp-json\/wp\/v2\/posts\/16390\/revisions"}],"predecessor-version":[{"id":16394,"href":"https:\/\/bloggar.hemmetsjournal.se\/anna\/wp-json\/wp\/v2\/posts\/16390\/revisions\/16394"}],"wp:attachment":[{"href":"https:\/\/bloggar.hemmetsjournal.se\/anna\/wp-json\/wp\/v2\/media?parent=16390"}],"wp:term":[{"taxonomy":"category","embeddable":true,"href":"https:\/\/bloggar.hemmetsjournal.se\/anna\/wp-json\/wp\/v2\/categories?post=16390"},{"taxonomy":"post_tag","embeddable":true,"href":"https:\/\/bloggar.hemmetsjournal.se\/anna\/wp-json\/wp\/v2\/tags?post=16390"}],"curies":[{"name":"wp","href":"https:\/\/api.w.org\/{rel}","templated":true}]}}