{"id":16237,"date":"2022-10-20T10:08:57","date_gmt":"2022-10-20T08:08:57","guid":{"rendered":"https:\/\/bloggar.hemmetsjournal.se\/anna\/?p=16237"},"modified":"2022-10-20T10:08:57","modified_gmt":"2022-10-20T08:08:57","slug":"brodfotografering","status":"publish","type":"post","link":"https:\/\/bloggar.hemmetsjournal.se\/anna\/2022\/brodfotografering\/","title":{"rendered":"Br\u00f6dfotografering"},"content":{"rendered":"\n<figure class=\"wp-block-image size-large\"><img loading=\"lazy\" decoding=\"async\" width=\"1024\" height=\"683\" src=\"https:\/\/bloggar.hemmetsjournal.se\/anna\/wp-content\/uploads\/sites\/2\/2022\/10\/Ankarets-brod-1024x683.jpg\" alt=\"\" class=\"wp-image-16238\" srcset=\"https:\/\/bloggar.hemmetsjournal.se\/anna\/wp-content\/uploads\/sites\/2\/2022\/10\/Ankarets-brod-1024x683.jpg 1024w, https:\/\/bloggar.hemmetsjournal.se\/anna\/wp-content\/uploads\/sites\/2\/2022\/10\/Ankarets-brod-300x200.jpg 300w, https:\/\/bloggar.hemmetsjournal.se\/anna\/wp-content\/uploads\/sites\/2\/2022\/10\/Ankarets-brod-768x512.jpg 768w, https:\/\/bloggar.hemmetsjournal.se\/anna\/wp-content\/uploads\/sites\/2\/2022\/10\/Ankarets-brod-1536x1024.jpg 1536w, https:\/\/bloggar.hemmetsjournal.se\/anna\/wp-content\/uploads\/sites\/2\/2022\/10\/Ankarets-brod.jpg 1920w\" sizes=\"(max-width: 1024px) 100vw, 1024px\" \/><\/figure>\n\n\n\n<p>Nu har det g\u00e5tt flera \u00e5r sedan jag gjorde min sista receptbok (lite mer optimistiskt: senaste), men i tisdags r\u00f6rde jag ihop smeten till Ankarets m\u00f6rka limpor som ska vara med i det f\u00f6rsta numret av Vetlanda pastorats nya magasin, och ig\u00e5r fotograferade jag dem i morgonljuset. Nu kan jag dessutom ber\u00e4tta att de \u00e4r v\u00e4ldigt goda! Recept kommer s\u00e5 snart tidningen \u00e4r tryckt.<\/p>\n","protected":false},"excerpt":{"rendered":"<p>Nu har det g\u00e5tt flera \u00e5r sedan jag gjorde min sista receptbok (lite mer optimistiskt: senaste), men i tisdags r\u00f6rde jag ihop smeten till Ankarets m\u00f6rka limpor som ska vara med i det f\u00f6rsta numret av Vetlanda pastorats nya magasin, och ig\u00e5r fotograferade jag dem i morgonljuset. Nu kan jag dessutom ber\u00e4tta att de \u00e4r&#8230;<\/p>\n","protected":false},"author":2,"featured_media":0,"comment_status":"open","ping_status":"open","sticky":false,"template":"","format":"standard","meta":{"site-sidebar-layout":"default","site-content-layout":"","ast-site-content-layout":"default","site-content-style":"default","site-sidebar-style":"default","ast-global-header-display":"","ast-banner-title-visibility":"","ast-main-header-display":"","ast-hfb-above-header-display":"","ast-hfb-below-header-display":"","ast-hfb-mobile-header-display":"","site-post-title":"","ast-breadcrumbs-content":"","ast-featured-img":"","footer-sml-layout":"","ast-disable-related-posts":"","theme-transparent-header-meta":"","adv-header-id-meta":"","stick-header-meta":"","header-above-stick-meta":"","header-main-stick-meta":"","header-below-stick-meta":"","astra-migrate-meta-layouts":"default","ast-page-background-enabled":"default","ast-page-background-meta":{"desktop":{"background-color":"var(--ast-global-color-4)","background-image":"","background-repeat":"repeat","background-position":"center center","background-size":"auto","background-attachment":"scroll","background-type":"","background-media":"","overlay-type":"","overlay-color":"","overlay-opacity":"","overlay-gradient":""},"tablet":{"background-color":"","background-image":"","background-repeat":"repeat","background-position":"center center","background-size":"auto","background-attachment":"scroll","background-type":"","background-media":"","overlay-type":"","overlay-color":"","overlay-opacity":"","overlay-gradient":""},"mobile":{"background-color":"","background-image":"","background-repeat":"repeat","background-position":"center center","background-size":"auto","background-attachment":"scroll","background-type":"","background-media":"","overlay-type":"","overlay-color":"","overlay-opacity":"","overlay-gradient":""}},"ast-content-background-meta":{"desktop":{"background-color":"var(--ast-global-color-5)","background-image":"","background-repeat":"repeat","background-position":"center center","background-size":"auto","background-attachment":"scroll","background-type":"","background-media":"","overlay-type":"","overlay-color":"","overlay-opacity":"","overlay-gradient":""},"tablet":{"background-color":"var(--ast-global-color-5)","background-image":"","background-repeat":"repeat","background-position":"center center","background-size":"auto","background-attachment":"scroll","background-type":"","background-media":"","overlay-type":"","overlay-color":"","overlay-opacity":"","overlay-gradient":""},"mobile":{"background-color":"var(--ast-global-color-5)","background-image":"","background-repeat":"repeat","background-position":"center center","background-size":"auto","background-attachment":"scroll","background-type":"","background-media":"","overlay-type":"","overlay-color":"","overlay-opacity":"","overlay-gradient":""}},"footnotes":""},"categories":[348],"tags":[],"class_list":["post-16237","post","type-post","status-publish","format-standard","hentry","category-recept"],"_links":{"self":[{"href":"https:\/\/bloggar.hemmetsjournal.se\/anna\/wp-json\/wp\/v2\/posts\/16237"}],"collection":[{"href":"https:\/\/bloggar.hemmetsjournal.se\/anna\/wp-json\/wp\/v2\/posts"}],"about":[{"href":"https:\/\/bloggar.hemmetsjournal.se\/anna\/wp-json\/wp\/v2\/types\/post"}],"author":[{"embeddable":true,"href":"https:\/\/bloggar.hemmetsjournal.se\/anna\/wp-json\/wp\/v2\/users\/2"}],"replies":[{"embeddable":true,"href":"https:\/\/bloggar.hemmetsjournal.se\/anna\/wp-json\/wp\/v2\/comments?post=16237"}],"version-history":[{"count":1,"href":"https:\/\/bloggar.hemmetsjournal.se\/anna\/wp-json\/wp\/v2\/posts\/16237\/revisions"}],"predecessor-version":[{"id":16239,"href":"https:\/\/bloggar.hemmetsjournal.se\/anna\/wp-json\/wp\/v2\/posts\/16237\/revisions\/16239"}],"wp:attachment":[{"href":"https:\/\/bloggar.hemmetsjournal.se\/anna\/wp-json\/wp\/v2\/media?parent=16237"}],"wp:term":[{"taxonomy":"category","embeddable":true,"href":"https:\/\/bloggar.hemmetsjournal.se\/anna\/wp-json\/wp\/v2\/categories?post=16237"},{"taxonomy":"post_tag","embeddable":true,"href":"https:\/\/bloggar.hemmetsjournal.se\/anna\/wp-json\/wp\/v2\/tags?post=16237"}],"curies":[{"name":"wp","href":"https:\/\/api.w.org\/{rel}","templated":true}]}}