{"id":16108,"date":"2022-08-04T05:36:29","date_gmt":"2022-08-04T03:36:29","guid":{"rendered":"https:\/\/bloggar.hemmetsjournal.se\/anna\/?p=16108"},"modified":"2022-08-04T05:36:29","modified_gmt":"2022-08-04T03:36:29","slug":"varma-fotter-i-ukraina","status":"publish","type":"post","link":"https:\/\/bloggar.hemmetsjournal.se\/anna\/2022\/varma-fotter-i-ukraina\/","title":{"rendered":"Varma f\u00f6tter i Ukraina"},"content":{"rendered":"\n<p>Det har kommit ett upprop om stickade sockor till Ukraina!<\/p>\n\n\n\n<figure class=\"wp-block-image\"><img loading=\"lazy\" decoding=\"async\" width=\"1024\" height=\"768\" src=\"https:\/\/bloggar.hemmetsjournal.se\/anna\/wp-content\/uploads\/sites\/2\/2022\/07\/Ukraina-1024x768.jpg\" alt=\"\" class=\"wp-image-16109\" srcset=\"https:\/\/bloggar.hemmetsjournal.se\/anna\/wp-content\/uploads\/sites\/2\/2022\/07\/Ukraina-1024x768.jpg 1024w, https:\/\/bloggar.hemmetsjournal.se\/anna\/wp-content\/uploads\/sites\/2\/2022\/07\/Ukraina-300x225.jpg 300w, https:\/\/bloggar.hemmetsjournal.se\/anna\/wp-content\/uploads\/sites\/2\/2022\/07\/Ukraina-768x576.jpg 768w, https:\/\/bloggar.hemmetsjournal.se\/anna\/wp-content\/uploads\/sites\/2\/2022\/07\/Ukraina-953x715.jpg 953w, https:\/\/bloggar.hemmetsjournal.se\/anna\/wp-content\/uploads\/sites\/2\/2022\/07\/Ukraina-483x362.jpg 483w, https:\/\/bloggar.hemmetsjournal.se\/anna\/wp-content\/uploads\/sites\/2\/2022\/07\/Ukraina-360x270.jpg 360w, https:\/\/bloggar.hemmetsjournal.se\/anna\/wp-content\/uploads\/sites\/2\/2022\/07\/Ukraina-600x450.jpg 600w, https:\/\/bloggar.hemmetsjournal.se\/anna\/wp-content\/uploads\/sites\/2\/2022\/07\/Ukraina-263x197.jpg 263w, https:\/\/bloggar.hemmetsjournal.se\/anna\/wp-content\/uploads\/sites\/2\/2022\/07\/Ukraina-24x18.jpg 24w, https:\/\/bloggar.hemmetsjournal.se\/anna\/wp-content\/uploads\/sites\/2\/2022\/07\/Ukraina-36x27.jpg 36w, https:\/\/bloggar.hemmetsjournal.se\/anna\/wp-content\/uploads\/sites\/2\/2022\/07\/Ukraina-48x36.jpg 48w, https:\/\/bloggar.hemmetsjournal.se\/anna\/wp-content\/uploads\/sites\/2\/2022\/07\/Ukraina.jpg 1280w\" sizes=\"(max-width: 1024px) 100vw, 1024px\" \/><\/figure>\n\n\n\n<p><em>Stickande v\u00e4nner! H\u00f6r upp!<\/em><\/p>\n\n\n\n<p><em>\u00c4ven om det nu \u00e4r h\u00f6gsommarv\u00e4rme kommer snart en h\u00f6st och en vinter.<\/em><\/p>\n\n\n\n<p><em>Medan vi i Sverige kommer kunna krypa in i v\u00e5ra varma stugor och h\u00e5lla oss torra ser verkligheten annorlunda ut f\u00f6r andra.<\/em><\/p>\n\n\n\n<p><em>I ruiner och skyttev\u00e4rn kommer l\u00e4rare, bilmekaniker, sjukv\u00e5rdsarbetare , butiksbitr\u00e4den, b\u00f6nder och andra ukrainare som inte till\u00e5ts leva sina vanliga liv f\u00e5 h\u00e5lla till. Dag ut och dag in. I regn och bl\u00e5st. I sn\u00f6 och i kyla.<\/em><\/p>\n\n\n\n<p><em>Nu ber jag er att hj\u00e4lpa dem att klara kommande pr\u00f6vningar med \u00e5tminstone varma f\u00f6tter.<\/em><\/p>\n\n\n\n<p><em>Sticka sockor av ullgarn och sk\u00e4nk dem.<\/em><\/p>\n\n\n\n<p><em>Vi i <\/em><a href=\"https:\/\/www.facebook.com\/groups\/703531384016995\/?__cft__[0]=AZVP_h-r87oDul7kmC90c7X4d2JF8V3AU6Pz8YsgDtv5xmwp1me5ymxjgqIXdGaniUA02aQ4kni4eBK2gzce0di9p_ggvyDOvcfZXJ0V95oxv6ttgBsYIxroeii3vBwq3DA&amp;__tn__=-UK-R\"><em>Union for Ukraine-Smeder utan gr\u00e4nser<\/em><\/a><em> ser till att de transporteras till mottagarna.<\/em><\/p>\n\n\n\n<p><em>Starta ett stickcaf\u00e9, be din stickande granne g\u00f6ra n\u00e5gra par, sticka framf\u00f6r favoritserien eller framf\u00f6r brasan.<\/em><\/p>\n\n\n\n<p><em>Sticka f\u00f6r livet!<\/em><\/p>\n\n\n\n<p><em>S\u00e4nd sockorna till:<br><\/em><strong><em>Union for Ukraine<br>c\/o Michael Maasing <br>Tornv\u00e4gen 7<br>612 71 Rejmyre <\/em><\/strong><\/p>\n\n\n\n<p>***<\/p>\n\n\n\n<p>Under krigets f\u00f6rsta veckor och m\u00e5nader s\u00e5g jag b\u00e5de insamlingar och varningar f\u00f6r insamlingar. En del tycker att man ska ge allt man kan, och PostNord lanserade ju ett stort insamlingsprojekt med gratis frakt i samarbete med posten i Ukraina. En del s\u00e4ger och skriver att man absolut inte ska skicka n\u00e5got och att man bara ska ge till de stora, etablerade hj\u00e4lporganisationerna, till exempel UNHCR och R\u00f6da korset. Men jag tror att m\u00e5nga av oss m\u00e5nga g\u00e5nger sedan 2015 har sett exempel p\u00e5 att de stora organisationerna inte klarar av att ta hela ansvaret f\u00f6r de situationer som uppst\u00e5r nu. Privata eller sm\u00e5 initiativ kan vara enormt betydelsefulla. Jag hoppas att det h\u00e4r \u00e4r ett s\u00e5dant!<\/p>\n","protected":false},"excerpt":{"rendered":"<p>Det har kommit ett upprop om stickade sockor till Ukraina! Stickande v\u00e4nner! H\u00f6r upp! \u00c4ven om det nu \u00e4r h\u00f6gsommarv\u00e4rme kommer snart en h\u00f6st och en vinter. Medan vi i Sverige kommer kunna krypa in i v\u00e5ra varma stugor och h\u00e5lla oss torra ser verkligheten annorlunda ut f\u00f6r andra. I ruiner och skyttev\u00e4rn kommer l\u00e4rare,&#8230;<\/p>\n","protected":false},"author":31,"featured_media":0,"comment_status":"closed","ping_status":"closed","sticky":false,"template":"","format":"standard","meta":{"site-sidebar-layout":"default","site-content-layout":"","ast-site-content-layout":"default","site-content-style":"default","site-sidebar-style":"default","ast-global-header-display":"","ast-banner-title-visibility":"","ast-main-header-display":"","ast-hfb-above-header-display":"","ast-hfb-below-header-display":"","ast-hfb-mobile-header-display":"","site-post-title":"","ast-breadcrumbs-content":"","ast-featured-img":"","footer-sml-layout":"","ast-disable-related-posts":"","theme-transparent-header-meta":"","adv-header-id-meta":"","stick-header-meta":"","header-above-stick-meta":"","header-main-stick-meta":"","header-below-stick-meta":"","astra-migrate-meta-layouts":"default","ast-page-background-enabled":"default","ast-page-background-meta":{"desktop":{"background-color":"var(--ast-global-color-4)","background-image":"","background-repeat":"repeat","background-position":"center center","background-size":"auto","background-attachment":"scroll","background-type":"","background-media":"","overlay-type":"","overlay-color":"","overlay-opacity":"","overlay-gradient":""},"tablet":{"background-color":"","background-image":"","background-repeat":"repeat","background-position":"center center","background-size":"auto","background-attachment":"scroll","background-type":"","background-media":"","overlay-type":"","overlay-color":"","overlay-opacity":"","overlay-gradient":""},"mobile":{"background-color":"","background-image":"","background-repeat":"repeat","background-position":"center center","background-size":"auto","background-attachment":"scroll","background-type":"","background-media":"","overlay-type":"","overlay-color":"","overlay-opacity":"","overlay-gradient":""}},"ast-content-background-meta":{"desktop":{"background-color":"var(--ast-global-color-5)","background-image":"","background-repeat":"repeat","background-position":"center center","background-size":"auto","background-attachment":"scroll","background-type":"","background-media":"","overlay-type":"","overlay-color":"","overlay-opacity":"","overlay-gradient":""},"tablet":{"background-color":"var(--ast-global-color-5)","background-image":"","background-repeat":"repeat","background-position":"center center","background-size":"auto","background-attachment":"scroll","background-type":"","background-media":"","overlay-type":"","overlay-color":"","overlay-opacity":"","overlay-gradient":""},"mobile":{"background-color":"var(--ast-global-color-5)","background-image":"","background-repeat":"repeat","background-position":"center center","background-size":"auto","background-attachment":"scroll","background-type":"","background-media":"","overlay-type":"","overlay-color":"","overlay-opacity":"","overlay-gradient":""}},"footnotes":""},"categories":[1605],"tags":[],"class_list":["post-16108","post","type-post","status-publish","format-standard","hentry","category-ukraina"],"_links":{"self":[{"href":"https:\/\/bloggar.hemmetsjournal.se\/anna\/wp-json\/wp\/v2\/posts\/16108"}],"collection":[{"href":"https:\/\/bloggar.hemmetsjournal.se\/anna\/wp-json\/wp\/v2\/posts"}],"about":[{"href":"https:\/\/bloggar.hemmetsjournal.se\/anna\/wp-json\/wp\/v2\/types\/post"}],"author":[{"embeddable":true,"href":"https:\/\/bloggar.hemmetsjournal.se\/anna\/wp-json\/wp\/v2\/users\/31"}],"replies":[{"embeddable":true,"href":"https:\/\/bloggar.hemmetsjournal.se\/anna\/wp-json\/wp\/v2\/comments?post=16108"}],"version-history":[{"count":1,"href":"https:\/\/bloggar.hemmetsjournal.se\/anna\/wp-json\/wp\/v2\/posts\/16108\/revisions"}],"predecessor-version":[{"id":16110,"href":"https:\/\/bloggar.hemmetsjournal.se\/anna\/wp-json\/wp\/v2\/posts\/16108\/revisions\/16110"}],"wp:attachment":[{"href":"https:\/\/bloggar.hemmetsjournal.se\/anna\/wp-json\/wp\/v2\/media?parent=16108"}],"wp:term":[{"taxonomy":"category","embeddable":true,"href":"https:\/\/bloggar.hemmetsjournal.se\/anna\/wp-json\/wp\/v2\/categories?post=16108"},{"taxonomy":"post_tag","embeddable":true,"href":"https:\/\/bloggar.hemmetsjournal.se\/anna\/wp-json\/wp\/v2\/tags?post=16108"}],"curies":[{"name":"wp","href":"https:\/\/api.w.org\/{rel}","templated":true}]}}