{"id":16067,"date":"2022-07-06T10:07:18","date_gmt":"2022-07-06T08:07:18","guid":{"rendered":"https:\/\/bloggar.hemmetsjournal.se\/anna\/?p=16067"},"modified":"2022-07-06T21:34:51","modified_gmt":"2022-07-06T19:34:51","slug":"ambulanstaxar","status":"publish","type":"post","link":"https:\/\/bloggar.hemmetsjournal.se\/anna\/2022\/ambulanstaxar\/","title":{"rendered":"Ambulanstaxar"},"content":{"rendered":"\n<p>Minns ni <strong><a href=\"https:\/\/bloggar.hemmetsjournal.se\/anna\/2011\/fredagsforebild-xii-bjornligan-i-lidkoping\/\">nallen Magnus Gabriel<\/a><\/strong><a href=\"https:\/\/bloggar.hemmetsjournal.se\/anna\/2011\/fredagsforebild-xii-bjornligan-i-lidkoping\/\"> <\/a>fr\u00e5n en av stickb\u00f6ckerna jag gjorde f\u00f6r l\u00e4nge sedan? En grupp stickare i <strong>Lidk\u00f6ping<\/strong>, <strong>Bj\u00f6rnligan<\/strong>, stickade nallar till utryckningsfordonen och akuten i Lidk\u00f6ping f\u00f6r att barn som beh\u00f6vde hj\u00e4lp skulle f\u00e5 n\u00e5got att krama n\u00e4r mycket omkring dem kunde vara skr\u00e4mmande.<\/p>\n\n\n\n<p><a href=\"https:\/\/bloggar.hemmetsjournal.se\/anna\/2013\/nallar-i-vaxjo\/\">En grupp R\u00f6da korset-medlemmar i <\/a><strong><a href=\"https:\/\/bloggar.hemmetsjournal.se\/anna\/2013\/nallar-i-vaxjo\/\">V\u00e4xj\u00f6<\/a><\/strong><a href=\"https:\/\/bloggar.hemmetsjournal.se\/anna\/2013\/nallar-i-vaxjo\/\">, <\/a><strong><a href=\"https:\/\/bloggar.hemmetsjournal.se\/anna\/2013\/nallar-i-vaxjo\/\">Kolombinas<\/a><\/strong><a href=\"https:\/\/bloggar.hemmetsjournal.se\/anna\/2013\/nallar-i-vaxjo\/\">, b\u00f6rjade arbeta p\u00e5 samma s\u00e4tt d\u00e5<\/a>, och de blev till och med uppm\u00e4rksammade av SVT.<\/p>\n\n\n\n<p>Nu fick jag syn p\u00e5 den h\u00e4r bilden fr\u00e5n <strong>Maria Cederlind<\/strong> som arbetar med <strong>Barnag\u00e5van i \u00d6rebro<\/strong>!<\/p>\n\n\n\n<figure class=\"wp-block-image\"><img loading=\"lazy\" decoding=\"async\" width=\"768\" height=\"1024\" src=\"https:\/\/bloggar.hemmetsjournal.se\/anna\/wp-content\/uploads\/sites\/2\/2022\/07\/Barnag\u00e5van-768x1024.jpg\" alt=\"\" class=\"wp-image-16068\" srcset=\"https:\/\/bloggar.hemmetsjournal.se\/anna\/wp-content\/uploads\/sites\/2\/2022\/07\/Barnag\u00e5van-768x1024.jpg 768w, https:\/\/bloggar.hemmetsjournal.se\/anna\/wp-content\/uploads\/sites\/2\/2022\/07\/Barnag\u00e5van-225x300.jpg 225w, https:\/\/bloggar.hemmetsjournal.se\/anna\/wp-content\/uploads\/sites\/2\/2022\/07\/Barnag\u00e5van-536x715.jpg 536w, https:\/\/bloggar.hemmetsjournal.se\/anna\/wp-content\/uploads\/sites\/2\/2022\/07\/Barnag\u00e5van-375x500.jpg 375w, https:\/\/bloggar.hemmetsjournal.se\/anna\/wp-content\/uploads\/sites\/2\/2022\/07\/Barnag\u00e5van-360x480.jpg 360w, https:\/\/bloggar.hemmetsjournal.se\/anna\/wp-content\/uploads\/sites\/2\/2022\/07\/Barnag\u00e5van-600x800.jpg 600w, https:\/\/bloggar.hemmetsjournal.se\/anna\/wp-content\/uploads\/sites\/2\/2022\/07\/Barnag\u00e5van-197x263.jpg 197w, https:\/\/bloggar.hemmetsjournal.se\/anna\/wp-content\/uploads\/sites\/2\/2022\/07\/Barnag\u00e5van-18x24.jpg 18w, https:\/\/bloggar.hemmetsjournal.se\/anna\/wp-content\/uploads\/sites\/2\/2022\/07\/Barnag\u00e5van-27x36.jpg 27w, https:\/\/bloggar.hemmetsjournal.se\/anna\/wp-content\/uploads\/sites\/2\/2022\/07\/Barnag\u00e5van-36x48.jpg 36w, https:\/\/bloggar.hemmetsjournal.se\/anna\/wp-content\/uploads\/sites\/2\/2022\/07\/Barnag\u00e5van.jpg 960w\" sizes=\"(max-width: 768px) 100vw, 768px\" \/><figcaption>Ambulansen tillf\u00e4lligt full med nya v\u00e4nner. Bild: Barnag\u00e5van i \u00d6rebro<\/figcaption><\/figure>\n\n\n\n<p>Maria skriver:<\/p>\n\n\n\n<p><em>Idag l\u00e4mnade jag \u00f6ver en stor kartong full med handgjorda fina \u201dnallar\u201d till ambulansen p\u00e5 US\u00d6! De blev s\u00e5 glada \u00f6ver alla nallar och h\u00e4lsade och tackade! Dessa \u201dnallar\u201d kommer delas ut n\u00e4r ett barn beh\u00f6ver f\u00f6lja med i ambulansen till US\u00d6. Att \u00e5ka ambulans kan vara b\u00e5de l\u00e4skigt och sm\u00e4rtsamt s\u00e5 d\u00e5 kan det k\u00e4nnas lite tryggare med en liten ny nalle-v\u00e4n! <\/em><\/p>\n\n\n\n<p>Det \u00e4r taxar i kartongen &#8212; s\u00e5dana som n\u00e5gra i gruppen Handarbeta f\u00f6r v\u00e4lg\u00f6renhet, s\u00e4rskilt <strong>Ingela<\/strong> tror jag, brukar sy. <\/p>\n\n\n\n<figure class=\"wp-block-image\"><img loading=\"lazy\" decoding=\"async\" width=\"1024\" height=\"789\" src=\"https:\/\/bloggar.hemmetsjournal.se\/anna\/wp-content\/uploads\/sites\/2\/2022\/07\/Ingelas-taxar-1024x789.jpg\" alt=\"\" class=\"wp-image-16070\" srcset=\"https:\/\/bloggar.hemmetsjournal.se\/anna\/wp-content\/uploads\/sites\/2\/2022\/07\/Ingelas-taxar-1024x789.jpg 1024w, https:\/\/bloggar.hemmetsjournal.se\/anna\/wp-content\/uploads\/sites\/2\/2022\/07\/Ingelas-taxar-300x231.jpg 300w, https:\/\/bloggar.hemmetsjournal.se\/anna\/wp-content\/uploads\/sites\/2\/2022\/07\/Ingelas-taxar-768x592.jpg 768w, https:\/\/bloggar.hemmetsjournal.se\/anna\/wp-content\/uploads\/sites\/2\/2022\/07\/Ingelas-taxar-928x715.jpg 928w, https:\/\/bloggar.hemmetsjournal.se\/anna\/wp-content\/uploads\/sites\/2\/2022\/07\/Ingelas-taxar-483x372.jpg 483w, https:\/\/bloggar.hemmetsjournal.se\/anna\/wp-content\/uploads\/sites\/2\/2022\/07\/Ingelas-taxar-360x278.jpg 360w, https:\/\/bloggar.hemmetsjournal.se\/anna\/wp-content\/uploads\/sites\/2\/2022\/07\/Ingelas-taxar-600x463.jpg 600w, https:\/\/bloggar.hemmetsjournal.se\/anna\/wp-content\/uploads\/sites\/2\/2022\/07\/Ingelas-taxar-263x203.jpg 263w, https:\/\/bloggar.hemmetsjournal.se\/anna\/wp-content\/uploads\/sites\/2\/2022\/07\/Ingelas-taxar-24x19.jpg 24w, https:\/\/bloggar.hemmetsjournal.se\/anna\/wp-content\/uploads\/sites\/2\/2022\/07\/Ingelas-taxar-36x28.jpg 36w, https:\/\/bloggar.hemmetsjournal.se\/anna\/wp-content\/uploads\/sites\/2\/2022\/07\/Ingelas-taxar-48x37.jpg 48w, https:\/\/bloggar.hemmetsjournal.se\/anna\/wp-content\/uploads\/sites\/2\/2022\/07\/Ingelas-taxar.jpg 1440w\" sizes=\"(max-width: 1024px) 100vw, 1024px\" \/><\/figure>\n\n\n\n<p><em>Uppdatering: nu har jag l\u00e4st p\u00e5 ett st\u00e4lle till, och det st\u00e4mmer, det \u00e4r Ingela som har sytt taxarna! Jag l\u00e5nar en bild som hon la upp p\u00e5 Facebook f\u00f6rra \u00e5ret n\u00e4r hon var klar med en kull. Helt otroligt eller hur?<\/em><\/p>\n\n\n\n<p>Ett s\u00e5dant h\u00e4r stoppat djur i v\u00e4vt bomullstyg \u00e4r ett projekt som kr\u00e4ver skicklighet och t\u00e5lamod och precision, och m\u00e5nga av oss skulle nog tr\u00f6ttna halvv\u00e4gs p\u00e5 den f\u00f6rsta, men jag f\u00f6rst\u00e5r ocks\u00e5 gl\u00e4djen i att bli klar och kunna b\u00f6rja p\u00e5 n\u00e4sta, och n\u00e4sta, och n\u00e4sta, och t\u00e4nka ut tygkombinationer och rada upp taxarna i v\u00e4ntan p\u00e5 att de ska skickas ut och bli s\u00e4llskap \u00e5t barn som beh\u00f6ver dem!<\/p>\n\n\n\n<p>Grattis alla som har varit engagerade i det h\u00e4r projektet hittills! Och lycka till med allt, alla barnfamiljer och all ambulanspersonal!<\/p>\n","protected":false},"excerpt":{"rendered":"<p>Minns ni nallen Magnus Gabriel fr\u00e5n en av stickb\u00f6ckerna jag gjorde f\u00f6r l\u00e4nge sedan? En grupp stickare i Lidk\u00f6ping, Bj\u00f6rnligan, stickade nallar till utryckningsfordonen och akuten i Lidk\u00f6ping f\u00f6r att barn som beh\u00f6vde hj\u00e4lp skulle f\u00e5 n\u00e5got att krama n\u00e4r mycket omkring dem kunde vara skr\u00e4mmande. En grupp R\u00f6da korset-medlemmar i V\u00e4xj\u00f6, Kolombinas, b\u00f6rjade arbeta&#8230;<\/p>\n","protected":false},"author":31,"featured_media":0,"comment_status":"closed","ping_status":"closed","sticky":false,"template":"","format":"standard","meta":{"site-sidebar-layout":"default","site-content-layout":"","ast-site-content-layout":"default","site-content-style":"default","site-sidebar-style":"default","ast-global-header-display":"","ast-banner-title-visibility":"","ast-main-header-display":"","ast-hfb-above-header-display":"","ast-hfb-below-header-display":"","ast-hfb-mobile-header-display":"","site-post-title":"","ast-breadcrumbs-content":"","ast-featured-img":"","footer-sml-layout":"","ast-disable-related-posts":"","theme-transparent-header-meta":"","adv-header-id-meta":"","stick-header-meta":"","header-above-stick-meta":"","header-main-stick-meta":"","header-below-stick-meta":"","astra-migrate-meta-layouts":"default","ast-page-background-enabled":"default","ast-page-background-meta":{"desktop":{"background-color":"var(--ast-global-color-4)","background-image":"","background-repeat":"repeat","background-position":"center center","background-size":"auto","background-attachment":"scroll","background-type":"","background-media":"","overlay-type":"","overlay-color":"","overlay-opacity":"","overlay-gradient":""},"tablet":{"background-color":"","background-image":"","background-repeat":"repeat","background-position":"center center","background-size":"auto","background-attachment":"scroll","background-type":"","background-media":"","overlay-type":"","overlay-color":"","overlay-opacity":"","overlay-gradient":""},"mobile":{"background-color":"","background-image":"","background-repeat":"repeat","background-position":"center center","background-size":"auto","background-attachment":"scroll","background-type":"","background-media":"","overlay-type":"","overlay-color":"","overlay-opacity":"","overlay-gradient":""}},"ast-content-background-meta":{"desktop":{"background-color":"var(--ast-global-color-5)","background-image":"","background-repeat":"repeat","background-position":"center center","background-size":"auto","background-attachment":"scroll","background-type":"","background-media":"","overlay-type":"","overlay-color":"","overlay-opacity":"","overlay-gradient":""},"tablet":{"background-color":"var(--ast-global-color-5)","background-image":"","background-repeat":"repeat","background-position":"center center","background-size":"auto","background-attachment":"scroll","background-type":"","background-media":"","overlay-type":"","overlay-color":"","overlay-opacity":"","overlay-gradient":""},"mobile":{"background-color":"var(--ast-global-color-5)","background-image":"","background-repeat":"repeat","background-position":"center center","background-size":"auto","background-attachment":"scroll","background-type":"","background-media":"","overlay-type":"","overlay-color":"","overlay-opacity":"","overlay-gradient":""}},"footnotes":""},"categories":[289,100],"tags":[],"class_list":["post-16067","post","type-post","status-publish","format-standard","hentry","category-halsa","category-sy"],"_links":{"self":[{"href":"https:\/\/bloggar.hemmetsjournal.se\/anna\/wp-json\/wp\/v2\/posts\/16067"}],"collection":[{"href":"https:\/\/bloggar.hemmetsjournal.se\/anna\/wp-json\/wp\/v2\/posts"}],"about":[{"href":"https:\/\/bloggar.hemmetsjournal.se\/anna\/wp-json\/wp\/v2\/types\/post"}],"author":[{"embeddable":true,"href":"https:\/\/bloggar.hemmetsjournal.se\/anna\/wp-json\/wp\/v2\/users\/31"}],"replies":[{"embeddable":true,"href":"https:\/\/bloggar.hemmetsjournal.se\/anna\/wp-json\/wp\/v2\/comments?post=16067"}],"version-history":[{"count":3,"href":"https:\/\/bloggar.hemmetsjournal.se\/anna\/wp-json\/wp\/v2\/posts\/16067\/revisions"}],"predecessor-version":[{"id":16072,"href":"https:\/\/bloggar.hemmetsjournal.se\/anna\/wp-json\/wp\/v2\/posts\/16067\/revisions\/16072"}],"wp:attachment":[{"href":"https:\/\/bloggar.hemmetsjournal.se\/anna\/wp-json\/wp\/v2\/media?parent=16067"}],"wp:term":[{"taxonomy":"category","embeddable":true,"href":"https:\/\/bloggar.hemmetsjournal.se\/anna\/wp-json\/wp\/v2\/categories?post=16067"},{"taxonomy":"post_tag","embeddable":true,"href":"https:\/\/bloggar.hemmetsjournal.se\/anna\/wp-json\/wp\/v2\/tags?post=16067"}],"curies":[{"name":"wp","href":"https:\/\/api.w.org\/{rel}","templated":true}]}}