{"id":15936,"date":"2022-05-02T13:42:15","date_gmt":"2022-05-02T11:42:15","guid":{"rendered":"https:\/\/bloggar.hemmetsjournal.se\/anna\/?p=15936"},"modified":"2022-05-02T15:14:32","modified_gmt":"2022-05-02T13:14:32","slug":"det-var-barbro-som-stickade-trillingkoftorna","status":"publish","type":"post","link":"https:\/\/bloggar.hemmetsjournal.se\/anna\/2022\/det-var-barbro-som-stickade-trillingkoftorna\/","title":{"rendered":"Det var Barbro som stickade trillingkoftorna"},"content":{"rendered":"\n<p>Vem \u00e4r det som har stickat de fina koftorna som tv\u00e5 av de tre trillingarna firade sin ett\u00e5rsdag i? (Den tredje har ocks\u00e5 en, men den var nog i tv\u00e4tten.)<\/p>\n\n\n\n<figure class=\"wp-block-image\"><img loading=\"lazy\" decoding=\"async\" width=\"1024\" height=\"797\" src=\"https:\/\/bloggar.hemmetsjournal.se\/anna\/wp-content\/uploads\/sites\/2\/2022\/05\/trillingarnas-ett\u00e5rsdag-1-1024x797.jpg\" alt=\"\" class=\"wp-image-15932\" srcset=\"https:\/\/bloggar.hemmetsjournal.se\/anna\/wp-content\/uploads\/sites\/2\/2022\/05\/trillingarnas-ett\u00e5rsdag-1-1024x797.jpg 1024w, https:\/\/bloggar.hemmetsjournal.se\/anna\/wp-content\/uploads\/sites\/2\/2022\/05\/trillingarnas-ett\u00e5rsdag-1-300x234.jpg 300w, https:\/\/bloggar.hemmetsjournal.se\/anna\/wp-content\/uploads\/sites\/2\/2022\/05\/trillingarnas-ett\u00e5rsdag-1-768x598.jpg 768w, https:\/\/bloggar.hemmetsjournal.se\/anna\/wp-content\/uploads\/sites\/2\/2022\/05\/trillingarnas-ett\u00e5rsdag-1-918x715.jpg 918w, https:\/\/bloggar.hemmetsjournal.se\/anna\/wp-content\/uploads\/sites\/2\/2022\/05\/trillingarnas-ett\u00e5rsdag-1-483x376.jpg 483w, https:\/\/bloggar.hemmetsjournal.se\/anna\/wp-content\/uploads\/sites\/2\/2022\/05\/trillingarnas-ett\u00e5rsdag-1-360x280.jpg 360w, https:\/\/bloggar.hemmetsjournal.se\/anna\/wp-content\/uploads\/sites\/2\/2022\/05\/trillingarnas-ett\u00e5rsdag-1-600x467.jpg 600w, https:\/\/bloggar.hemmetsjournal.se\/anna\/wp-content\/uploads\/sites\/2\/2022\/05\/trillingarnas-ett\u00e5rsdag-1-263x205.jpg 263w, https:\/\/bloggar.hemmetsjournal.se\/anna\/wp-content\/uploads\/sites\/2\/2022\/05\/trillingarnas-ett\u00e5rsdag-1-24x19.jpg 24w, https:\/\/bloggar.hemmetsjournal.se\/anna\/wp-content\/uploads\/sites\/2\/2022\/05\/trillingarnas-ett\u00e5rsdag-1-36x28.jpg 36w, https:\/\/bloggar.hemmetsjournal.se\/anna\/wp-content\/uploads\/sites\/2\/2022\/05\/trillingarnas-ett\u00e5rsdag-1-48x37.jpg 48w, https:\/\/bloggar.hemmetsjournal.se\/anna\/wp-content\/uploads\/sites\/2\/2022\/05\/trillingarnas-ett\u00e5rsdag-1.jpg 1440w\" sizes=\"(max-width: 1024px) 100vw, 1024px\" \/><\/figure>\n\n\n\n<p>Det fr\u00e5gade jag h\u00e4r p\u00e5 bloggen ig\u00e5r. Men n\u00e4r jag hade skrivit fr\u00e5gan mindes jag en bild, och ett namn &#8230;<\/p>\n\n\n\n<figure class=\"wp-block-image\"><img loading=\"lazy\" decoding=\"async\" width=\"1024\" height=\"576\" src=\"https:\/\/bloggar.hemmetsjournal.se\/anna\/wp-content\/uploads\/sites\/2\/2020\/10\/Barbro-Gunnars-koftor-2-webb-1024x576.jpg\" alt=\"\" class=\"wp-image-13793\" srcset=\"https:\/\/bloggar.hemmetsjournal.se\/anna\/wp-content\/uploads\/sites\/2\/2020\/10\/Barbro-Gunnars-koftor-2-webb-1024x576.jpg 1024w, https:\/\/bloggar.hemmetsjournal.se\/anna\/wp-content\/uploads\/sites\/2\/2020\/10\/Barbro-Gunnars-koftor-2-webb-300x169.jpg 300w, https:\/\/bloggar.hemmetsjournal.se\/anna\/wp-content\/uploads\/sites\/2\/2020\/10\/Barbro-Gunnars-koftor-2-webb-768x432.jpg 768w, https:\/\/bloggar.hemmetsjournal.se\/anna\/wp-content\/uploads\/sites\/2\/2020\/10\/Barbro-Gunnars-koftor-2-webb-1536x864.jpg 1536w, https:\/\/bloggar.hemmetsjournal.se\/anna\/wp-content\/uploads\/sites\/2\/2020\/10\/Barbro-Gunnars-koftor-2-webb-1080x608.jpg 1080w, https:\/\/bloggar.hemmetsjournal.se\/anna\/wp-content\/uploads\/sites\/2\/2020\/10\/Barbro-Gunnars-koftor-2-webb-483x272.jpg 483w, https:\/\/bloggar.hemmetsjournal.se\/anna\/wp-content\/uploads\/sites\/2\/2020\/10\/Barbro-Gunnars-koftor-2-webb-360x203.jpg 360w, https:\/\/bloggar.hemmetsjournal.se\/anna\/wp-content\/uploads\/sites\/2\/2020\/10\/Barbro-Gunnars-koftor-2-webb-600x338.jpg 600w, https:\/\/bloggar.hemmetsjournal.se\/anna\/wp-content\/uploads\/sites\/2\/2020\/10\/Barbro-Gunnars-koftor-2-webb-263x148.jpg 263w, https:\/\/bloggar.hemmetsjournal.se\/anna\/wp-content\/uploads\/sites\/2\/2020\/10\/Barbro-Gunnars-koftor-2-webb-24x14.jpg 24w, https:\/\/bloggar.hemmetsjournal.se\/anna\/wp-content\/uploads\/sites\/2\/2020\/10\/Barbro-Gunnars-koftor-2-webb-36x20.jpg 36w, https:\/\/bloggar.hemmetsjournal.se\/anna\/wp-content\/uploads\/sites\/2\/2020\/10\/Barbro-Gunnars-koftor-2-webb-48x27.jpg 48w, https:\/\/bloggar.hemmetsjournal.se\/anna\/wp-content\/uploads\/sites\/2\/2020\/10\/Barbro-Gunnars-koftor-2-webb.jpg 1920w\" sizes=\"(max-width: 1024px) 100vw, 1024px\" \/><\/figure>\n\n\n\n<p>Det var <strong>Gunilla <\/strong>i<strong> G\u00f6teborg <\/strong>som kontaktade mig f\u00f6r tre \u00e5r sedan &#8212; jag intervjuade henne till en bok som jag gjorde kanske 2015 eller 2016. Hennes syster <strong>Barbro <\/strong>i<strong> Lund <\/strong>hade stickat en massa fina kl\u00e4der, och hon fr\u00e5gade om jag visste n\u00e5gon som ville ta emot dem. Jag fr\u00e5gade <strong>Marita<\/strong>, och hon tackade ja och tog med dem till Tanzania.<\/p>\n\n\n\n<p>S\u00e5 nu vet vi &#8212; och det som annars inte h\u00e4nder s\u00e5 j\u00e4tteofta blir desto roligare n\u00e4r det h\u00e4nder: bildbevis p\u00e5 att kl\u00e4derna verkligen kommer till anv\u00e4ndning! Det \u00e4r absolut inget man kan kr\u00e4va eller f\u00f6rv\u00e4nta sig som hj\u00e4lpstickare, och orsakerna \u00e4r m\u00e5nga. Men den h\u00e4r familjen har gett Marita tillst\u00e5nd att dela med sig av bilderna. Och av reaktionerna ig\u00e5r att d\u00f6ma \u00e4r vi otroligt m\u00e5nga som gl\u00e4der oss tillsammans med <strong>Deborah<\/strong>, <strong>Delta<\/strong>, <strong>Delphine <\/strong>och deras familj!<\/p>\n","protected":false},"excerpt":{"rendered":"<p>Vem \u00e4r det som har stickat de fina koftorna som tv\u00e5 av de tre trillingarna firade sin ett\u00e5rsdag i? (Den tredje har ocks\u00e5 en, men den var nog i tv\u00e4tten.) Det fr\u00e5gade jag h\u00e4r p\u00e5 bloggen ig\u00e5r. Men n\u00e4r jag hade skrivit fr\u00e5gan mindes jag en bild, och ett namn &#8230; Det var Gunilla i&#8230;<\/p>\n","protected":false},"author":31,"featured_media":0,"comment_status":"closed","ping_status":"closed","sticky":false,"template":"","format":"standard","meta":{"site-sidebar-layout":"default","site-content-layout":"","ast-site-content-layout":"default","site-content-style":"default","site-sidebar-style":"default","ast-global-header-display":"","ast-banner-title-visibility":"","ast-main-header-display":"","ast-hfb-above-header-display":"","ast-hfb-below-header-display":"","ast-hfb-mobile-header-display":"","site-post-title":"","ast-breadcrumbs-content":"","ast-featured-img":"","footer-sml-layout":"","ast-disable-related-posts":"","theme-transparent-header-meta":"","adv-header-id-meta":"","stick-header-meta":"","header-above-stick-meta":"","header-main-stick-meta":"","header-below-stick-meta":"","astra-migrate-meta-layouts":"default","ast-page-background-enabled":"default","ast-page-background-meta":{"desktop":{"background-color":"var(--ast-global-color-4)","background-image":"","background-repeat":"repeat","background-position":"center center","background-size":"auto","background-attachment":"scroll","background-type":"","background-media":"","overlay-type":"","overlay-color":"","overlay-opacity":"","overlay-gradient":""},"tablet":{"background-color":"","background-image":"","background-repeat":"repeat","background-position":"center center","background-size":"auto","background-attachment":"scroll","background-type":"","background-media":"","overlay-type":"","overlay-color":"","overlay-opacity":"","overlay-gradient":""},"mobile":{"background-color":"","background-image":"","background-repeat":"repeat","background-position":"center center","background-size":"auto","background-attachment":"scroll","background-type":"","background-media":"","overlay-type":"","overlay-color":"","overlay-opacity":"","overlay-gradient":""}},"ast-content-background-meta":{"desktop":{"background-color":"var(--ast-global-color-5)","background-image":"","background-repeat":"repeat","background-position":"center center","background-size":"auto","background-attachment":"scroll","background-type":"","background-media":"","overlay-type":"","overlay-color":"","overlay-opacity":"","overlay-gradient":""},"tablet":{"background-color":"var(--ast-global-color-5)","background-image":"","background-repeat":"repeat","background-position":"center center","background-size":"auto","background-attachment":"scroll","background-type":"","background-media":"","overlay-type":"","overlay-color":"","overlay-opacity":"","overlay-gradient":""},"mobile":{"background-color":"var(--ast-global-color-5)","background-image":"","background-repeat":"repeat","background-position":"center center","background-size":"auto","background-attachment":"scroll","background-type":"","background-media":"","overlay-type":"","overlay-color":"","overlay-opacity":"","overlay-gradient":""}},"footnotes":""},"categories":[1595,19,349,217],"tags":[],"class_list":["post-15936","post","type-post","status-publish","format-standard","hentry","category-bunda-hospital-i-tanzania","category-sticka-skicka","category-varma-liten-insamling-till-kongo","category-tanzania"],"_links":{"self":[{"href":"https:\/\/bloggar.hemmetsjournal.se\/anna\/wp-json\/wp\/v2\/posts\/15936"}],"collection":[{"href":"https:\/\/bloggar.hemmetsjournal.se\/anna\/wp-json\/wp\/v2\/posts"}],"about":[{"href":"https:\/\/bloggar.hemmetsjournal.se\/anna\/wp-json\/wp\/v2\/types\/post"}],"author":[{"embeddable":true,"href":"https:\/\/bloggar.hemmetsjournal.se\/anna\/wp-json\/wp\/v2\/users\/31"}],"replies":[{"embeddable":true,"href":"https:\/\/bloggar.hemmetsjournal.se\/anna\/wp-json\/wp\/v2\/comments?post=15936"}],"version-history":[{"count":4,"href":"https:\/\/bloggar.hemmetsjournal.se\/anna\/wp-json\/wp\/v2\/posts\/15936\/revisions"}],"predecessor-version":[{"id":15940,"href":"https:\/\/bloggar.hemmetsjournal.se\/anna\/wp-json\/wp\/v2\/posts\/15936\/revisions\/15940"}],"wp:attachment":[{"href":"https:\/\/bloggar.hemmetsjournal.se\/anna\/wp-json\/wp\/v2\/media?parent=15936"}],"wp:term":[{"taxonomy":"category","embeddable":true,"href":"https:\/\/bloggar.hemmetsjournal.se\/anna\/wp-json\/wp\/v2\/categories?post=15936"},{"taxonomy":"post_tag","embeddable":true,"href":"https:\/\/bloggar.hemmetsjournal.se\/anna\/wp-json\/wp\/v2\/tags?post=15936"}],"curies":[{"name":"wp","href":"https:\/\/api.w.org\/{rel}","templated":true}]}}