{"id":15530,"date":"2021-11-07T19:18:00","date_gmt":"2021-11-07T17:18:00","guid":{"rendered":"https:\/\/bloggar.hemmetsjournal.se\/anna\/?p=15530"},"modified":"2021-11-07T19:18:01","modified_gmt":"2021-11-07T17:18:01","slug":"en-kladdkaka-pa-kladdkakans-dag","status":"publish","type":"post","link":"https:\/\/bloggar.hemmetsjournal.se\/anna\/2021\/en-kladdkaka-pa-kladdkakans-dag\/","title":{"rendered":"En kladdkaka p\u00e5 kladdkakans dag"},"content":{"rendered":"\n<figure class=\"wp-block-image\"><img loading=\"lazy\" decoding=\"async\" width=\"1024\" height=\"768\" src=\"https:\/\/bloggar.hemmetsjournal.se\/anna\/wp-content\/uploads\/sites\/2\/2021\/11\/IMG_0493-1024x768.jpeg\" alt=\"\" class=\"wp-image-15531\" srcset=\"https:\/\/bloggar.hemmetsjournal.se\/anna\/wp-content\/uploads\/sites\/2\/2021\/11\/IMG_0493-1024x768.jpeg 1024w, https:\/\/bloggar.hemmetsjournal.se\/anna\/wp-content\/uploads\/sites\/2\/2021\/11\/IMG_0493-300x225.jpeg 300w, https:\/\/bloggar.hemmetsjournal.se\/anna\/wp-content\/uploads\/sites\/2\/2021\/11\/IMG_0493-768x576.jpeg 768w, https:\/\/bloggar.hemmetsjournal.se\/anna\/wp-content\/uploads\/sites\/2\/2021\/11\/IMG_0493-953x715.jpeg 953w, https:\/\/bloggar.hemmetsjournal.se\/anna\/wp-content\/uploads\/sites\/2\/2021\/11\/IMG_0493-483x362.jpeg 483w, https:\/\/bloggar.hemmetsjournal.se\/anna\/wp-content\/uploads\/sites\/2\/2021\/11\/IMG_0493-360x270.jpeg 360w, https:\/\/bloggar.hemmetsjournal.se\/anna\/wp-content\/uploads\/sites\/2\/2021\/11\/IMG_0493-600x450.jpeg 600w, https:\/\/bloggar.hemmetsjournal.se\/anna\/wp-content\/uploads\/sites\/2\/2021\/11\/IMG_0493-263x197.jpeg 263w, https:\/\/bloggar.hemmetsjournal.se\/anna\/wp-content\/uploads\/sites\/2\/2021\/11\/IMG_0493-24x18.jpeg 24w, https:\/\/bloggar.hemmetsjournal.se\/anna\/wp-content\/uploads\/sites\/2\/2021\/11\/IMG_0493-36x27.jpeg 36w, https:\/\/bloggar.hemmetsjournal.se\/anna\/wp-content\/uploads\/sites\/2\/2021\/11\/IMG_0493-48x36.jpeg 48w, https:\/\/bloggar.hemmetsjournal.se\/anna\/wp-content\/uploads\/sites\/2\/2021\/11\/IMG_0493.jpeg 1280w\" sizes=\"(max-width: 1024px) 100vw, 1024px\" \/><\/figure>\n\n\n\n<p>Det blev ingen kladdkaka f\u00f6r mig idag, jag har f\u00f6rs\u00f6kt komma ifatt med allt m\u00f6jligt efter att ha varit sjuk &#8230; men h\u00e4r \u00e4r en som jag gjorde till min mammas stora f\u00f6delsedag i somras. Det \u00e4r en glutenfri variant p\u00e5 min och m\u00e5nga andras favorit, kladdkaka med havregryn, den som man bakar i l\u00e5ngpanna.<\/p>\n\n\n\n<p>Lite smuligare \u00e4n originalversionen blir det kanske, och precis som vanligt f\u00e5r man h\u00f6ra med de glutenintoleranta om havregrynen \u2014 en del som har haft intoleransen l\u00e4nge har inte \u00e4tit havregryn p\u00e5 m\u00e5nga \u00e5r eftersom \u201drent havre\u201d inte fanns n\u00e4r de b\u00f6rjade med glutenfri diet, och d\u00e5 kanske de undviker det fortfarande.<\/p>\n\n\n\n<p>Hallonen passar s\u00e5 otroligt bra ihop med chokladsmaken, men den som har g\u00e4ster som kanske inte vill ha dem kan f\u00f6rst\u00e5s gr\u00e4dda kakan som vanligt och servera f\u00e4rska eller passerade hallon till ist\u00e4llet.<\/p>\n\n\n\n<p>en l\u00e5ngpanna full<br>Ugn: 175\u00b0, ca 20 minuter<\/p>\n\n\n\n<p>300 g laktosfritt sm\u00f6r (mj\u00f6lkfritt margarin om n\u00e5gon inte t\u00e5l mj\u00f6lkprotein)<br>5 dl socker<br>2 dl havregryn (\u201dren havre\u201d fr\u00e5n glutenfritthyllan)<br>1\u00bd dl kakao<br>4 \u00e4gg<br>3 dl glutenfri mj\u00f6lmix<br>1 msk vaniljsocker<\/p>\n\n\n\n<p><em>ovanp\u00e5:<\/em><br>2 dl hallon (lite mindre och lite mer g\u00e5r ocks\u00e5 bra)<\/p>\n\n\n\n<p>Sm\u00e4lt sm\u00f6ret i en ganska stor gryta och r\u00f6r ner \u00f6vriga ingredienser. H\u00e4ll smeten i en papperskl\u00e4dd l\u00e5ngpanna. Sprid ut hallonen ovanp\u00e5. Gr\u00e4dda i 175 graders ugnsv\u00e4rme \u2014 en kaka utan b\u00e4r brukar bli lagom n\u00e4r man gr\u00e4ddar den i ungef\u00e4r 20 minuter, och man kan l\u00e4gga till ett par minuter f\u00f6r hallonens skull eftersom de g\u00f6r kakan lite bl\u00f6tare.<\/p>\n\n\n\n<p>L\u00e5t kakan svalna och sk\u00e4r den i bitar n\u00e4r den \u00e4r ljummen.<\/p>\n\n\n\n<p>Servera dem som de \u00e4r eller med glass eller gr\u00e4dde eller kanske turkisk yoghurt!<\/p>\n","protected":false},"excerpt":{"rendered":"<p>Det blev ingen kladdkaka f\u00f6r mig idag, jag har f\u00f6rs\u00f6kt komma ifatt med allt m\u00f6jligt efter att ha varit sjuk &#8230; men h\u00e4r \u00e4r en som jag gjorde till min mammas stora f\u00f6delsedag i somras. Det \u00e4r en glutenfri variant p\u00e5 min och m\u00e5nga andras favorit, kladdkaka med havregryn, den som man bakar i l\u00e5ngpanna&#8230;.<\/p>\n","protected":false},"author":31,"featured_media":0,"comment_status":"closed","ping_status":"closed","sticky":false,"template":"","format":"standard","meta":{"site-sidebar-layout":"default","site-content-layout":"","ast-site-content-layout":"default","site-content-style":"default","site-sidebar-style":"default","ast-global-header-display":"","ast-banner-title-visibility":"","ast-main-header-display":"","ast-hfb-above-header-display":"","ast-hfb-below-header-display":"","ast-hfb-mobile-header-display":"","site-post-title":"","ast-breadcrumbs-content":"","ast-featured-img":"","footer-sml-layout":"","ast-disable-related-posts":"","theme-transparent-header-meta":"","adv-header-id-meta":"","stick-header-meta":"","header-above-stick-meta":"","header-main-stick-meta":"","header-below-stick-meta":"","astra-migrate-meta-layouts":"default","ast-page-background-enabled":"default","ast-page-background-meta":{"desktop":{"background-color":"var(--ast-global-color-4)","background-image":"","background-repeat":"repeat","background-position":"center center","background-size":"auto","background-attachment":"scroll","background-type":"","background-media":"","overlay-type":"","overlay-color":"","overlay-opacity":"","overlay-gradient":""},"tablet":{"background-color":"","background-image":"","background-repeat":"repeat","background-position":"center center","background-size":"auto","background-attachment":"scroll","background-type":"","background-media":"","overlay-type":"","overlay-color":"","overlay-opacity":"","overlay-gradient":""},"mobile":{"background-color":"","background-image":"","background-repeat":"repeat","background-position":"center center","background-size":"auto","background-attachment":"scroll","background-type":"","background-media":"","overlay-type":"","overlay-color":"","overlay-opacity":"","overlay-gradient":""}},"ast-content-background-meta":{"desktop":{"background-color":"var(--ast-global-color-5)","background-image":"","background-repeat":"repeat","background-position":"center center","background-size":"auto","background-attachment":"scroll","background-type":"","background-media":"","overlay-type":"","overlay-color":"","overlay-opacity":"","overlay-gradient":""},"tablet":{"background-color":"var(--ast-global-color-5)","background-image":"","background-repeat":"repeat","background-position":"center center","background-size":"auto","background-attachment":"scroll","background-type":"","background-media":"","overlay-type":"","overlay-color":"","overlay-opacity":"","overlay-gradient":""},"mobile":{"background-color":"var(--ast-global-color-5)","background-image":"","background-repeat":"repeat","background-position":"center center","background-size":"auto","background-attachment":"scroll","background-type":"","background-media":"","overlay-type":"","overlay-color":"","overlay-opacity":"","overlay-gradient":""}},"footnotes":""},"categories":[358,348],"tags":[],"class_list":["post-15530","post","type-post","status-publish","format-standard","hentry","category-glutenfritt","category-recept"],"_links":{"self":[{"href":"https:\/\/bloggar.hemmetsjournal.se\/anna\/wp-json\/wp\/v2\/posts\/15530"}],"collection":[{"href":"https:\/\/bloggar.hemmetsjournal.se\/anna\/wp-json\/wp\/v2\/posts"}],"about":[{"href":"https:\/\/bloggar.hemmetsjournal.se\/anna\/wp-json\/wp\/v2\/types\/post"}],"author":[{"embeddable":true,"href":"https:\/\/bloggar.hemmetsjournal.se\/anna\/wp-json\/wp\/v2\/users\/31"}],"replies":[{"embeddable":true,"href":"https:\/\/bloggar.hemmetsjournal.se\/anna\/wp-json\/wp\/v2\/comments?post=15530"}],"version-history":[{"count":1,"href":"https:\/\/bloggar.hemmetsjournal.se\/anna\/wp-json\/wp\/v2\/posts\/15530\/revisions"}],"predecessor-version":[{"id":15532,"href":"https:\/\/bloggar.hemmetsjournal.se\/anna\/wp-json\/wp\/v2\/posts\/15530\/revisions\/15532"}],"wp:attachment":[{"href":"https:\/\/bloggar.hemmetsjournal.se\/anna\/wp-json\/wp\/v2\/media?parent=15530"}],"wp:term":[{"taxonomy":"category","embeddable":true,"href":"https:\/\/bloggar.hemmetsjournal.se\/anna\/wp-json\/wp\/v2\/categories?post=15530"},{"taxonomy":"post_tag","embeddable":true,"href":"https:\/\/bloggar.hemmetsjournal.se\/anna\/wp-json\/wp\/v2\/tags?post=15530"}],"curies":[{"name":"wp","href":"https:\/\/api.w.org\/{rel}","templated":true}]}}