{"id":14271,"date":"2021-03-09T09:09:39","date_gmt":"2021-03-09T07:09:39","guid":{"rendered":"https:\/\/bloggar.hemmetsjournal.se\/anna\/?p=14271"},"modified":"2021-03-09T10:54:01","modified_gmt":"2021-03-09T08:54:01","slug":"pasken-kommer-i-ar-ocksa","status":"publish","type":"post","link":"https:\/\/bloggar.hemmetsjournal.se\/anna\/2021\/pasken-kommer-i-ar-ocksa\/","title":{"rendered":"P\u00e5sken kommer i \u00e5r ocks\u00e5"},"content":{"rendered":"\n<figure class=\"wp-block-image\"><img loading=\"lazy\" decoding=\"async\" width=\"860\" height=\"1024\" src=\"https:\/\/bloggar.hemmetsjournal.se\/anna\/wp-content\/uploads\/sites\/2\/2021\/03\/kalmar_pask_2021-5-mars-01-860x1024.jpg\" alt=\"\" class=\"wp-image-14272\" srcset=\"https:\/\/bloggar.hemmetsjournal.se\/anna\/wp-content\/uploads\/sites\/2\/2021\/03\/kalmar_pask_2021-5-mars-01-860x1024.jpg 860w, https:\/\/bloggar.hemmetsjournal.se\/anna\/wp-content\/uploads\/sites\/2\/2021\/03\/kalmar_pask_2021-5-mars-01-252x300.jpg 252w, https:\/\/bloggar.hemmetsjournal.se\/anna\/wp-content\/uploads\/sites\/2\/2021\/03\/kalmar_pask_2021-5-mars-01-768x914.jpg 768w, https:\/\/bloggar.hemmetsjournal.se\/anna\/wp-content\/uploads\/sites\/2\/2021\/03\/kalmar_pask_2021-5-mars-01-600x714.jpg 600w, https:\/\/bloggar.hemmetsjournal.se\/anna\/wp-content\/uploads\/sites\/2\/2021\/03\/kalmar_pask_2021-5-mars-01-420x500.jpg 420w, https:\/\/bloggar.hemmetsjournal.se\/anna\/wp-content\/uploads\/sites\/2\/2021\/03\/kalmar_pask_2021-5-mars-01-360x429.jpg 360w, https:\/\/bloggar.hemmetsjournal.se\/anna\/wp-content\/uploads\/sites\/2\/2021\/03\/kalmar_pask_2021-5-mars-01-221x263.jpg 221w, https:\/\/bloggar.hemmetsjournal.se\/anna\/wp-content\/uploads\/sites\/2\/2021\/03\/kalmar_pask_2021-5-mars-01-20x24.jpg 20w, https:\/\/bloggar.hemmetsjournal.se\/anna\/wp-content\/uploads\/sites\/2\/2021\/03\/kalmar_pask_2021-5-mars-01-30x36.jpg 30w, https:\/\/bloggar.hemmetsjournal.se\/anna\/wp-content\/uploads\/sites\/2\/2021\/03\/kalmar_pask_2021-5-mars-01-40x48.jpg 40w, https:\/\/bloggar.hemmetsjournal.se\/anna\/wp-content\/uploads\/sites\/2\/2021\/03\/kalmar_pask_2021-5-mars-01.jpg 1075w\" sizes=\"(max-width: 860px) 100vw, 860px\" \/><\/figure>\n\n\n\n<p>Nu \u00e4r <strong>Maria <\/strong>och jag klara med det h\u00e4r magasinet, det tredje lite st\u00f6rre h\u00e4r i Kalmar, och det sista innan jag slutar som kommunikat\u00f6r i pastoratet. <strong>Malin <\/strong>har gjort t\u00e5rta och pyssel, <strong>Joel<\/strong> har gjort spellista, <strong>Peter<\/strong> har skrivit kr\u00f6nika, det finns tre glimtar av p\u00e5skber\u00e4ttelsen ur<strong> Ylva Eggehor<\/strong>ns bok <em>En v\u00e4n fr\u00e5n himlen<\/em>, <strong>Lotta <\/strong>och <strong>Salome <\/strong>och ganska m\u00e5nga andra har ritat, <strong>Agneta <\/strong>har intervjuat och gjort ett p\u00e5sklandskap, och m\u00e5nga (<strong>Mika<\/strong>, <strong>Anita<\/strong>, <strong>Ulf<\/strong>, <strong>Susanne<\/strong>, <strong>Anna<\/strong>, <strong>Staffan<\/strong> &#8230;) har st\u00e4llt upp och ber\u00e4ttat om olika saker som h\u00e4nder. Det trycks lokalt h\u00e4r i Kalmar, p\u00e5 Lenanders d\u00e4r <strong>Maggis <\/strong>\u00e4r en p\u00e5litlig samordnare. F\u00f6r en som \u00e4lskar samarbete \u00e4r det ett r\u00e4tt fint s\u00e4tt att avsluta det hela \u00e4nd\u00e5!<\/p>\n\n\n\n<p>Det ska delas ut till alla hush\u00e5ll i pastoratet torsdagen f\u00f6re palms\u00f6ndagen, och <a href=\"https:\/\/issuu.com\/anneli_dennersten\/docs\/magasin_p_sken_kommer_med_hopp_och_liv_enkelsidig\">redan nu kan man l\u00e4sa det p\u00e5 Issuu<\/a>. Om n\u00e5got Kalmarv\u00e4n p\u00e5 annat h\u00e5ll vill ha det med posten, s\u00e4g till s\u00e5 f\u00e5r tryckeriet adressen!<\/p>\n","protected":false},"excerpt":{"rendered":"<p>Nu \u00e4r Maria och jag klara med det h\u00e4r magasinet, det tredje lite st\u00f6rre h\u00e4r i Kalmar, och det sista innan jag slutar som kommunikat\u00f6r i pastoratet. Malin har gjort t\u00e5rta och pyssel, Joel har gjort spellista, Peter har skrivit kr\u00f6nika, det finns tre glimtar av p\u00e5skber\u00e4ttelsen ur Ylva Eggehorns bok En v\u00e4n fr\u00e5n himlen,&#8230;<\/p>\n","protected":false},"author":31,"featured_media":0,"comment_status":"closed","ping_status":"closed","sticky":false,"template":"","format":"standard","meta":{"site-sidebar-layout":"default","site-content-layout":"","ast-site-content-layout":"default","site-content-style":"default","site-sidebar-style":"default","ast-global-header-display":"","ast-banner-title-visibility":"","ast-main-header-display":"","ast-hfb-above-header-display":"","ast-hfb-below-header-display":"","ast-hfb-mobile-header-display":"","site-post-title":"","ast-breadcrumbs-content":"","ast-featured-img":"","footer-sml-layout":"","ast-disable-related-posts":"","theme-transparent-header-meta":"","adv-header-id-meta":"","stick-header-meta":"","header-above-stick-meta":"","header-main-stick-meta":"","header-below-stick-meta":"","astra-migrate-meta-layouts":"default","ast-page-background-enabled":"default","ast-page-background-meta":{"desktop":{"background-color":"var(--ast-global-color-4)","background-image":"","background-repeat":"repeat","background-position":"center center","background-size":"auto","background-attachment":"scroll","background-type":"","background-media":"","overlay-type":"","overlay-color":"","overlay-opacity":"","overlay-gradient":""},"tablet":{"background-color":"","background-image":"","background-repeat":"repeat","background-position":"center center","background-size":"auto","background-attachment":"scroll","background-type":"","background-media":"","overlay-type":"","overlay-color":"","overlay-opacity":"","overlay-gradient":""},"mobile":{"background-color":"","background-image":"","background-repeat":"repeat","background-position":"center center","background-size":"auto","background-attachment":"scroll","background-type":"","background-media":"","overlay-type":"","overlay-color":"","overlay-opacity":"","overlay-gradient":""}},"ast-content-background-meta":{"desktop":{"background-color":"var(--ast-global-color-5)","background-image":"","background-repeat":"repeat","background-position":"center center","background-size":"auto","background-attachment":"scroll","background-type":"","background-media":"","overlay-type":"","overlay-color":"","overlay-opacity":"","overlay-gradient":""},"tablet":{"background-color":"var(--ast-global-color-5)","background-image":"","background-repeat":"repeat","background-position":"center center","background-size":"auto","background-attachment":"scroll","background-type":"","background-media":"","overlay-type":"","overlay-color":"","overlay-opacity":"","overlay-gradient":""},"mobile":{"background-color":"var(--ast-global-color-5)","background-image":"","background-repeat":"repeat","background-position":"center center","background-size":"auto","background-attachment":"scroll","background-type":"","background-media":"","overlay-type":"","overlay-color":"","overlay-opacity":"","overlay-gradient":""}},"footnotes":""},"categories":[101],"tags":[],"class_list":["post-14271","post","type-post","status-publish","format-standard","hentry","category-lastips"],"_links":{"self":[{"href":"https:\/\/bloggar.hemmetsjournal.se\/anna\/wp-json\/wp\/v2\/posts\/14271"}],"collection":[{"href":"https:\/\/bloggar.hemmetsjournal.se\/anna\/wp-json\/wp\/v2\/posts"}],"about":[{"href":"https:\/\/bloggar.hemmetsjournal.se\/anna\/wp-json\/wp\/v2\/types\/post"}],"author":[{"embeddable":true,"href":"https:\/\/bloggar.hemmetsjournal.se\/anna\/wp-json\/wp\/v2\/users\/31"}],"replies":[{"embeddable":true,"href":"https:\/\/bloggar.hemmetsjournal.se\/anna\/wp-json\/wp\/v2\/comments?post=14271"}],"version-history":[{"count":2,"href":"https:\/\/bloggar.hemmetsjournal.se\/anna\/wp-json\/wp\/v2\/posts\/14271\/revisions"}],"predecessor-version":[{"id":14274,"href":"https:\/\/bloggar.hemmetsjournal.se\/anna\/wp-json\/wp\/v2\/posts\/14271\/revisions\/14274"}],"wp:attachment":[{"href":"https:\/\/bloggar.hemmetsjournal.se\/anna\/wp-json\/wp\/v2\/media?parent=14271"}],"wp:term":[{"taxonomy":"category","embeddable":true,"href":"https:\/\/bloggar.hemmetsjournal.se\/anna\/wp-json\/wp\/v2\/categories?post=14271"},{"taxonomy":"post_tag","embeddable":true,"href":"https:\/\/bloggar.hemmetsjournal.se\/anna\/wp-json\/wp\/v2\/tags?post=14271"}],"curies":[{"name":"wp","href":"https:\/\/api.w.org\/{rel}","templated":true}]}}