{"id":1413,"date":"2017-01-07T09:39:22","date_gmt":"2017-01-07T07:39:22","guid":{"rendered":"https:\/\/bloggar.hemmetsjournal.se\/anna\/?p=1413"},"modified":"2017-01-10T10:23:18","modified_gmt":"2017-01-10T08:23:18","slug":"en-luvjacka-pa-gang","status":"publish","type":"post","link":"https:\/\/bloggar.hemmetsjournal.se\/anna\/2017\/en-luvjacka-pa-gang\/","title":{"rendered":"En luvjacka p\u00e5 g\u00e5ng"},"content":{"rendered":"<p>Det \u00e4r flera som har fr\u00e5gat om man inte kan sticka <a href=\"https:\/\/www.jarbo.se\/tva-tradandars-lilla-kofta\/\">Tv\u00e5 tr\u00e5d\u00e4ndars lilla kofta<\/a> eller <a href=\"https:\/\/www.jarbo.se\/lilla-tuffing\/\">Lilla tuffing<\/a> med luva &#8212; och det borde man ju kunna. Men hur stickar man en luva? En som har r\u00e4tt form, \u00e4r lagom stor och inte beh\u00f6ver monteras i efterhand?<\/p>\n<p>Det blev nog tv\u00e5 eller tre starter som jag rev upp innan jag kom p\u00e5 den h\u00e4r.<\/p>\n<p><img loading=\"lazy\" decoding=\"async\" class=\"alignnone size-full wp-image-1414\" src=\"https:\/\/bloggar.hemmetsjournal.se\/anna\/wp-content\/uploads\/sites\/2\/2017\/01\/DSC_2270.jpg\" alt=\"\" width=\"569\" height=\"853\" \/><\/p>\n<p>F\u00f6r enkelhetens skull hade jag min &#8221;grundstorlek&#8221; till Tv\u00e5 tr\u00e5d\u00e4ndars lilla kofta som mall, och det innebar att jag beh\u00f6vde 59 maskor. D\u00e4rf\u00f6r b\u00f6rjade jag med 11 och stickade dem i r\u00e4tstickning i 48 varv. Sedan plockade jag upp 24 maskor utmed vardera sidan. Simsalabim! Och n\u00e4r jag tyckte att luvan var lagom stor b\u00f6rjade jag med raglan\u00f6kningarna.<\/p>\n<p>Resultatet?<\/p>\n<p><img loading=\"lazy\" decoding=\"async\" class=\"alignnone size-full wp-image-1416\" src=\"https:\/\/bloggar.hemmetsjournal.se\/anna\/wp-content\/uploads\/sites\/2\/2017\/01\/DSC_2297.jpg\" alt=\"\" width=\"569\" height=\"853\" \/><\/p>\n<p>N\u00e5got \u00e5t det h\u00e4r h\u00e5llet. Eller r\u00e4ttare sagt: exakt s\u00e5h\u00e4r blev det, men exakt s\u00e5h\u00e4r hade jag inte t\u00e4nkt att det skulle bli.<\/p>\n<p>Luvan \u00e4r nog aningen f\u00f6r liten i f\u00f6rh\u00e5llande till resten (att jag inte stickade \u00e4rmar berodde p\u00e5 att jag ins\u00e5g att garnet inte skulle r\u00e4cka &#8212; det \u00e4r ett 1970-tals-akrylgarn som jag fick av Christina Duvenett f\u00f6r\u00a0ett tag sedan). Antagligen blir det ocks\u00e5 l\u00e4tt obekv\u00e4mt att kn\u00e4ppa \u00f6versta knappen. Vad tror ni? De f\u00f6rsta luvorna som jag stickade var rundare baktill, men de blev ocks\u00e5 kr\u00e5ngligare. Skulle jag ha gjort en luva med 59 maskor, minskat med tio i nacken p\u00e5 slutet och lagt upp fem nya i vardera kanten till kn\u00e4ppningen? Skulle jag ha gjort fyra varv res\u00e5r som h\u00e5ller in lite grann innan jag b\u00f6rjade med \u00f6kningarna?<\/p>\n<p>\u00c4r det n\u00e5gon som har en bra id\u00e9 till l\u00f6sning? Eller ska jag skriva ut beskrivningen som den \u00e4r, s\u00e5 att den som vill kan prova?<\/p>\n<p><img loading=\"lazy\" decoding=\"async\" class=\"alignnone size-full wp-image-1417\" src=\"https:\/\/bloggar.hemmetsjournal.se\/anna\/wp-content\/uploads\/sites\/2\/2017\/01\/DSC_2269.jpg\" alt=\"\" width=\"569\" height=\"853\" \/><\/p>\n<p>Knapparna fick jag av min v\u00e4ninna <strong>Ita<\/strong> n\u00e4r jag var i <strong>Riga<\/strong> f\u00f6rra veckan (det var d\u00e4r jag stickade det mesta av v\u00e4sten). Det lustiga \u00e4r att hon hade f\u00e5tt dem av mig f\u00f6r ett par \u00e5r sedan. Jag k\u00f6pte dem fr\u00e5n <a href=\"https:\/\/majasmanufaktur.tictail.com\/\">Majas Manufaktur<\/a>.<\/p>\n<p>Och v\u00e4sten \u00e5ker i all sin ofullkomlighet till lille <strong>Leo<\/strong> i <strong>Frankrike\u00a0<\/strong>inom kort. Jag tr\u00e4ffade hans f\u00f6r\u00e4ldrar i Taiz\u00e9. Br\u00f6derna i Taiz\u00e9 har k\u00e5por p\u00e5 sig i kyrkan, och de k\u00e5porna har luvor, men jag har aldrig sett n\u00e5gon av dem anv\u00e4nda luvan. S\u00e5 Leos mamma och pappa kommer att f\u00f6rst\u00e5 hur bra som helst om jag skriver att det h\u00e4r \u00e4r en luva som mest \u00e4r till dekoration &#8230; S\u00e5 snart jag har kommit p\u00e5 n\u00e5got b\u00e4ttre (kanske med hj\u00e4lp av er) f\u00e5r jag sticka en ny v\u00e4st eller kofta \u00e5t honom.<\/p>\n","protected":false},"excerpt":{"rendered":"<p>Det \u00e4r flera som har fr\u00e5gat om man inte kan sticka Tv\u00e5 tr\u00e5d\u00e4ndars lilla kofta eller Lilla tuffing med luva &#8212; och det borde man ju kunna. Men hur stickar man en luva? En som har r\u00e4tt form, \u00e4r lagom stor och inte beh\u00f6ver monteras i efterhand? Det blev nog tv\u00e5 eller tre starter som&#8230;<\/p>\n","protected":false},"author":31,"featured_media":0,"comment_status":"closed","ping_status":"closed","sticky":false,"template":"","format":"standard","meta":{"site-sidebar-layout":"default","site-content-layout":"","ast-site-content-layout":"default","site-content-style":"default","site-sidebar-style":"default","ast-global-header-display":"","ast-banner-title-visibility":"","ast-main-header-display":"","ast-hfb-above-header-display":"","ast-hfb-below-header-display":"","ast-hfb-mobile-header-display":"","site-post-title":"","ast-breadcrumbs-content":"","ast-featured-img":"","footer-sml-layout":"","ast-disable-related-posts":"","theme-transparent-header-meta":"","adv-header-id-meta":"","stick-header-meta":"","header-above-stick-meta":"","header-main-stick-meta":"","header-below-stick-meta":"","astra-migrate-meta-layouts":"default","ast-page-background-enabled":"default","ast-page-background-meta":{"desktop":{"background-color":"var(--ast-global-color-4)","background-image":"","background-repeat":"repeat","background-position":"center center","background-size":"auto","background-attachment":"scroll","background-type":"","background-media":"","overlay-type":"","overlay-color":"","overlay-opacity":"","overlay-gradient":""},"tablet":{"background-color":"","background-image":"","background-repeat":"repeat","background-position":"center center","background-size":"auto","background-attachment":"scroll","background-type":"","background-media":"","overlay-type":"","overlay-color":"","overlay-opacity":"","overlay-gradient":""},"mobile":{"background-color":"","background-image":"","background-repeat":"repeat","background-position":"center center","background-size":"auto","background-attachment":"scroll","background-type":"","background-media":"","overlay-type":"","overlay-color":"","overlay-opacity":"","overlay-gradient":""}},"ast-content-background-meta":{"desktop":{"background-color":"var(--ast-global-color-5)","background-image":"","background-repeat":"repeat","background-position":"center center","background-size":"auto","background-attachment":"scroll","background-type":"","background-media":"","overlay-type":"","overlay-color":"","overlay-opacity":"","overlay-gradient":""},"tablet":{"background-color":"var(--ast-global-color-5)","background-image":"","background-repeat":"repeat","background-position":"center center","background-size":"auto","background-attachment":"scroll","background-type":"","background-media":"","overlay-type":"","overlay-color":"","overlay-opacity":"","overlay-gradient":""},"mobile":{"background-color":"var(--ast-global-color-5)","background-image":"","background-repeat":"repeat","background-position":"center center","background-size":"auto","background-attachment":"scroll","background-type":"","background-media":"","overlay-type":"","overlay-color":"","overlay-opacity":"","overlay-gradient":""}},"footnotes":""},"categories":[158,96],"tags":[],"class_list":["post-1413","post","type-post","status-publish","format-standard","hentry","category-experiment","category-tva-tradandars"],"_links":{"self":[{"href":"https:\/\/bloggar.hemmetsjournal.se\/anna\/wp-json\/wp\/v2\/posts\/1413"}],"collection":[{"href":"https:\/\/bloggar.hemmetsjournal.se\/anna\/wp-json\/wp\/v2\/posts"}],"about":[{"href":"https:\/\/bloggar.hemmetsjournal.se\/anna\/wp-json\/wp\/v2\/types\/post"}],"author":[{"embeddable":true,"href":"https:\/\/bloggar.hemmetsjournal.se\/anna\/wp-json\/wp\/v2\/users\/31"}],"replies":[{"embeddable":true,"href":"https:\/\/bloggar.hemmetsjournal.se\/anna\/wp-json\/wp\/v2\/comments?post=1413"}],"version-history":[{"count":5,"href":"https:\/\/bloggar.hemmetsjournal.se\/anna\/wp-json\/wp\/v2\/posts\/1413\/revisions"}],"predecessor-version":[{"id":1468,"href":"https:\/\/bloggar.hemmetsjournal.se\/anna\/wp-json\/wp\/v2\/posts\/1413\/revisions\/1468"}],"wp:attachment":[{"href":"https:\/\/bloggar.hemmetsjournal.se\/anna\/wp-json\/wp\/v2\/media?parent=1413"}],"wp:term":[{"taxonomy":"category","embeddable":true,"href":"https:\/\/bloggar.hemmetsjournal.se\/anna\/wp-json\/wp\/v2\/categories?post=1413"},{"taxonomy":"post_tag","embeddable":true,"href":"https:\/\/bloggar.hemmetsjournal.se\/anna\/wp-json\/wp\/v2\/tags?post=1413"}],"curies":[{"name":"wp","href":"https:\/\/api.w.org\/{rel}","templated":true}]}}