{"id":14017,"date":"2021-01-03T09:39:49","date_gmt":"2021-01-03T07:39:49","guid":{"rendered":"https:\/\/bloggar.hemmetsjournal.se\/anna\/?p=14017"},"modified":"2023-01-10T10:26:22","modified_gmt":"2023-01-10T09:26:22","slug":"ga-i-parad","status":"publish","type":"post","link":"https:\/\/bloggar.hemmetsjournal.se\/anna\/2021\/ga-i-parad\/","title":{"rendered":"G\u00e5 i parad"},"content":{"rendered":"\n<p>Det har h\u00e4nt att jag har f\u00e5tt h\u00f6ra att det \u00e4r lite v\u00e4l mycket Jane Austen p\u00e5 den h\u00e4r bloggen &#8230;<\/p>\n\n\n\n<p>&#8230; s\u00e5 jag m\u00e5ste b\u00f6rja dagens inl\u00e4gg med att ber\u00e4tta att det egentligen inte handlar s\u00e5 mycket om Jane Austen fast\u00e4n det kan se ut s\u00e5.<\/p>\n\n\n\n<p>Tidskriften som jag \u00e4r redakt\u00f6r f\u00f6r, ett frilansuppdrag som i ers\u00e4ttning motsvarar en mycket liten deltidstj\u00e4nst, har b\u00f6rjat p\u00e5 sin 175:e \u00e5rg\u00e5ng, och eftersom den ges ut av ett missionss\u00e4llskap (som fyllde 175 \u00e5r 2020) \u00e4r temat f\u00f6r jubileumsnumret &#8221;Att ber\u00e4tta om mission&#8221;.<\/p>\n\n\n\n<p>Bland mycket annat t\u00e4nkte jag att det numret borde inneh\u00e5lla ett portr\u00e4tt av <strong>St. John Rivers<\/strong>, en av litteraturhistoriens absolut mest k\u00e4nda mission\u00e4rer.<\/p>\n\n\n\n<figure class=\"wp-block-image\"><img loading=\"lazy\" decoding=\"async\" width=\"200\" height=\"286\" src=\"https:\/\/bloggar.hemmetsjournal.se\/anna\/wp-content\/uploads\/sites\/2\/2021\/01\/Charlotte-Bront\u00eb-CBRichmond.png\" alt=\"\" class=\"wp-image-14018\" srcset=\"https:\/\/bloggar.hemmetsjournal.se\/anna\/wp-content\/uploads\/sites\/2\/2021\/01\/Charlotte-Bront\u00eb-CBRichmond.png 200w, https:\/\/bloggar.hemmetsjournal.se\/anna\/wp-content\/uploads\/sites\/2\/2021\/01\/Charlotte-Bront\u00eb-CBRichmond-184x263.png 184w, https:\/\/bloggar.hemmetsjournal.se\/anna\/wp-content\/uploads\/sites\/2\/2021\/01\/Charlotte-Bront\u00eb-CBRichmond-17x24.png 17w, https:\/\/bloggar.hemmetsjournal.se\/anna\/wp-content\/uploads\/sites\/2\/2021\/01\/Charlotte-Bront\u00eb-CBRichmond-25x36.png 25w, https:\/\/bloggar.hemmetsjournal.se\/anna\/wp-content\/uploads\/sites\/2\/2021\/01\/Charlotte-Bront\u00eb-CBRichmond-34x48.png 34w\" sizes=\"(max-width: 200px) 100vw, 200px\" \/><figcaption>Charlotte Bront\u00eb &#8212; bild l\u00e5nad fr\u00e5n Wikimedia Commons<\/figcaption><\/figure>\n\n\n\n<p>P\u00e5 Wikimedia Commons hittade jag m\u00e5nga varianter av samma portr\u00e4tt av <strong>Charlotte Bront\u00eb<\/strong> som skrev <em>Jane Eyre<\/em>, den roman d\u00e4r han \u00e4r med.<\/p>\n\n\n\n<figure class=\"wp-block-image\"><img loading=\"lazy\" decoding=\"async\" width=\"455\" height=\"134\" src=\"https:\/\/bloggar.hemmetsjournal.se\/anna\/wp-content\/uploads\/sites\/2\/2021\/01\/Charlotte_Bronte_Signature.jpg\" alt=\"\" class=\"wp-image-14019\" srcset=\"https:\/\/bloggar.hemmetsjournal.se\/anna\/wp-content\/uploads\/sites\/2\/2021\/01\/Charlotte_Bronte_Signature.jpg 455w, https:\/\/bloggar.hemmetsjournal.se\/anna\/wp-content\/uploads\/sites\/2\/2021\/01\/Charlotte_Bronte_Signature-300x88.jpg 300w, https:\/\/bloggar.hemmetsjournal.se\/anna\/wp-content\/uploads\/sites\/2\/2021\/01\/Charlotte_Bronte_Signature-360x106.jpg 360w, https:\/\/bloggar.hemmetsjournal.se\/anna\/wp-content\/uploads\/sites\/2\/2021\/01\/Charlotte_Bronte_Signature-263x77.jpg 263w, https:\/\/bloggar.hemmetsjournal.se\/anna\/wp-content\/uploads\/sites\/2\/2021\/01\/Charlotte_Bronte_Signature-24x7.jpg 24w, https:\/\/bloggar.hemmetsjournal.se\/anna\/wp-content\/uploads\/sites\/2\/2021\/01\/Charlotte_Bronte_Signature-36x11.jpg 36w, https:\/\/bloggar.hemmetsjournal.se\/anna\/wp-content\/uploads\/sites\/2\/2021\/01\/Charlotte_Bronte_Signature-48x14.jpg 48w\" sizes=\"(max-width: 455px) 100vw, 455px\" \/><\/figure>\n\n\n\n<p>Och hennes namnteckning &#8230; och lite annat.<\/p>\n\n\n\n<p>Sedan t\u00e4nkte jag att systrarna Bront\u00ebs v\u00e4nner kan finnas b\u00e5de h\u00e4r och d\u00e4r, s\u00e5 jag s\u00f6kte p\u00e5 hennes namn p\u00e5 en bildbyr\u00e5 som heter Unsplash ocks\u00e5. Inget kom fram. D\u00e5 s\u00f6kte jag p\u00e5 Jane Eyre &#8212; och den h\u00e4r bilden d\u00f6k upp:<\/p>\n\n\n\n<figure class=\"wp-block-image\"><img loading=\"lazy\" decoding=\"async\" width=\"1010\" height=\"1024\" src=\"https:\/\/bloggar.hemmetsjournal.se\/anna\/wp-content\/uploads\/sites\/2\/2021\/01\/lse-library-1fdBu-kcXdI-unsplash-webb-1010x1024.jpg\" alt=\"\" class=\"wp-image-14020\" srcset=\"https:\/\/bloggar.hemmetsjournal.se\/anna\/wp-content\/uploads\/sites\/2\/2021\/01\/lse-library-1fdBu-kcXdI-unsplash-webb-1010x1024.jpg 1010w, https:\/\/bloggar.hemmetsjournal.se\/anna\/wp-content\/uploads\/sites\/2\/2021\/01\/lse-library-1fdBu-kcXdI-unsplash-webb-296x300.jpg 296w, https:\/\/bloggar.hemmetsjournal.se\/anna\/wp-content\/uploads\/sites\/2\/2021\/01\/lse-library-1fdBu-kcXdI-unsplash-webb-768x779.jpg 768w, https:\/\/bloggar.hemmetsjournal.se\/anna\/wp-content\/uploads\/sites\/2\/2021\/01\/lse-library-1fdBu-kcXdI-unsplash-webb-705x715.jpg 705w, https:\/\/bloggar.hemmetsjournal.se\/anna\/wp-content\/uploads\/sites\/2\/2021\/01\/lse-library-1fdBu-kcXdI-unsplash-webb-483x490.jpg 483w, https:\/\/bloggar.hemmetsjournal.se\/anna\/wp-content\/uploads\/sites\/2\/2021\/01\/lse-library-1fdBu-kcXdI-unsplash-webb-360x365.jpg 360w, https:\/\/bloggar.hemmetsjournal.se\/anna\/wp-content\/uploads\/sites\/2\/2021\/01\/lse-library-1fdBu-kcXdI-unsplash-webb-600x609.jpg 600w, https:\/\/bloggar.hemmetsjournal.se\/anna\/wp-content\/uploads\/sites\/2\/2021\/01\/lse-library-1fdBu-kcXdI-unsplash-webb-259x263.jpg 259w, https:\/\/bloggar.hemmetsjournal.se\/anna\/wp-content\/uploads\/sites\/2\/2021\/01\/lse-library-1fdBu-kcXdI-unsplash-webb-24x24.jpg 24w, https:\/\/bloggar.hemmetsjournal.se\/anna\/wp-content\/uploads\/sites\/2\/2021\/01\/lse-library-1fdBu-kcXdI-unsplash-webb-36x36.jpg 36w, https:\/\/bloggar.hemmetsjournal.se\/anna\/wp-content\/uploads\/sites\/2\/2021\/01\/lse-library-1fdBu-kcXdI-unsplash-webb-48x48.jpg 48w, https:\/\/bloggar.hemmetsjournal.se\/anna\/wp-content\/uploads\/sites\/2\/2021\/01\/lse-library-1fdBu-kcXdI-unsplash-webb.jpg 1262w\" sizes=\"(max-width: 1010px) 100vw, 1010px\" \/><figcaption>Jane Austen-baneret. Bild fr\u00e5n LSE Library, uppladdad p\u00e5 Unsplash<\/figcaption><\/figure>\n\n\n\n<p>Det var ju en feltr\u00e4ff, f\u00f6rfattaren Jane Austen ist\u00e4llet f\u00f6r boktiteln och romanfiguren Jane Eyre &#8212; men ett helt nytt \u00e4mne \u00f6ppnade sig!<\/p>\n\n\n\n<p><strong>Mary Lowndes<\/strong> var med i r\u00f6relsen f\u00f6r kvinnlig r\u00f6str\u00e4tt i Storbritannien, suffragetterna, och bidrog till den med sina mycket s\u00e4rskilda talanger.<\/p>\n\n\n\n<p>Inf\u00f6r en stor parad med kvinnor som alla ville ha r\u00f6str\u00e4tt och som representerade olika yrkesgrupper, olika kunskaper, olika platser och olika samh\u00e4llsframsteg gjorde hon skisser till baner. Hur m\u00e5nga som helst! Hennes suffragettv\u00e4nner fick mycket att g\u00f6ra med att skaffa material, m\u00e4ta, klippa, brodera och montera.<\/p>\n\n\n\n<p>Baneren bars i paraden den 13 juni 1908, och efter det spreds de f\u00f6r vindarna. En del har bevarats, som det baner som bars till Jane Austens \u00e4ra och hamnade i samlingarna i biblioteket p\u00e5 London School of Economics. Men alla skisser finns kvar, och Mary Lowndes skrev ocks\u00e5 en handbok f\u00f6r samtida och framtida banermakare.<\/p>\n\n\n\n<p><a href=\"https:\/\/artsandculture.google.com\/exhibit\/the-suffrage-banners-of-mary-lowndes\/WgLSU4yA_bcqLA\">L\u00e4s om dem h\u00e4r &#8212; strunta i att l\u00e4sa om det tar emot med engelska, men titta p\u00e5 bilderna!<\/a> Och kom ih\u00e5g alla de h\u00e4r kvinnorna som riskerade n\u00e4stan allt de redan hade lyckats \u00e5stadkomma i sina liv och i samh\u00e4llslivet f\u00f6r att f\u00e5 r\u00e4tten att r\u00f6sta i allm\u00e4nna val. S\u00e5 viktigt var det.<\/p>\n","protected":false},"excerpt":{"rendered":"<p>Det har h\u00e4nt att jag har f\u00e5tt h\u00f6ra att det \u00e4r lite v\u00e4l mycket Jane Austen p\u00e5 den h\u00e4r bloggen &#8230; &#8230; s\u00e5 jag m\u00e5ste b\u00f6rja dagens inl\u00e4gg med att ber\u00e4tta att det egentligen inte handlar s\u00e5 mycket om Jane Austen fast\u00e4n det kan se ut s\u00e5. Tidskriften som jag \u00e4r redakt\u00f6r f\u00f6r, ett frilansuppdrag&#8230;<\/p>\n","protected":false},"author":31,"featured_media":0,"comment_status":"closed","ping_status":"closed","sticky":false,"template":"","format":"standard","meta":{"site-sidebar-layout":"default","site-content-layout":"","ast-site-content-layout":"default","site-content-style":"default","site-sidebar-style":"default","ast-global-header-display":"","ast-banner-title-visibility":"","ast-main-header-display":"","ast-hfb-above-header-display":"","ast-hfb-below-header-display":"","ast-hfb-mobile-header-display":"","site-post-title":"","ast-breadcrumbs-content":"","ast-featured-img":"","footer-sml-layout":"","ast-disable-related-posts":"","theme-transparent-header-meta":"","adv-header-id-meta":"","stick-header-meta":"","header-above-stick-meta":"","header-main-stick-meta":"","header-below-stick-meta":"","astra-migrate-meta-layouts":"default","ast-page-background-enabled":"default","ast-page-background-meta":{"desktop":{"background-color":"var(--ast-global-color-4)","background-image":"","background-repeat":"repeat","background-position":"center center","background-size":"auto","background-attachment":"scroll","background-type":"","background-media":"","overlay-type":"","overlay-color":"","overlay-opacity":"","overlay-gradient":""},"tablet":{"background-color":"","background-image":"","background-repeat":"repeat","background-position":"center center","background-size":"auto","background-attachment":"scroll","background-type":"","background-media":"","overlay-type":"","overlay-color":"","overlay-opacity":"","overlay-gradient":""},"mobile":{"background-color":"","background-image":"","background-repeat":"repeat","background-position":"center center","background-size":"auto","background-attachment":"scroll","background-type":"","background-media":"","overlay-type":"","overlay-color":"","overlay-opacity":"","overlay-gradient":""}},"ast-content-background-meta":{"desktop":{"background-color":"var(--ast-global-color-5)","background-image":"","background-repeat":"repeat","background-position":"center center","background-size":"auto","background-attachment":"scroll","background-type":"","background-media":"","overlay-type":"","overlay-color":"","overlay-opacity":"","overlay-gradient":""},"tablet":{"background-color":"var(--ast-global-color-5)","background-image":"","background-repeat":"repeat","background-position":"center center","background-size":"auto","background-attachment":"scroll","background-type":"","background-media":"","overlay-type":"","overlay-color":"","overlay-opacity":"","overlay-gradient":""},"mobile":{"background-color":"var(--ast-global-color-5)","background-image":"","background-repeat":"repeat","background-position":"center center","background-size":"auto","background-attachment":"scroll","background-type":"","background-media":"","overlay-type":"","overlay-color":"","overlay-opacity":"","overlay-gradient":""}},"footnotes":""},"categories":[136,1635],"tags":[],"class_list":["post-14017","post","type-post","status-publish","format-standard","hentry","category-handarbetshistoria","category-jane-austen"],"_links":{"self":[{"href":"https:\/\/bloggar.hemmetsjournal.se\/anna\/wp-json\/wp\/v2\/posts\/14017"}],"collection":[{"href":"https:\/\/bloggar.hemmetsjournal.se\/anna\/wp-json\/wp\/v2\/posts"}],"about":[{"href":"https:\/\/bloggar.hemmetsjournal.se\/anna\/wp-json\/wp\/v2\/types\/post"}],"author":[{"embeddable":true,"href":"https:\/\/bloggar.hemmetsjournal.se\/anna\/wp-json\/wp\/v2\/users\/31"}],"replies":[{"embeddable":true,"href":"https:\/\/bloggar.hemmetsjournal.se\/anna\/wp-json\/wp\/v2\/comments?post=14017"}],"version-history":[{"count":3,"href":"https:\/\/bloggar.hemmetsjournal.se\/anna\/wp-json\/wp\/v2\/posts\/14017\/revisions"}],"predecessor-version":[{"id":14028,"href":"https:\/\/bloggar.hemmetsjournal.se\/anna\/wp-json\/wp\/v2\/posts\/14017\/revisions\/14028"}],"wp:attachment":[{"href":"https:\/\/bloggar.hemmetsjournal.se\/anna\/wp-json\/wp\/v2\/media?parent=14017"}],"wp:term":[{"taxonomy":"category","embeddable":true,"href":"https:\/\/bloggar.hemmetsjournal.se\/anna\/wp-json\/wp\/v2\/categories?post=14017"},{"taxonomy":"post_tag","embeddable":true,"href":"https:\/\/bloggar.hemmetsjournal.se\/anna\/wp-json\/wp\/v2\/tags?post=14017"}],"curies":[{"name":"wp","href":"https:\/\/api.w.org\/{rel}","templated":true}]}}