{"id":13610,"date":"2020-09-04T22:13:28","date_gmt":"2020-09-04T20:13:28","guid":{"rendered":"https:\/\/bloggar.hemmetsjournal.se\/anna\/?p=13610"},"modified":"2020-09-04T22:13:29","modified_gmt":"2020-09-04T20:13:29","slug":"rutfiltar-i-konsthall","status":"publish","type":"post","link":"https:\/\/bloggar.hemmetsjournal.se\/anna\/2020\/rutfiltar-i-konsthall\/","title":{"rendered":"Rutfiltar i konsthall"},"content":{"rendered":"\n<p>Minikonsthallen Kikain n\u00e4ra Kalmars j\u00e4rnv\u00e4gsstation har en extra fin utst\u00e4llning just nu.<\/p>\n\n\n\n<figure class=\"wp-block-image\"><img loading=\"lazy\" decoding=\"async\" width=\"1024\" height=\"683\" src=\"https:\/\/bloggar.hemmetsjournal.se\/anna\/wp-content\/uploads\/sites\/2\/2020\/09\/DSC_1835-1024x683.jpg\" alt=\"\" class=\"wp-image-13612\" srcset=\"https:\/\/bloggar.hemmetsjournal.se\/anna\/wp-content\/uploads\/sites\/2\/2020\/09\/DSC_1835-1024x683.jpg 1024w, https:\/\/bloggar.hemmetsjournal.se\/anna\/wp-content\/uploads\/sites\/2\/2020\/09\/DSC_1835-300x200.jpg 300w, https:\/\/bloggar.hemmetsjournal.se\/anna\/wp-content\/uploads\/sites\/2\/2020\/09\/DSC_1835-768x512.jpg 768w, https:\/\/bloggar.hemmetsjournal.se\/anna\/wp-content\/uploads\/sites\/2\/2020\/09\/DSC_1835-1536x1024.jpg 1536w, https:\/\/bloggar.hemmetsjournal.se\/anna\/wp-content\/uploads\/sites\/2\/2020\/09\/DSC_1835-1073x715.jpg 1073w, https:\/\/bloggar.hemmetsjournal.se\/anna\/wp-content\/uploads\/sites\/2\/2020\/09\/DSC_1835-483x322.jpg 483w, https:\/\/bloggar.hemmetsjournal.se\/anna\/wp-content\/uploads\/sites\/2\/2020\/09\/DSC_1835-360x240.jpg 360w, https:\/\/bloggar.hemmetsjournal.se\/anna\/wp-content\/uploads\/sites\/2\/2020\/09\/DSC_1835-600x400.jpg 600w, https:\/\/bloggar.hemmetsjournal.se\/anna\/wp-content\/uploads\/sites\/2\/2020\/09\/DSC_1835-263x175.jpg 263w, https:\/\/bloggar.hemmetsjournal.se\/anna\/wp-content\/uploads\/sites\/2\/2020\/09\/DSC_1835-24x16.jpg 24w, https:\/\/bloggar.hemmetsjournal.se\/anna\/wp-content\/uploads\/sites\/2\/2020\/09\/DSC_1835-36x24.jpg 36w, https:\/\/bloggar.hemmetsjournal.se\/anna\/wp-content\/uploads\/sites\/2\/2020\/09\/DSC_1835-48x32.jpg 48w, https:\/\/bloggar.hemmetsjournal.se\/anna\/wp-content\/uploads\/sites\/2\/2020\/09\/DSC_1835.jpg 2048w\" sizes=\"(max-width: 1024px) 100vw, 1024px\" \/><\/figure>\n\n\n\n<p>Det \u00e4r H\u00e4ndiga h\u00e4nder, handarbetsgruppen i Kalmar S:t Johannes f\u00f6rsamling, som har h\u00e4ngt upp sina rutfiltar. (P\u00e5 bilden h\u00e4r ovanf\u00f6r p\u00e5g\u00e5r diskussioner om exakt hur filtarna ska h\u00e4ngas &#8212; och jag var tvungen att g\u00e5 innan det blev klart, s\u00e5 jag ska g\u00e5 tillbaka snart.)<\/p>\n\n\n\n<figure class=\"wp-block-image\"><img loading=\"lazy\" decoding=\"async\" width=\"1024\" height=\"683\" src=\"https:\/\/bloggar.hemmetsjournal.se\/anna\/wp-content\/uploads\/sites\/2\/2020\/09\/DSC_1848-1024x683.jpg\" alt=\"\" class=\"wp-image-13613\" srcset=\"https:\/\/bloggar.hemmetsjournal.se\/anna\/wp-content\/uploads\/sites\/2\/2020\/09\/DSC_1848-1024x683.jpg 1024w, https:\/\/bloggar.hemmetsjournal.se\/anna\/wp-content\/uploads\/sites\/2\/2020\/09\/DSC_1848-300x200.jpg 300w, https:\/\/bloggar.hemmetsjournal.se\/anna\/wp-content\/uploads\/sites\/2\/2020\/09\/DSC_1848-768x512.jpg 768w, https:\/\/bloggar.hemmetsjournal.se\/anna\/wp-content\/uploads\/sites\/2\/2020\/09\/DSC_1848-1536x1024.jpg 1536w, https:\/\/bloggar.hemmetsjournal.se\/anna\/wp-content\/uploads\/sites\/2\/2020\/09\/DSC_1848-1073x715.jpg 1073w, https:\/\/bloggar.hemmetsjournal.se\/anna\/wp-content\/uploads\/sites\/2\/2020\/09\/DSC_1848-483x322.jpg 483w, https:\/\/bloggar.hemmetsjournal.se\/anna\/wp-content\/uploads\/sites\/2\/2020\/09\/DSC_1848-360x240.jpg 360w, https:\/\/bloggar.hemmetsjournal.se\/anna\/wp-content\/uploads\/sites\/2\/2020\/09\/DSC_1848-600x400.jpg 600w, https:\/\/bloggar.hemmetsjournal.se\/anna\/wp-content\/uploads\/sites\/2\/2020\/09\/DSC_1848-263x175.jpg 263w, https:\/\/bloggar.hemmetsjournal.se\/anna\/wp-content\/uploads\/sites\/2\/2020\/09\/DSC_1848-24x16.jpg 24w, https:\/\/bloggar.hemmetsjournal.se\/anna\/wp-content\/uploads\/sites\/2\/2020\/09\/DSC_1848-36x24.jpg 36w, https:\/\/bloggar.hemmetsjournal.se\/anna\/wp-content\/uploads\/sites\/2\/2020\/09\/DSC_1848-48x32.jpg 48w, https:\/\/bloggar.hemmetsjournal.se\/anna\/wp-content\/uploads\/sites\/2\/2020\/09\/DSC_1848.jpg 2048w\" sizes=\"(max-width: 1024px) 100vw, 1024px\" \/><\/figure>\n\n\n\n<p>Gruppens medlemmar har varit tvungna att h\u00e5lla sig isolerade sedan i mars, men tack vare att stickgruppen har setts i en stor lokal eller utomhus har flera av dem kunnat tr\u00e4ffas lite grann, och de som inte har varit med har h\u00e5llit kontakten \u00e4nd\u00e5. Trots att de b\u00f6rjade tillsammans f\u00f6r bara ett \u00e5r sedan har de hunnit med mycket!<\/p>\n\n\n\n<figure class=\"wp-block-image\"><img loading=\"lazy\" decoding=\"async\" width=\"1024\" height=\"683\" src=\"https:\/\/bloggar.hemmetsjournal.se\/anna\/wp-content\/uploads\/sites\/2\/2020\/09\/DSC_1849-1024x683.jpg\" alt=\"\" class=\"wp-image-13614\" srcset=\"https:\/\/bloggar.hemmetsjournal.se\/anna\/wp-content\/uploads\/sites\/2\/2020\/09\/DSC_1849-1024x683.jpg 1024w, https:\/\/bloggar.hemmetsjournal.se\/anna\/wp-content\/uploads\/sites\/2\/2020\/09\/DSC_1849-300x200.jpg 300w, https:\/\/bloggar.hemmetsjournal.se\/anna\/wp-content\/uploads\/sites\/2\/2020\/09\/DSC_1849-768x512.jpg 768w, https:\/\/bloggar.hemmetsjournal.se\/anna\/wp-content\/uploads\/sites\/2\/2020\/09\/DSC_1849-1536x1024.jpg 1536w, https:\/\/bloggar.hemmetsjournal.se\/anna\/wp-content\/uploads\/sites\/2\/2020\/09\/DSC_1849-1073x715.jpg 1073w, https:\/\/bloggar.hemmetsjournal.se\/anna\/wp-content\/uploads\/sites\/2\/2020\/09\/DSC_1849-483x322.jpg 483w, https:\/\/bloggar.hemmetsjournal.se\/anna\/wp-content\/uploads\/sites\/2\/2020\/09\/DSC_1849-360x240.jpg 360w, https:\/\/bloggar.hemmetsjournal.se\/anna\/wp-content\/uploads\/sites\/2\/2020\/09\/DSC_1849-600x400.jpg 600w, https:\/\/bloggar.hemmetsjournal.se\/anna\/wp-content\/uploads\/sites\/2\/2020\/09\/DSC_1849-263x175.jpg 263w, https:\/\/bloggar.hemmetsjournal.se\/anna\/wp-content\/uploads\/sites\/2\/2020\/09\/DSC_1849-24x16.jpg 24w, https:\/\/bloggar.hemmetsjournal.se\/anna\/wp-content\/uploads\/sites\/2\/2020\/09\/DSC_1849-36x24.jpg 36w, https:\/\/bloggar.hemmetsjournal.se\/anna\/wp-content\/uploads\/sites\/2\/2020\/09\/DSC_1849-48x32.jpg 48w, https:\/\/bloggar.hemmetsjournal.se\/anna\/wp-content\/uploads\/sites\/2\/2020\/09\/DSC_1849.jpg 2048w\" sizes=\"(max-width: 1024px) 100vw, 1024px\" \/><\/figure>\n\n\n\n<p>Tanken \u00e4r att filtarna ska s\u00e4ljas till f\u00f6rm\u00e5n f\u00f6r en insamling till ett barnhem och en skola i Nairobi. Dit skickas (n\u00e4r n\u00e5gon \u00e4nd\u00e5 reser) ocks\u00e5 alla de bindor som gruppen syr. S\u00e5 bindorna visas ocks\u00e5 i minikonsthallen. Det \u00e4r n\u00e4stan s\u00e5 att jag hoppas att n\u00e5gon blir uppr\u00f6rd \u00f6ver att bindor har hamnat i en konsthall &#8212; det skulle ju skapa ett lysande tillf\u00e4lle att ber\u00e4tta f\u00f6r fler om problemet att s\u00e5 m\u00e5nga flickor i v\u00e4rlden ramlar ur skolan av en s\u00e5 dum orsak som den att de inte har mensskydd.<\/p>\n\n\n\n<p>Heja H\u00e4ndiga h\u00e4nder!<\/p>\n","protected":false},"excerpt":{"rendered":"<p>Minikonsthallen Kikain n\u00e4ra Kalmars j\u00e4rnv\u00e4gsstation har en extra fin utst\u00e4llning just nu. Det \u00e4r H\u00e4ndiga h\u00e4nder, handarbetsgruppen i Kalmar S:t Johannes f\u00f6rsamling, som har h\u00e4ngt upp sina rutfiltar. (P\u00e5 bilden h\u00e4r ovanf\u00f6r p\u00e5g\u00e5r diskussioner om exakt hur filtarna ska h\u00e4ngas &#8212; och jag var tvungen att g\u00e5 innan det blev klart, s\u00e5 jag ska g\u00e5&#8230;<\/p>\n","protected":false},"author":31,"featured_media":0,"comment_status":"closed","ping_status":"closed","sticky":false,"template":"","format":"standard","meta":{"site-sidebar-layout":"default","site-content-layout":"","ast-site-content-layout":"default","site-content-style":"default","site-sidebar-style":"default","ast-global-header-display":"","ast-banner-title-visibility":"","ast-main-header-display":"","ast-hfb-above-header-display":"","ast-hfb-below-header-display":"","ast-hfb-mobile-header-display":"","site-post-title":"","ast-breadcrumbs-content":"","ast-featured-img":"","footer-sml-layout":"","ast-disable-related-posts":"","theme-transparent-header-meta":"","adv-header-id-meta":"","stick-header-meta":"","header-above-stick-meta":"","header-main-stick-meta":"","header-below-stick-meta":"","astra-migrate-meta-layouts":"default","ast-page-background-enabled":"default","ast-page-background-meta":{"desktop":{"background-color":"var(--ast-global-color-4)","background-image":"","background-repeat":"repeat","background-position":"center center","background-size":"auto","background-attachment":"scroll","background-type":"","background-media":"","overlay-type":"","overlay-color":"","overlay-opacity":"","overlay-gradient":""},"tablet":{"background-color":"","background-image":"","background-repeat":"repeat","background-position":"center center","background-size":"auto","background-attachment":"scroll","background-type":"","background-media":"","overlay-type":"","overlay-color":"","overlay-opacity":"","overlay-gradient":""},"mobile":{"background-color":"","background-image":"","background-repeat":"repeat","background-position":"center center","background-size":"auto","background-attachment":"scroll","background-type":"","background-media":"","overlay-type":"","overlay-color":"","overlay-opacity":"","overlay-gradient":""}},"ast-content-background-meta":{"desktop":{"background-color":"var(--ast-global-color-5)","background-image":"","background-repeat":"repeat","background-position":"center center","background-size":"auto","background-attachment":"scroll","background-type":"","background-media":"","overlay-type":"","overlay-color":"","overlay-opacity":"","overlay-gradient":""},"tablet":{"background-color":"var(--ast-global-color-5)","background-image":"","background-repeat":"repeat","background-position":"center center","background-size":"auto","background-attachment":"scroll","background-type":"","background-media":"","overlay-type":"","overlay-color":"","overlay-opacity":"","overlay-gradient":""},"mobile":{"background-color":"var(--ast-global-color-5)","background-image":"","background-repeat":"repeat","background-position":"center center","background-size":"auto","background-attachment":"scroll","background-type":"","background-media":"","overlay-type":"","overlay-color":"","overlay-opacity":"","overlay-gradient":""}},"footnotes":""},"categories":[167,1101],"tags":[1445,189,1565],"class_list":["post-13610","post","type-post","status-publish","format-standard","hentry","category-filtar","category-kenya","tag-kalmar","tag-kenya","tag-mensskydd"],"_links":{"self":[{"href":"https:\/\/bloggar.hemmetsjournal.se\/anna\/wp-json\/wp\/v2\/posts\/13610"}],"collection":[{"href":"https:\/\/bloggar.hemmetsjournal.se\/anna\/wp-json\/wp\/v2\/posts"}],"about":[{"href":"https:\/\/bloggar.hemmetsjournal.se\/anna\/wp-json\/wp\/v2\/types\/post"}],"author":[{"embeddable":true,"href":"https:\/\/bloggar.hemmetsjournal.se\/anna\/wp-json\/wp\/v2\/users\/31"}],"replies":[{"embeddable":true,"href":"https:\/\/bloggar.hemmetsjournal.se\/anna\/wp-json\/wp\/v2\/comments?post=13610"}],"version-history":[{"count":1,"href":"https:\/\/bloggar.hemmetsjournal.se\/anna\/wp-json\/wp\/v2\/posts\/13610\/revisions"}],"predecessor-version":[{"id":13615,"href":"https:\/\/bloggar.hemmetsjournal.se\/anna\/wp-json\/wp\/v2\/posts\/13610\/revisions\/13615"}],"wp:attachment":[{"href":"https:\/\/bloggar.hemmetsjournal.se\/anna\/wp-json\/wp\/v2\/media?parent=13610"}],"wp:term":[{"taxonomy":"category","embeddable":true,"href":"https:\/\/bloggar.hemmetsjournal.se\/anna\/wp-json\/wp\/v2\/categories?post=13610"},{"taxonomy":"post_tag","embeddable":true,"href":"https:\/\/bloggar.hemmetsjournal.se\/anna\/wp-json\/wp\/v2\/tags?post=13610"}],"curies":[{"name":"wp","href":"https:\/\/api.w.org\/{rel}","templated":true}]}}