{"id":13027,"date":"2020-04-19T06:38:58","date_gmt":"2020-04-19T04:38:58","guid":{"rendered":"https:\/\/bloggar.hemmetsjournal.se\/anna\/?p=13027"},"modified":"2020-04-19T06:54:49","modified_gmt":"2020-04-19T04:54:49","slug":"den-fick-knappar-till-slut","status":"publish","type":"post","link":"https:\/\/bloggar.hemmetsjournal.se\/anna\/2020\/den-fick-knappar-till-slut\/","title":{"rendered":"Den fick knappar till slut"},"content":{"rendered":"\n<figure class=\"wp-block-image\"><img loading=\"lazy\" decoding=\"async\" width=\"768\" height=\"1024\" src=\"https:\/\/bloggar.hemmetsjournal.se\/anna\/wp-content\/uploads\/sites\/2\/2020\/04\/IMG_0387-768x1024.jpg\" alt=\"\" class=\"wp-image-13028\" srcset=\"https:\/\/bloggar.hemmetsjournal.se\/anna\/wp-content\/uploads\/sites\/2\/2020\/04\/IMG_0387-768x1024.jpg 768w, https:\/\/bloggar.hemmetsjournal.se\/anna\/wp-content\/uploads\/sites\/2\/2020\/04\/IMG_0387-225x300.jpg 225w, https:\/\/bloggar.hemmetsjournal.se\/anna\/wp-content\/uploads\/sites\/2\/2020\/04\/IMG_0387-1152x1536.jpg 1152w, https:\/\/bloggar.hemmetsjournal.se\/anna\/wp-content\/uploads\/sites\/2\/2020\/04\/IMG_0387-536x715.jpg 536w, https:\/\/bloggar.hemmetsjournal.se\/anna\/wp-content\/uploads\/sites\/2\/2020\/04\/IMG_0387-375x500.jpg 375w, https:\/\/bloggar.hemmetsjournal.se\/anna\/wp-content\/uploads\/sites\/2\/2020\/04\/IMG_0387-360x480.jpg 360w, https:\/\/bloggar.hemmetsjournal.se\/anna\/wp-content\/uploads\/sites\/2\/2020\/04\/IMG_0387-600x800.jpg 600w, https:\/\/bloggar.hemmetsjournal.se\/anna\/wp-content\/uploads\/sites\/2\/2020\/04\/IMG_0387-197x263.jpg 197w, https:\/\/bloggar.hemmetsjournal.se\/anna\/wp-content\/uploads\/sites\/2\/2020\/04\/IMG_0387-18x24.jpg 18w, https:\/\/bloggar.hemmetsjournal.se\/anna\/wp-content\/uploads\/sites\/2\/2020\/04\/IMG_0387-27x36.jpg 27w, https:\/\/bloggar.hemmetsjournal.se\/anna\/wp-content\/uploads\/sites\/2\/2020\/04\/IMG_0387-36x48.jpg 36w, https:\/\/bloggar.hemmetsjournal.se\/anna\/wp-content\/uploads\/sites\/2\/2020\/04\/IMG_0387.jpg 1536w\" sizes=\"(max-width: 768px) 100vw, 768px\" \/><\/figure>\n\n\n\n<p>Sj\u00e4lva stickandet av den h\u00e4r koftan blev jag klar med f\u00f6r flera m\u00e5nader sedan, innan mottagaren var f\u00f6dd. Men knapparna! Jag vet inte varf\u00f6r det har s\u00e5 sv\u00e5rt att bli av. Nu misst\u00e4nker jag (har inte tr\u00e4ffat honom p\u00e5 ett tag) att han h\u00e5ller p\u00e5 att v\u00e4xa ur den!<\/p>\n\n\n\n<figure class=\"wp-block-image\"><img loading=\"lazy\" decoding=\"async\" width=\"1024\" height=\"768\" src=\"https:\/\/bloggar.hemmetsjournal.se\/anna\/wp-content\/uploads\/sites\/2\/2020\/04\/IMG_0390-1024x768.jpg\" alt=\"\" class=\"wp-image-13029\" srcset=\"https:\/\/bloggar.hemmetsjournal.se\/anna\/wp-content\/uploads\/sites\/2\/2020\/04\/IMG_0390-1024x768.jpg 1024w, https:\/\/bloggar.hemmetsjournal.se\/anna\/wp-content\/uploads\/sites\/2\/2020\/04\/IMG_0390-300x225.jpg 300w, https:\/\/bloggar.hemmetsjournal.se\/anna\/wp-content\/uploads\/sites\/2\/2020\/04\/IMG_0390-768x576.jpg 768w, https:\/\/bloggar.hemmetsjournal.se\/anna\/wp-content\/uploads\/sites\/2\/2020\/04\/IMG_0390-1536x1152.jpg 1536w, https:\/\/bloggar.hemmetsjournal.se\/anna\/wp-content\/uploads\/sites\/2\/2020\/04\/IMG_0390-953x715.jpg 953w, https:\/\/bloggar.hemmetsjournal.se\/anna\/wp-content\/uploads\/sites\/2\/2020\/04\/IMG_0390-483x362.jpg 483w, https:\/\/bloggar.hemmetsjournal.se\/anna\/wp-content\/uploads\/sites\/2\/2020\/04\/IMG_0390-360x270.jpg 360w, https:\/\/bloggar.hemmetsjournal.se\/anna\/wp-content\/uploads\/sites\/2\/2020\/04\/IMG_0390-600x450.jpg 600w, https:\/\/bloggar.hemmetsjournal.se\/anna\/wp-content\/uploads\/sites\/2\/2020\/04\/IMG_0390-263x197.jpg 263w, https:\/\/bloggar.hemmetsjournal.se\/anna\/wp-content\/uploads\/sites\/2\/2020\/04\/IMG_0390-24x18.jpg 24w, https:\/\/bloggar.hemmetsjournal.se\/anna\/wp-content\/uploads\/sites\/2\/2020\/04\/IMG_0390-36x27.jpg 36w, https:\/\/bloggar.hemmetsjournal.se\/anna\/wp-content\/uploads\/sites\/2\/2020\/04\/IMG_0390-48x36.jpg 48w, https:\/\/bloggar.hemmetsjournal.se\/anna\/wp-content\/uploads\/sites\/2\/2020\/04\/IMG_0390.jpg 2048w\" sizes=\"(max-width: 1024px) 100vw, 1024px\" \/><\/figure>\n\n\n\n<p>Den \u00e4r till en pojke i Stockholm, och han f\u00f6ddes i januari. Garnet \u00e4r tre olika gr\u00e5 nyanser av J\u00e4rbos merinogarn Mio, mjukt och alldeles underbart att sticka i. Jag hade inte s\u00e5 att det skulle r\u00e4cka till enf\u00e4rgat ok och \u00e4rmar &#8230;<\/p>\n\n\n\n<figure class=\"wp-block-image\"><img loading=\"lazy\" decoding=\"async\" width=\"1024\" height=\"768\" src=\"https:\/\/bloggar.hemmetsjournal.se\/anna\/wp-content\/uploads\/sites\/2\/2020\/04\/IMG_0387-1-1024x768.jpg\" alt=\"\" class=\"wp-image-13030\" srcset=\"https:\/\/bloggar.hemmetsjournal.se\/anna\/wp-content\/uploads\/sites\/2\/2020\/04\/IMG_0387-1-1024x768.jpg 1024w, https:\/\/bloggar.hemmetsjournal.se\/anna\/wp-content\/uploads\/sites\/2\/2020\/04\/IMG_0387-1-300x225.jpg 300w, https:\/\/bloggar.hemmetsjournal.se\/anna\/wp-content\/uploads\/sites\/2\/2020\/04\/IMG_0387-1-768x576.jpg 768w, https:\/\/bloggar.hemmetsjournal.se\/anna\/wp-content\/uploads\/sites\/2\/2020\/04\/IMG_0387-1-1536x1152.jpg 1536w, https:\/\/bloggar.hemmetsjournal.se\/anna\/wp-content\/uploads\/sites\/2\/2020\/04\/IMG_0387-1-953x715.jpg 953w, https:\/\/bloggar.hemmetsjournal.se\/anna\/wp-content\/uploads\/sites\/2\/2020\/04\/IMG_0387-1-483x362.jpg 483w, https:\/\/bloggar.hemmetsjournal.se\/anna\/wp-content\/uploads\/sites\/2\/2020\/04\/IMG_0387-1-360x270.jpg 360w, https:\/\/bloggar.hemmetsjournal.se\/anna\/wp-content\/uploads\/sites\/2\/2020\/04\/IMG_0387-1-600x450.jpg 600w, https:\/\/bloggar.hemmetsjournal.se\/anna\/wp-content\/uploads\/sites\/2\/2020\/04\/IMG_0387-1-263x197.jpg 263w, https:\/\/bloggar.hemmetsjournal.se\/anna\/wp-content\/uploads\/sites\/2\/2020\/04\/IMG_0387-1-24x18.jpg 24w, https:\/\/bloggar.hemmetsjournal.se\/anna\/wp-content\/uploads\/sites\/2\/2020\/04\/IMG_0387-1-36x27.jpg 36w, https:\/\/bloggar.hemmetsjournal.se\/anna\/wp-content\/uploads\/sites\/2\/2020\/04\/IMG_0387-1-48x36.jpg 48w, https:\/\/bloggar.hemmetsjournal.se\/anna\/wp-content\/uploads\/sites\/2\/2020\/04\/IMG_0387-1.jpg 2048w\" sizes=\"(max-width: 1024px) 100vw, 1024px\" \/><\/figure>\n\n\n\n<p>&#8230; s\u00e5 jag stickade randiga \u00e4rmar. Det \u00e4r inte den b\u00e4sta id\u00e9n n\u00e4r man ska sy ihop \u00e4rmarna eller, som h\u00e4r, virka ihop dem. Man m\u00e5ste vara s\u00e5 supernoga med att r\u00e4nderna hamnar r\u00e4tt i s\u00f6mmen eller skarven!<\/p>\n\n\n\n<figure class=\"wp-block-image\"><img loading=\"lazy\" decoding=\"async\" width=\"768\" height=\"1024\" src=\"https:\/\/bloggar.hemmetsjournal.se\/anna\/wp-content\/uploads\/sites\/2\/2020\/04\/IMG_03881-768x1024.jpg\" alt=\"\" class=\"wp-image-13031\" srcset=\"https:\/\/bloggar.hemmetsjournal.se\/anna\/wp-content\/uploads\/sites\/2\/2020\/04\/IMG_03881.jpg 768w, https:\/\/bloggar.hemmetsjournal.se\/anna\/wp-content\/uploads\/sites\/2\/2020\/04\/IMG_03881-225x300.jpg 225w, https:\/\/bloggar.hemmetsjournal.se\/anna\/wp-content\/uploads\/sites\/2\/2020\/04\/IMG_03881-536x715.jpg 536w, https:\/\/bloggar.hemmetsjournal.se\/anna\/wp-content\/uploads\/sites\/2\/2020\/04\/IMG_03881-375x500.jpg 375w, https:\/\/bloggar.hemmetsjournal.se\/anna\/wp-content\/uploads\/sites\/2\/2020\/04\/IMG_03881-360x480.jpg 360w, https:\/\/bloggar.hemmetsjournal.se\/anna\/wp-content\/uploads\/sites\/2\/2020\/04\/IMG_03881-600x800.jpg 600w, https:\/\/bloggar.hemmetsjournal.se\/anna\/wp-content\/uploads\/sites\/2\/2020\/04\/IMG_03881-197x263.jpg 197w, https:\/\/bloggar.hemmetsjournal.se\/anna\/wp-content\/uploads\/sites\/2\/2020\/04\/IMG_03881-18x24.jpg 18w, https:\/\/bloggar.hemmetsjournal.se\/anna\/wp-content\/uploads\/sites\/2\/2020\/04\/IMG_03881-27x36.jpg 27w, https:\/\/bloggar.hemmetsjournal.se\/anna\/wp-content\/uploads\/sites\/2\/2020\/04\/IMG_03881-36x48.jpg 36w\" sizes=\"(max-width: 768px) 100vw, 768px\" \/><\/figure>\n\n\n\n<p>Det h\u00e4r \u00e4r helt enkelt en <strong><a href=\"https:\/\/www.jarbo.se\/sv\/blog\/post\/tva-tradandars-lilla-kofta\">Tv\u00e5 tr\u00e5d\u00e4ndars lilla kofta<\/a><\/strong> fast med de r\u00e4tstickade kanterna utbytta mot res\u00e5r. Jag har gjort det f\u00f6rut (bland annat i <strong><a href=\"https:\/\/bloggar.hemmetsjournal.se\/anna\/2018\/koftan-toftanas\/\">Koftan Toftan\u00e4s<\/a><\/strong> som liknar den h\u00e4r och \u00e4r stickad i en st\u00f6rre storlek) men kommer \u00e4nnu inte riktigt \u00f6verens med mitt \u00f6gonm\u00e5tt och tycker att halsringningen ser f\u00f6r tr\u00e5ng ut fast\u00e4n jag vet att den inte \u00e4r det. \u00d6nskar ocks\u00e5 att jag hade st\u00e5tt ut med tv\u00e5 garnbyten till f\u00f6r att f\u00e5 alla muddar i samma f\u00e4rg. Men det viktigaste nu \u00e4r att han f\u00e5r den och kan anv\u00e4nda den i en m\u00e5nad eller tv\u00e5.<\/p>\n\n\n\n<figure class=\"wp-block-image\"><img loading=\"lazy\" decoding=\"async\" width=\"1024\" height=\"682\" src=\"https:\/\/bloggar.hemmetsjournal.se\/anna\/wp-content\/uploads\/sites\/2\/2020\/04\/67781831_3009235892438560_8271343972501159936_o-1024x682.jpg\" alt=\"\" class=\"wp-image-13032\" srcset=\"https:\/\/bloggar.hemmetsjournal.se\/anna\/wp-content\/uploads\/sites\/2\/2020\/04\/67781831_3009235892438560_8271343972501159936_o-1024x682.jpg 1024w, https:\/\/bloggar.hemmetsjournal.se\/anna\/wp-content\/uploads\/sites\/2\/2020\/04\/67781831_3009235892438560_8271343972501159936_o-300x200.jpg 300w, https:\/\/bloggar.hemmetsjournal.se\/anna\/wp-content\/uploads\/sites\/2\/2020\/04\/67781831_3009235892438560_8271343972501159936_o-768x512.jpg 768w, https:\/\/bloggar.hemmetsjournal.se\/anna\/wp-content\/uploads\/sites\/2\/2020\/04\/67781831_3009235892438560_8271343972501159936_o-1073x715.jpg 1073w, https:\/\/bloggar.hemmetsjournal.se\/anna\/wp-content\/uploads\/sites\/2\/2020\/04\/67781831_3009235892438560_8271343972501159936_o-483x322.jpg 483w, https:\/\/bloggar.hemmetsjournal.se\/anna\/wp-content\/uploads\/sites\/2\/2020\/04\/67781831_3009235892438560_8271343972501159936_o-360x240.jpg 360w, https:\/\/bloggar.hemmetsjournal.se\/anna\/wp-content\/uploads\/sites\/2\/2020\/04\/67781831_3009235892438560_8271343972501159936_o-600x400.jpg 600w, https:\/\/bloggar.hemmetsjournal.se\/anna\/wp-content\/uploads\/sites\/2\/2020\/04\/67781831_3009235892438560_8271343972501159936_o-263x175.jpg 263w, https:\/\/bloggar.hemmetsjournal.se\/anna\/wp-content\/uploads\/sites\/2\/2020\/04\/67781831_3009235892438560_8271343972501159936_o-24x16.jpg 24w, https:\/\/bloggar.hemmetsjournal.se\/anna\/wp-content\/uploads\/sites\/2\/2020\/04\/67781831_3009235892438560_8271343972501159936_o-36x24.jpg 36w, https:\/\/bloggar.hemmetsjournal.se\/anna\/wp-content\/uploads\/sites\/2\/2020\/04\/67781831_3009235892438560_8271343972501159936_o-48x32.jpg 48w, https:\/\/bloggar.hemmetsjournal.se\/anna\/wp-content\/uploads\/sites\/2\/2020\/04\/67781831_3009235892438560_8271343972501159936_o.jpg 1280w\" sizes=\"(max-width: 1024px) 100vw, 1024px\" \/><\/figure>\n\n\n\n<p>Av det garn som blev \u00f6ver gjorde jag ett ekperiment, en hj\u00e4lmm\u00f6ssa. Det syns inte s\u00e5 tydligt p\u00e5 bilden, men den b\u00f6rjar med tre maskor mitt fram i pannan, \u00f6kar till tjugo och blir en remsa som str\u00e4cker sig \u00e4nda ner i nacken. Sedan plockade jag upp maskor utmed ena sidan p\u00e5 remsan och stickade r\u00e4tstickning med hoptagningar p\u00e5 vartannat varv p\u00e5 varsin sida om mittmaskan. Likadant p\u00e5 andra sidan, och s\u00e5 en res\u00e5r, och knytband i h\u00f6rnen.<\/p>\n\n\n\n<figure class=\"wp-block-image\"><img loading=\"lazy\" decoding=\"async\" width=\"768\" height=\"1024\" src=\"https:\/\/bloggar.hemmetsjournal.se\/anna\/wp-content\/uploads\/sites\/2\/2020\/04\/hj\u00e4lmm\u00f6ssan-Adrian-768x1024.jpg\" alt=\"\" class=\"wp-image-13033\" srcset=\"https:\/\/bloggar.hemmetsjournal.se\/anna\/wp-content\/uploads\/sites\/2\/2020\/04\/hj\u00e4lmm\u00f6ssan-Adrian-768x1024.jpg 768w, https:\/\/bloggar.hemmetsjournal.se\/anna\/wp-content\/uploads\/sites\/2\/2020\/04\/hj\u00e4lmm\u00f6ssan-Adrian-225x300.jpg 225w, https:\/\/bloggar.hemmetsjournal.se\/anna\/wp-content\/uploads\/sites\/2\/2020\/04\/hj\u00e4lmm\u00f6ssan-Adrian-536x715.jpg 536w, https:\/\/bloggar.hemmetsjournal.se\/anna\/wp-content\/uploads\/sites\/2\/2020\/04\/hj\u00e4lmm\u00f6ssan-Adrian-375x500.jpg 375w, https:\/\/bloggar.hemmetsjournal.se\/anna\/wp-content\/uploads\/sites\/2\/2020\/04\/hj\u00e4lmm\u00f6ssan-Adrian-360x480.jpg 360w, https:\/\/bloggar.hemmetsjournal.se\/anna\/wp-content\/uploads\/sites\/2\/2020\/04\/hj\u00e4lmm\u00f6ssan-Adrian-600x800.jpg 600w, https:\/\/bloggar.hemmetsjournal.se\/anna\/wp-content\/uploads\/sites\/2\/2020\/04\/hj\u00e4lmm\u00f6ssan-Adrian-197x263.jpg 197w, https:\/\/bloggar.hemmetsjournal.se\/anna\/wp-content\/uploads\/sites\/2\/2020\/04\/hj\u00e4lmm\u00f6ssan-Adrian-18x24.jpg 18w, https:\/\/bloggar.hemmetsjournal.se\/anna\/wp-content\/uploads\/sites\/2\/2020\/04\/hj\u00e4lmm\u00f6ssan-Adrian-27x36.jpg 27w, https:\/\/bloggar.hemmetsjournal.se\/anna\/wp-content\/uploads\/sites\/2\/2020\/04\/hj\u00e4lmm\u00f6ssan-Adrian-36x48.jpg 36w, https:\/\/bloggar.hemmetsjournal.se\/anna\/wp-content\/uploads\/sites\/2\/2020\/04\/hj\u00e4lmm\u00f6ssan-Adrian.jpg 960w\" sizes=\"(max-width: 768px) 100vw, 768px\" \/><\/figure>\n\n\n\n<p>Och den hade inga knappar, s\u00e5 den blev f\u00e4rdig mycket tidigare. H\u00e4r \u00e4r han i den! (Bild publicerad med f\u00f6r\u00e4ldrarnas goda minne s\u00e5klart.)<\/p>\n","protected":false},"excerpt":{"rendered":"<p>Sj\u00e4lva stickandet av den h\u00e4r koftan blev jag klar med f\u00f6r flera m\u00e5nader sedan, innan mottagaren var f\u00f6dd. Men knapparna! Jag vet inte varf\u00f6r det har s\u00e5 sv\u00e5rt att bli av. Nu misst\u00e4nker jag (har inte tr\u00e4ffat honom p\u00e5 ett tag) att han h\u00e5ller p\u00e5 att v\u00e4xa ur den! Den \u00e4r till en pojke i&#8230;<\/p>\n","protected":false},"author":31,"featured_media":0,"comment_status":"closed","ping_status":"closed","sticky":false,"template":"","format":"standard","meta":{"site-sidebar-layout":"default","site-content-layout":"","ast-site-content-layout":"default","site-content-style":"default","site-sidebar-style":"default","ast-global-header-display":"","ast-banner-title-visibility":"","ast-main-header-display":"","ast-hfb-above-header-display":"","ast-hfb-below-header-display":"","ast-hfb-mobile-header-display":"","site-post-title":"","ast-breadcrumbs-content":"","ast-featured-img":"","footer-sml-layout":"","ast-disable-related-posts":"","theme-transparent-header-meta":"","adv-header-id-meta":"","stick-header-meta":"","header-above-stick-meta":"","header-main-stick-meta":"","header-below-stick-meta":"","astra-migrate-meta-layouts":"default","ast-page-background-enabled":"default","ast-page-background-meta":{"desktop":{"background-color":"var(--ast-global-color-4)","background-image":"","background-repeat":"repeat","background-position":"center center","background-size":"auto","background-attachment":"scroll","background-type":"","background-media":"","overlay-type":"","overlay-color":"","overlay-opacity":"","overlay-gradient":""},"tablet":{"background-color":"","background-image":"","background-repeat":"repeat","background-position":"center center","background-size":"auto","background-attachment":"scroll","background-type":"","background-media":"","overlay-type":"","overlay-color":"","overlay-opacity":"","overlay-gradient":""},"mobile":{"background-color":"","background-image":"","background-repeat":"repeat","background-position":"center center","background-size":"auto","background-attachment":"scroll","background-type":"","background-media":"","overlay-type":"","overlay-color":"","overlay-opacity":"","overlay-gradient":""}},"ast-content-background-meta":{"desktop":{"background-color":"var(--ast-global-color-5)","background-image":"","background-repeat":"repeat","background-position":"center center","background-size":"auto","background-attachment":"scroll","background-type":"","background-media":"","overlay-type":"","overlay-color":"","overlay-opacity":"","overlay-gradient":""},"tablet":{"background-color":"var(--ast-global-color-5)","background-image":"","background-repeat":"repeat","background-position":"center center","background-size":"auto","background-attachment":"scroll","background-type":"","background-media":"","overlay-type":"","overlay-color":"","overlay-opacity":"","overlay-gradient":""},"mobile":{"background-color":"var(--ast-global-color-5)","background-image":"","background-repeat":"repeat","background-position":"center center","background-size":"auto","background-attachment":"scroll","background-type":"","background-media":"","overlay-type":"","overlay-color":"","overlay-opacity":"","overlay-gradient":""}},"footnotes":""},"categories":[242,1033,96,240],"tags":[],"class_list":["post-13027","post","type-post","status-publish","format-standard","hentry","category-kofta","category-sticka","category-tva-tradandars","category-uppifran-och-ner"],"_links":{"self":[{"href":"https:\/\/bloggar.hemmetsjournal.se\/anna\/wp-json\/wp\/v2\/posts\/13027"}],"collection":[{"href":"https:\/\/bloggar.hemmetsjournal.se\/anna\/wp-json\/wp\/v2\/posts"}],"about":[{"href":"https:\/\/bloggar.hemmetsjournal.se\/anna\/wp-json\/wp\/v2\/types\/post"}],"author":[{"embeddable":true,"href":"https:\/\/bloggar.hemmetsjournal.se\/anna\/wp-json\/wp\/v2\/users\/31"}],"replies":[{"embeddable":true,"href":"https:\/\/bloggar.hemmetsjournal.se\/anna\/wp-json\/wp\/v2\/comments?post=13027"}],"version-history":[{"count":2,"href":"https:\/\/bloggar.hemmetsjournal.se\/anna\/wp-json\/wp\/v2\/posts\/13027\/revisions"}],"predecessor-version":[{"id":13035,"href":"https:\/\/bloggar.hemmetsjournal.se\/anna\/wp-json\/wp\/v2\/posts\/13027\/revisions\/13035"}],"wp:attachment":[{"href":"https:\/\/bloggar.hemmetsjournal.se\/anna\/wp-json\/wp\/v2\/media?parent=13027"}],"wp:term":[{"taxonomy":"category","embeddable":true,"href":"https:\/\/bloggar.hemmetsjournal.se\/anna\/wp-json\/wp\/v2\/categories?post=13027"},{"taxonomy":"post_tag","embeddable":true,"href":"https:\/\/bloggar.hemmetsjournal.se\/anna\/wp-json\/wp\/v2\/tags?post=13027"}],"curies":[{"name":"wp","href":"https:\/\/api.w.org\/{rel}","templated":true}]}}