{"id":12999,"date":"2020-04-14T07:04:16","date_gmt":"2020-04-14T05:04:16","guid":{"rendered":"https:\/\/bloggar.hemmetsjournal.se\/anna\/?p=12999"},"modified":"2020-04-14T07:41:40","modified_gmt":"2020-04-14T05:41:40","slug":"elins-resa","status":"publish","type":"post","link":"https:\/\/bloggar.hemmetsjournal.se\/anna\/2020\/elins-resa\/","title":{"rendered":"Elins resa och Ainas"},"content":{"rendered":"\n<figure class=\"wp-block-image\"><img loading=\"lazy\" decoding=\"async\" width=\"1024\" height=\"1024\" src=\"https:\/\/bloggar.hemmetsjournal.se\/anna\/wp-content\/uploads\/sites\/2\/2020\/04\/Innan_Jag_Dog_AUDIO-3-1024x1024.jpg\" alt=\"\" class=\"wp-image-13000\" srcset=\"https:\/\/bloggar.hemmetsjournal.se\/anna\/wp-content\/uploads\/sites\/2\/2020\/04\/Innan_Jag_Dog_AUDIO-3-1024x1024.jpg 1024w, https:\/\/bloggar.hemmetsjournal.se\/anna\/wp-content\/uploads\/sites\/2\/2020\/04\/Innan_Jag_Dog_AUDIO-3-300x300.jpg 300w, https:\/\/bloggar.hemmetsjournal.se\/anna\/wp-content\/uploads\/sites\/2\/2020\/04\/Innan_Jag_Dog_AUDIO-3-150x150.jpg 150w, https:\/\/bloggar.hemmetsjournal.se\/anna\/wp-content\/uploads\/sites\/2\/2020\/04\/Innan_Jag_Dog_AUDIO-3-768x768.jpg 768w, https:\/\/bloggar.hemmetsjournal.se\/anna\/wp-content\/uploads\/sites\/2\/2020\/04\/Innan_Jag_Dog_AUDIO-3-715x715.jpg 715w, https:\/\/bloggar.hemmetsjournal.se\/anna\/wp-content\/uploads\/sites\/2\/2020\/04\/Innan_Jag_Dog_AUDIO-3-483x483.jpg 483w, https:\/\/bloggar.hemmetsjournal.se\/anna\/wp-content\/uploads\/sites\/2\/2020\/04\/Innan_Jag_Dog_AUDIO-3-360x360.jpg 360w, https:\/\/bloggar.hemmetsjournal.se\/anna\/wp-content\/uploads\/sites\/2\/2020\/04\/Innan_Jag_Dog_AUDIO-3-600x600.jpg 600w, https:\/\/bloggar.hemmetsjournal.se\/anna\/wp-content\/uploads\/sites\/2\/2020\/04\/Innan_Jag_Dog_AUDIO-3-263x263.jpg 263w, https:\/\/bloggar.hemmetsjournal.se\/anna\/wp-content\/uploads\/sites\/2\/2020\/04\/Innan_Jag_Dog_AUDIO-3-24x24.jpg 24w, https:\/\/bloggar.hemmetsjournal.se\/anna\/wp-content\/uploads\/sites\/2\/2020\/04\/Innan_Jag_Dog_AUDIO-3-36x36.jpg 36w, https:\/\/bloggar.hemmetsjournal.se\/anna\/wp-content\/uploads\/sites\/2\/2020\/04\/Innan_Jag_Dog_AUDIO-3-48x48.jpg 48w, https:\/\/bloggar.hemmetsjournal.se\/anna\/wp-content\/uploads\/sites\/2\/2020\/04\/Innan_Jag_Dog_AUDIO-3.jpg 1280w\" sizes=\"(max-width: 1024px) 100vw, 1024px\" \/><\/figure>\n\n\n\n<p>Min faster Monicas roman <em>Innan jag dog<\/em> har kommit ut som e-bok och blivit inl\u00e4st som ljudbok!<\/p>\n\n\n\n<p>Den enda Anna Braw jag vet om ut\u00f6ver mig sj\u00e4lv (fast hon stavade lite annorlunda) var den Anna som \u00e5kte fr\u00e5n Sm\u00e5land till USA under emigrationsv\u00e5gen. Hon var syster till min pappas farfar Frans Johan. <\/p>\n\n\n\n<p>Deras syster <strong>Elin <\/strong>skulle resa efter men k\u00f6pte biljett p\u00e5 Titanic och kom aldrig fram. <\/p>\n\n\n\n<p>En mamma och ett barn som delade hytt med henne klarade sig och ska ha ber\u00e4ttat att de var uppe p\u00e5 d\u00e4ck tillsammans men att hon gick ner f\u00f6r att h\u00e4mta n\u00e5got och att de inte s\u00e5g henne mer. <\/p>\n\n\n\n<p>N\u00e4r min mamma och jag var p\u00e5 Titanic-utst\u00e4llningen i K\u00f6penhamn f\u00f6r n\u00e5gra \u00e5r sedan letade vi upp hennes namn p\u00e5 v\u00e4ggen d\u00e4r.<\/p>\n\n\n\n<p><strong>Aina <\/strong>och hennes familj i min fasters roman har vissa drag gemensamma med min farfars f\u00f6r\u00e4ldrars familjer &#8212; b\u00e5de med Elin och hennes familj och med min pappas farmor Elisabeth och hennes familj. <\/p>\n\n\n\n<figure class=\"wp-block-image\"><img loading=\"lazy\" decoding=\"async\" width=\"600\" height=\"450\" src=\"https:\/\/bloggar.hemmetsjournal.se\/anna\/wp-content\/uploads\/sites\/2\/2020\/04\/Innan-jag-dog-original.jpg\" alt=\"\" class=\"wp-image-13003\" srcset=\"https:\/\/bloggar.hemmetsjournal.se\/anna\/wp-content\/uploads\/sites\/2\/2020\/04\/Innan-jag-dog-original.jpg 600w, https:\/\/bloggar.hemmetsjournal.se\/anna\/wp-content\/uploads\/sites\/2\/2020\/04\/Innan-jag-dog-original-300x225.jpg 300w, https:\/\/bloggar.hemmetsjournal.se\/anna\/wp-content\/uploads\/sites\/2\/2020\/04\/Innan-jag-dog-original-483x362.jpg 483w, https:\/\/bloggar.hemmetsjournal.se\/anna\/wp-content\/uploads\/sites\/2\/2020\/04\/Innan-jag-dog-original-360x270.jpg 360w, https:\/\/bloggar.hemmetsjournal.se\/anna\/wp-content\/uploads\/sites\/2\/2020\/04\/Innan-jag-dog-original-263x197.jpg 263w, https:\/\/bloggar.hemmetsjournal.se\/anna\/wp-content\/uploads\/sites\/2\/2020\/04\/Innan-jag-dog-original-24x18.jpg 24w, https:\/\/bloggar.hemmetsjournal.se\/anna\/wp-content\/uploads\/sites\/2\/2020\/04\/Innan-jag-dog-original-36x27.jpg 36w, https:\/\/bloggar.hemmetsjournal.se\/anna\/wp-content\/uploads\/sites\/2\/2020\/04\/Innan-jag-dog-original-48x36.jpg 48w\" sizes=\"(max-width: 600px) 100vw, 600px\" \/><figcaption>Originalutg\u00e5van fr\u00e5n 1980. Bild l\u00e5nad fr\u00e5n Bokb\u00f6rsen.<\/figcaption><\/figure>\n\n\n\n<p><em>Innan jag dog<\/em> kom ut f\u00f6rsta g\u00e5ngen 1980, och bilden p\u00e5 originalomslaget \u00e4r ett fotografi av Elisabeth och en av hennes l\u00e4rarinnekolleger och deras cyklar. O vad vi var fascinerade av det.<\/p>\n\n\n\n<p>Ett f\u00f6rlag som heter Saga och som ing\u00e5r i Egmont-koncernen har gjort e-b\u00f6cker av en rad av min fasters b\u00f6cker &#8212; m\u00e5nga av dem handlar om Japan &#8212; och h\u00e5ller ocks\u00e5 p\u00e5 med att spela in ljudboksutg\u00e5vor. <em><a href=\"https:\/\/www.adlibris.com\/fi\/sv\/e-bok\/innan-jag-dog-9788726320671\">Innan jag dog<\/a><\/em> var den f\u00f6rsta som blev klar, och jag h\u00f6rde f\u00f6r ett tag sedan att <em>\u00d6verlevarna <\/em>spelades in. <a href=\"https:\/\/www.adlibris.com\/fi\/sv\/sok?q=monica+braw&amp;pn=2&amp;ps=12\">Den h\u00e4r listan hos Adlibris<\/a> kan man kanske ha som utg\u00e5ngspunkt om man vill leta efter dem p\u00e5 Biblio eller fr\u00e5ga efter dem p\u00e5 sitt bibliotek.<\/p>\n","protected":false},"excerpt":{"rendered":"<p>Min faster Monicas roman Innan jag dog har kommit ut som e-bok och blivit inl\u00e4st som ljudbok! Den enda Anna Braw jag vet om ut\u00f6ver mig sj\u00e4lv (fast hon stavade lite annorlunda) var den Anna som \u00e5kte fr\u00e5n Sm\u00e5land till USA under emigrationsv\u00e5gen. Hon var syster till min pappas farfar Frans Johan. Deras syster Elin&#8230;<\/p>\n","protected":false},"author":31,"featured_media":0,"comment_status":"closed","ping_status":"closed","sticky":false,"template":"","format":"standard","meta":{"site-sidebar-layout":"default","site-content-layout":"","ast-site-content-layout":"default","site-content-style":"default","site-sidebar-style":"default","ast-global-header-display":"","ast-banner-title-visibility":"","ast-main-header-display":"","ast-hfb-above-header-display":"","ast-hfb-below-header-display":"","ast-hfb-mobile-header-display":"","site-post-title":"","ast-breadcrumbs-content":"","ast-featured-img":"","footer-sml-layout":"","ast-disable-related-posts":"","theme-transparent-header-meta":"","adv-header-id-meta":"","stick-header-meta":"","header-above-stick-meta":"","header-main-stick-meta":"","header-below-stick-meta":"","astra-migrate-meta-layouts":"default","ast-page-background-enabled":"default","ast-page-background-meta":{"desktop":{"background-color":"var(--ast-global-color-4)","background-image":"","background-repeat":"repeat","background-position":"center center","background-size":"auto","background-attachment":"scroll","background-type":"","background-media":"","overlay-type":"","overlay-color":"","overlay-opacity":"","overlay-gradient":""},"tablet":{"background-color":"","background-image":"","background-repeat":"repeat","background-position":"center center","background-size":"auto","background-attachment":"scroll","background-type":"","background-media":"","overlay-type":"","overlay-color":"","overlay-opacity":"","overlay-gradient":""},"mobile":{"background-color":"","background-image":"","background-repeat":"repeat","background-position":"center center","background-size":"auto","background-attachment":"scroll","background-type":"","background-media":"","overlay-type":"","overlay-color":"","overlay-opacity":"","overlay-gradient":""}},"ast-content-background-meta":{"desktop":{"background-color":"var(--ast-global-color-5)","background-image":"","background-repeat":"repeat","background-position":"center center","background-size":"auto","background-attachment":"scroll","background-type":"","background-media":"","overlay-type":"","overlay-color":"","overlay-opacity":"","overlay-gradient":""},"tablet":{"background-color":"var(--ast-global-color-5)","background-image":"","background-repeat":"repeat","background-position":"center center","background-size":"auto","background-attachment":"scroll","background-type":"","background-media":"","overlay-type":"","overlay-color":"","overlay-opacity":"","overlay-gradient":""},"mobile":{"background-color":"var(--ast-global-color-5)","background-image":"","background-repeat":"repeat","background-position":"center center","background-size":"auto","background-attachment":"scroll","background-type":"","background-media":"","overlay-type":"","overlay-color":"","overlay-opacity":"","overlay-gradient":""}},"footnotes":""},"categories":[68],"tags":[],"class_list":["post-12999","post","type-post","status-publish","format-standard","hentry","category-boktips"],"_links":{"self":[{"href":"https:\/\/bloggar.hemmetsjournal.se\/anna\/wp-json\/wp\/v2\/posts\/12999"}],"collection":[{"href":"https:\/\/bloggar.hemmetsjournal.se\/anna\/wp-json\/wp\/v2\/posts"}],"about":[{"href":"https:\/\/bloggar.hemmetsjournal.se\/anna\/wp-json\/wp\/v2\/types\/post"}],"author":[{"embeddable":true,"href":"https:\/\/bloggar.hemmetsjournal.se\/anna\/wp-json\/wp\/v2\/users\/31"}],"replies":[{"embeddable":true,"href":"https:\/\/bloggar.hemmetsjournal.se\/anna\/wp-json\/wp\/v2\/comments?post=12999"}],"version-history":[{"count":3,"href":"https:\/\/bloggar.hemmetsjournal.se\/anna\/wp-json\/wp\/v2\/posts\/12999\/revisions"}],"predecessor-version":[{"id":13005,"href":"https:\/\/bloggar.hemmetsjournal.se\/anna\/wp-json\/wp\/v2\/posts\/12999\/revisions\/13005"}],"wp:attachment":[{"href":"https:\/\/bloggar.hemmetsjournal.se\/anna\/wp-json\/wp\/v2\/media?parent=12999"}],"wp:term":[{"taxonomy":"category","embeddable":true,"href":"https:\/\/bloggar.hemmetsjournal.se\/anna\/wp-json\/wp\/v2\/categories?post=12999"},{"taxonomy":"post_tag","embeddable":true,"href":"https:\/\/bloggar.hemmetsjournal.se\/anna\/wp-json\/wp\/v2\/tags?post=12999"}],"curies":[{"name":"wp","href":"https:\/\/api.w.org\/{rel}","templated":true}]}}