{"id":1258,"date":"2016-11-17T12:24:18","date_gmt":"2016-11-17T10:24:18","guid":{"rendered":"https:\/\/bloggar.hemmetsjournal.se\/anna\/?p=1258"},"modified":"2016-11-17T12:37:05","modified_gmt":"2016-11-17T10:37:05","slug":"raggsockor-for-syrien-har-levererat-klader-och-mat-igen","status":"publish","type":"post","link":"https:\/\/bloggar.hemmetsjournal.se\/anna\/2016\/raggsockor-for-syrien-har-levererat-klader-och-mat-igen\/","title":{"rendered":"Raggsockor f\u00f6r Syrien har levererat kl\u00e4der och mat igen"},"content":{"rendered":"<p>Nu \u00e4r det ett tag sedan jag skrev om <strong>Anne Coll\u00e9n<\/strong> och hennes arbete med <strong>Raggsockor f\u00f6r Syrien<\/strong>, och det kan verkligen vara dags: hon har kommit tillbaka efter en ny resa! Ocks\u00e5 den h\u00e4r g\u00e5ngen hade hon med sig en grupp volont\u00e4rer och arbetade intensivt tillsammans med sina v\u00e4nner p\u00e5 plats i Jordanien f\u00f6r att\u00a0dela ut mat och kl\u00e4der till de syriska flyktingfamiljer som v\u00e4nnerna har lokaliserat och som inte kan klara sig p\u00e5 egen hand just nu. Byn Zaatari fick bes\u00f6k, s\u00e5klart, och flera andra platser ocks\u00e5. H\u00e4r ber\u00e4ttar hon sj\u00e4lv om dagarna, och jag har redigerat ihop flera dagsrapporter och en l\u00e4ngre rapport f\u00f6r att ni ska f\u00e5 l\u00e4sa s\u00e5 mycket som m\u00f6jligt.<\/p>\n<p>***<\/p>\n<p><em>Det h\u00e4r var p\u00e5 ett s\u00e4tt en tuffare resa \u00e4n de tidigare, och det har tagit l\u00e4ngre tid att \u00e5terh\u00e4mta sig. En stor frustration f\u00f6r oss var att containern inte kom fram i tid. Jordanien\u00a0har bytt parlament, och det inneb\u00e4r nya regler och nya s\u00e4tt att administrera saker och ting. Det gjorde\u00a0att vi blev tvungna att vara \u00e4nnu mer flexibla\u00a0\u00e4n vanligt, vara p\u00e5hittigare \u00e4n vanligt och ha st\u00f6rre t\u00e5lamod \u00e4n vanligt.<\/em><\/p>\n<p><img loading=\"lazy\" decoding=\"async\" class=\"alignnone size-full wp-image-1259\" src=\"https:\/\/bloggar.hemmetsjournal.se\/anna\/wp-content\/uploads\/sites\/2\/2016\/11\/Raggsockor-f\u00f6r-Syrien-1.jpg\" alt=\"raggsockor-for-syrien-1\" width=\"960\" height=\"720\" srcset=\"https:\/\/bloggar.hemmetsjournal.se\/anna\/wp-content\/uploads\/sites\/2\/2016\/11\/Raggsockor-f\u00f6r-Syrien-1.jpg 960w, https:\/\/bloggar.hemmetsjournal.se\/anna\/wp-content\/uploads\/sites\/2\/2016\/11\/Raggsockor-f\u00f6r-Syrien-1-300x225.jpg 300w, https:\/\/bloggar.hemmetsjournal.se\/anna\/wp-content\/uploads\/sites\/2\/2016\/11\/Raggsockor-f\u00f6r-Syrien-1-768x576.jpg 768w\" sizes=\"(max-width: 960px) 100vw, 960px\" \/><\/p>\n<p>Anne med gruppen under en kaffepaus (utan ordning p\u00e5 namnen, men Anne sj\u00e4lv sitter i mitten):\u00a0Linus Nilsson, AnnChatrin Grundal,\u00a0Joel Wramneby,\u00a0Victoria Helgoson, Annika S\u00f6dergren,\u00a0Ali Okab, Kotaiba Alabdullah, Charlie Anderson och Esther Coll\u00e9n.<\/p>\n<p><img loading=\"lazy\" decoding=\"async\" class=\"alignnone size-full wp-image-1260\" src=\"https:\/\/bloggar.hemmetsjournal.se\/anna\/wp-content\/uploads\/sites\/2\/2016\/11\/Raggsockor-f\u00f6r-Syrien-14.jpg\" alt=\"raggsockor-for-syrien-14\" width=\"960\" height=\"720\" srcset=\"https:\/\/bloggar.hemmetsjournal.se\/anna\/wp-content\/uploads\/sites\/2\/2016\/11\/Raggsockor-f\u00f6r-Syrien-14.jpg 960w, https:\/\/bloggar.hemmetsjournal.se\/anna\/wp-content\/uploads\/sites\/2\/2016\/11\/Raggsockor-f\u00f6r-Syrien-14-300x225.jpg 300w, https:\/\/bloggar.hemmetsjournal.se\/anna\/wp-content\/uploads\/sites\/2\/2016\/11\/Raggsockor-f\u00f6r-Syrien-14-768x576.jpg 768w\" sizes=\"(max-width: 960px) 100vw, 960px\" \/><\/p>\n<p><em>Vi har\u00a0varit med om mycket, roligt och ledsamt och sp\u00e4nnande. <\/em><\/p>\n<p><em>Barn som springer fram och kramas och vill leka.<\/em><\/p>\n<p><em>Det har regnat och bl\u00e5st sand \u00f6ver oss.\u00a0<\/em><\/p>\n<p><em>Bilf\u00e4rd fr\u00e5n t\u00e4lt till t\u00e4lt med 44 matl\u00e5dor (av s\u00e4kerhetssk\u00e4l fick vi inte kliva ur bilarna, men vi m\u00f6ttes av varma leenden och tacksamma blickar). <\/em><\/p>\n<p><img loading=\"lazy\" decoding=\"async\" class=\"alignnone size-full wp-image-1261\" src=\"https:\/\/bloggar.hemmetsjournal.se\/anna\/wp-content\/uploads\/sites\/2\/2016\/11\/Raggsockor-f\u00f6r-Syrien-13.jpg\" alt=\"raggsockor-for-syrien-13\" width=\"720\" height=\"960\" srcset=\"https:\/\/bloggar.hemmetsjournal.se\/anna\/wp-content\/uploads\/sites\/2\/2016\/11\/Raggsockor-f\u00f6r-Syrien-13.jpg 720w, https:\/\/bloggar.hemmetsjournal.se\/anna\/wp-content\/uploads\/sites\/2\/2016\/11\/Raggsockor-f\u00f6r-Syrien-13-225x300.jpg 225w\" sizes=\"(max-width: 720px) 100vw, 720px\" \/><\/p>\n<p><em>Som ni ser har vi fixat klisterlappar med v\u00e5r logotyp (acting4change) och Zataari kommun. Det h\u00f6jer v\u00e5r status i byn, och vi f\u00e5r erk\u00e4nnande f\u00f6r\u00a0v\u00e5rt arbete. Det \u00e4r ett otroligt sp\u00e4nnande samarbete. Vi har varit hemma hos <span class=\"text_exposed_show\">folk och f\u00e5tt te och kaffe i massor, och en familj bj\u00f6d oss p\u00e5 v\u00e4rldens godaste falafel och hummus. Det visar p\u00e5 den oerh\u00f6rda generositeten och g\u00e4stfriheten i kulturen. <\/span><\/em><\/p>\n<p><img loading=\"lazy\" decoding=\"async\" class=\"alignnone size-full wp-image-1262\" src=\"https:\/\/bloggar.hemmetsjournal.se\/anna\/wp-content\/uploads\/sites\/2\/2016\/11\/Raggsockor-f\u00f6r-Syrien-7.jpg\" alt=\"raggsockor-for-syrien-7\" width=\"960\" height=\"720\" srcset=\"https:\/\/bloggar.hemmetsjournal.se\/anna\/wp-content\/uploads\/sites\/2\/2016\/11\/Raggsockor-f\u00f6r-Syrien-7.jpg 960w, https:\/\/bloggar.hemmetsjournal.se\/anna\/wp-content\/uploads\/sites\/2\/2016\/11\/Raggsockor-f\u00f6r-Syrien-7-300x225.jpg 300w, https:\/\/bloggar.hemmetsjournal.se\/anna\/wp-content\/uploads\/sites\/2\/2016\/11\/Raggsockor-f\u00f6r-Syrien-7-768x576.jpg 768w\" sizes=\"(max-width: 960px) 100vw, 960px\" \/><\/p>\n<p><em>Andra dagen i Zataari hade vi\u00a0barnen i fokus. Tv\u00e5 av oss,\u00a0<strong>Joel Wramneby<\/strong> och <strong>Victoria Helgoson<\/strong>, \u00e4r clowner, och vi ordnade\u00a0ansiktsm\u00e5lning och lek och dans. Barnen var s\u00e5 glada. M\u00e5nga varma kramar hanns med. <\/em><\/p>\n<p><em><strong>Kotaiba Alabdullah<\/strong> och jag bes\u00f6kte borgm\u00e4staren i byn och pratade om framtiden. Sp\u00e4nnande! <\/em><\/p>\n<p><em>Vi bes\u00f6kte hem b\u00e5de i t\u00e4lt och nybyggt litet hus.\u00a0<\/em><\/p>\n<p><img loading=\"lazy\" decoding=\"async\" class=\"alignnone size-full wp-image-1263\" src=\"https:\/\/bloggar.hemmetsjournal.se\/anna\/wp-content\/uploads\/sites\/2\/2016\/11\/Raggsockor-f\u00f6r-Syrien-15.jpg\" alt=\"raggsockor-for-syrien-15\" width=\"960\" height=\"720\" srcset=\"https:\/\/bloggar.hemmetsjournal.se\/anna\/wp-content\/uploads\/sites\/2\/2016\/11\/Raggsockor-f\u00f6r-Syrien-15.jpg 960w, https:\/\/bloggar.hemmetsjournal.se\/anna\/wp-content\/uploads\/sites\/2\/2016\/11\/Raggsockor-f\u00f6r-Syrien-15-300x225.jpg 300w, https:\/\/bloggar.hemmetsjournal.se\/anna\/wp-content\/uploads\/sites\/2\/2016\/11\/Raggsockor-f\u00f6r-Syrien-15-768x576.jpg 768w\" sizes=\"(max-width: 960px) 100vw, 960px\" \/><\/p>\n<p><em>Tredje dagen i rad upp till Zataari. Det \u00e4r inte l\u00e4ngre \u00e4n 60 kilometer\u00a0men tar dryga en och en halv timme att k\u00f6ra. Vi fotograferade\u00a0barnen i skolan, bj\u00f6d\u00a0p\u00e5 fika\u00a0och levererade skolb\u00f6ckerna som vi hade f\u00e5tt fr\u00e5n Fridn\u00e4sskolan. Vi l\u00e4mnade en\u00a0massa sorterade kl\u00e4dp\u00e5sar till rektorn p\u00e5 skolan. D\u00e4rifr\u00e5n ska de delas ut till de barn som beh\u00f6ver. Vi l\u00e4mnade ocks\u00e5 tv\u00e5 matl\u00e5dor som ska levereras av den\u00a0som \u00e4ger marken skolan st\u00e5r p\u00e5. Och fyra matl\u00e5dor l\u00e4mnade vi till vice borgm\u00e4staren som ska f\u00f6rdela dem bland<span class=\"text_exposed_show\">\u00a0fattiga jordanier i byn.<br \/>\n<\/span><\/em><\/p>\n<p><em><span class=\"text_exposed_show\">Vi gjorde ocks\u00e5\u00a0hembes\u00f6k i Amman, men d\u00e4r kunde vi inte fotografera. D\u00e4r hade vi med oss matl\u00e5dor, kaffe och te.\u00a0<\/span><\/em><\/p>\n<div class=\"text_exposed_show\">\n<p><em>Vi v\u00e4ntade p\u00e5 att containern skulle\u00a0komma loss fr\u00e5n hamnen, men tyv\u00e4rr gjorde den inte det medan vi var kvar. Vi kunde allts\u00e5 inte dela ut\u00a0n\u00e5got av det som finns i den. Som tur \u00e4r hade vi \u00f6ver 400 kilo med oss i bagaget &#8212; och 80 matl\u00e5dor som vi k\u00f6pte p\u00e5 plats. S\u00e5 vi har haft att g\u00f6ra \u00e4nd\u00e5. N\u00e4r containern kommer fram kommer v\u00e5ra v\u00e4nner att dokumentera allt, och vi kommer att f\u00e5 se att alla grejer kommer dit de ska. Naturligtvis \u00e4r vi besvikna \u00f6ver att det inte blev som vi t\u00e4nkte men s\u00e5 \u00e4r det ibland.<\/em><\/p>\n<p><img loading=\"lazy\" decoding=\"async\" class=\"alignnone size-full wp-image-1264\" src=\"https:\/\/bloggar.hemmetsjournal.se\/anna\/wp-content\/uploads\/sites\/2\/2016\/11\/Raggsockor-f\u00f6r-Syrien-12.jpg\" alt=\"raggsockor-for-syrien-12\" width=\"960\" height=\"720\" srcset=\"https:\/\/bloggar.hemmetsjournal.se\/anna\/wp-content\/uploads\/sites\/2\/2016\/11\/Raggsockor-f\u00f6r-Syrien-12.jpg 960w, https:\/\/bloggar.hemmetsjournal.se\/anna\/wp-content\/uploads\/sites\/2\/2016\/11\/Raggsockor-f\u00f6r-Syrien-12-300x225.jpg 300w, https:\/\/bloggar.hemmetsjournal.se\/anna\/wp-content\/uploads\/sites\/2\/2016\/11\/Raggsockor-f\u00f6r-Syrien-12-768x576.jpg 768w\" sizes=\"(max-width: 960px) 100vw, 960px\" \/><\/p>\n<\/div>\n<p><em>P\u00e5 l\u00f6rdagen \u00e5kte vi\u00a0till en liten by utanf\u00f6r Jordaniens n\u00e4st st\u00f6rsta stad Irbid. Det \u00e4r en ganska fattig by som har tagit emot syriska flyktingar. Det var fantastiskt att se\u00a0att fast m\u00e4nniskorna d\u00e4r inte har s\u00e5 mycket sj\u00e4lva s\u00e5 delar de med sig till dem som har det \u00e4nnu s\u00e4mre. <\/em><\/p>\n<p><em>Vi var den f\u00f6rsta hj\u00e4lporganisation som kom till byn och delade ut humanit\u00e4r hj\u00e4lp. Vi hade en lista med familjer som beh\u00f6vde hj\u00e4lp, och var och en av dem fick en matl\u00e5da och stickade kl\u00e4der. Det k\u00e4ndes stort, och det k\u00e4nns gott att organisationen som tar emot containern finns i den h\u00e4r byn, s\u00e5 att byn f\u00e5r ta del av inneh\u00e5llet.\u00a0Det <span class=\"text_exposed_show\">var lite \u00f6verv\u00e4ldigande att se de stora behoven. Men det blir fler g\u00e5nger.<\/span><\/em><\/p>\n<p><em>Det \u00e4r en mycket traditionell by, s\u00e5 vi kunde inte r\u00f6ra oss fritt, inte komma in i s\u00e5 m\u00e5nga hem och definitivt inte ta n\u00e5gra bilder.<\/em><\/p>\n<div class=\"text_exposed_show\">\n<p><em>Vi avslutade dagen med en jordansk picknick i bergen. Solnedg\u00e5ng och kaffe kokat p\u00e5 brasa. Det blev en fin avslutning\u00a0p\u00e5 v\u00e5r resa och det h\u00e5rda\u00a0arbete som hela gruppen har utf\u00f6rt.<\/em><\/p>\n<\/div>\n<p><em>Vi hade ett ett par ledo<span class=\"text_exposed_show\">rd inf\u00f6r resan: &#8221;flexibilitet&#8221; och &#8221;det blir inte alltid som man har t\u00e4nkt sig&#8221;. Det fick vi verkligen erfara. Men det blev \u00e4nd\u00e5 s\u00e5\u00e5\u00e5\u00e5\u00e5 bra. Dessa barn i i Abu Sultan School! De ville bli kramade och burna, de ville leka och busa, de ville f\u00e5 sina ansikten m\u00e5lade men ocks\u00e5 skicka h\u00e4lsningar till Sverige. Vi var d\u00e4r tre\u00a0g\u00e5nger. Rektorn och l\u00e4rarna var s\u00e5 tacksamma.<\/span><\/em><\/p>\n<p><img loading=\"lazy\" decoding=\"async\" class=\"alignnone size-full wp-image-1265\" src=\"https:\/\/bloggar.hemmetsjournal.se\/anna\/wp-content\/uploads\/sites\/2\/2016\/11\/Raggsockor-f\u00f6r-Syrien-5.jpg\" alt=\"raggsockor-for-syrien-5\" width=\"960\" height=\"720\" srcset=\"https:\/\/bloggar.hemmetsjournal.se\/anna\/wp-content\/uploads\/sites\/2\/2016\/11\/Raggsockor-f\u00f6r-Syrien-5.jpg 960w, https:\/\/bloggar.hemmetsjournal.se\/anna\/wp-content\/uploads\/sites\/2\/2016\/11\/Raggsockor-f\u00f6r-Syrien-5-300x225.jpg 300w, https:\/\/bloggar.hemmetsjournal.se\/anna\/wp-content\/uploads\/sites\/2\/2016\/11\/Raggsockor-f\u00f6r-Syrien-5-768x576.jpg 768w\" sizes=\"(max-width: 960px) 100vw, 960px\" \/><\/p>\n<div class=\"text_exposed_show\">\n<p><em>Vi kunde dela ut sammanlagt ungef\u00e4r 80 matl\u00e5dor i Zaatari&#8211; till syriska familjer i t\u00e4lt och nybyggda baracker, men ocks\u00e5 till fattiga jordanska familjer. N\u00e5gra h\u00e4rliga hembes\u00f6k fick vi vara med om.<\/em><\/p>\n<p><em>Det flyger m\u00e5nga tankar genom mitt huvud nu n\u00e4r vi har kommit hem. Hur ser framtiden ut? Hur ska vi arbeta mer l\u00e5ngsiktigt i Zataari och i Rahaba?<\/em><\/p>\n<p><em>Vi kommer snart att g\u00f6ra det m\u00f6jligt f\u00f6r dig som vill vara med och st\u00f6tta Abu Sultan School mer regelbundet. Id\u00e9n \u00e4r att &#8221;st\u00f6tta ett barns skolg\u00e5ng i Zataari&#8221;. De tre l\u00e4rare som finns p\u00e5 skolan har inte f\u00e5tt l\u00f6n sedan i v\u00e5ras. Tack vare Linus Nilsson och alla andra som har bidragit h\u00e5ller de nu p\u00e5 att rusta upp skolan inv\u00e4ndigt och utv\u00e4ndigt. Men resurser beh\u00f6vs till l\u00f6ner. \u00a0Vi \u00e5terkommer om det s\u00e5 snart formaliteterna \u00e4r p\u00e5 plats.<\/em><\/p>\n<p><em>En annan rolig grej \u00e4r att Kotaiba Alabdullah har tillsammans med andra v\u00e4nner i Jordanien startat Acting for Change Jordan. Det \u00e4r ett fint partnerskap vi har.<\/em><\/p>\n<p><em>Tack till alla er som p\u00e5 olika s\u00e4tt har st\u00f6ttat denna resa. Utan er hade det inte varit m\u00f6jligt! S\u00e5 fort containern \u00e4r p\u00e5 plats och urlastad kommer vi att f\u00e5 bilder och rapporter och uppdateringar. S\u00e5 var inte oroliga. Grejerna kommer till de m\u00e4nniskor som beh\u00f6ver dem.<\/em><\/p>\n<p><em>Stor kram fr\u00e5n en glad och tacksam Anne<\/em><\/p>\n<p>***<\/p>\n<p><strong>Fotnot:<\/strong> Acting for Change har sin webbplats <a href=\"https:\/\/acting4change.org\/\">h\u00e4r<\/a>, och vill man l\u00e4sa s\u00e4rskilt om Raggsockor f\u00f6r Syrien kan man g\u00f6ra det <a href=\"https:\/\/acting4change.org\/jordanien\/\">h\u00e4r<\/a>!<\/p>\n<\/div>\n","protected":false},"excerpt":{"rendered":"<p>Nu \u00e4r det ett tag sedan jag skrev om Anne Coll\u00e9n och hennes arbete med Raggsockor f\u00f6r Syrien, och det kan verkligen vara dags: hon har kommit tillbaka efter en ny resa! Ocks\u00e5 den h\u00e4r g\u00e5ngen hade hon med sig en grupp volont\u00e4rer och arbetade intensivt tillsammans med sina v\u00e4nner p\u00e5 plats i Jordanien f\u00f6r&#8230;<\/p>\n","protected":false},"author":31,"featured_media":0,"comment_status":"closed","ping_status":"closed","sticky":false,"template":"","format":"standard","meta":{"site-sidebar-layout":"default","site-content-layout":"","ast-site-content-layout":"default","site-content-style":"default","site-sidebar-style":"default","ast-global-header-display":"","ast-banner-title-visibility":"","ast-main-header-display":"","ast-hfb-above-header-display":"","ast-hfb-below-header-display":"","ast-hfb-mobile-header-display":"","site-post-title":"","ast-breadcrumbs-content":"","ast-featured-img":"","footer-sml-layout":"","ast-disable-related-posts":"","theme-transparent-header-meta":"","adv-header-id-meta":"","stick-header-meta":"","header-above-stick-meta":"","header-main-stick-meta":"","header-below-stick-meta":"","astra-migrate-meta-layouts":"default","ast-page-background-enabled":"default","ast-page-background-meta":{"desktop":{"background-color":"var(--ast-global-color-4)","background-image":"","background-repeat":"repeat","background-position":"center center","background-size":"auto","background-attachment":"scroll","background-type":"","background-media":"","overlay-type":"","overlay-color":"","overlay-opacity":"","overlay-gradient":""},"tablet":{"background-color":"","background-image":"","background-repeat":"repeat","background-position":"center center","background-size":"auto","background-attachment":"scroll","background-type":"","background-media":"","overlay-type":"","overlay-color":"","overlay-opacity":"","overlay-gradient":""},"mobile":{"background-color":"","background-image":"","background-repeat":"repeat","background-position":"center center","background-size":"auto","background-attachment":"scroll","background-type":"","background-media":"","overlay-type":"","overlay-color":"","overlay-opacity":"","overlay-gradient":""}},"ast-content-background-meta":{"desktop":{"background-color":"var(--ast-global-color-5)","background-image":"","background-repeat":"repeat","background-position":"center center","background-size":"auto","background-attachment":"scroll","background-type":"","background-media":"","overlay-type":"","overlay-color":"","overlay-opacity":"","overlay-gradient":""},"tablet":{"background-color":"var(--ast-global-color-5)","background-image":"","background-repeat":"repeat","background-position":"center center","background-size":"auto","background-attachment":"scroll","background-type":"","background-media":"","overlay-type":"","overlay-color":"","overlay-opacity":"","overlay-gradient":""},"mobile":{"background-color":"var(--ast-global-color-5)","background-image":"","background-repeat":"repeat","background-position":"center center","background-size":"auto","background-attachment":"scroll","background-type":"","background-media":"","overlay-type":"","overlay-color":"","overlay-opacity":"","overlay-gradient":""}},"footnotes":""},"categories":[73],"tags":[145,147,146,141,144,142,138,140,143,139],"class_list":["post-1258","post","type-post","status-publish","format-standard","hentry","category-kriget-i-syrien","tag-abu-sultan-school","tag-acting-4-change","tag-acting-for-change","tag-anne-collen","tag-flyktingar","tag-joel-wramneby","tag-jordanien","tag-raggsockor-for-syrien","tag-victoria-helgoson","tag-zaatari"],"_links":{"self":[{"href":"https:\/\/bloggar.hemmetsjournal.se\/anna\/wp-json\/wp\/v2\/posts\/1258"}],"collection":[{"href":"https:\/\/bloggar.hemmetsjournal.se\/anna\/wp-json\/wp\/v2\/posts"}],"about":[{"href":"https:\/\/bloggar.hemmetsjournal.se\/anna\/wp-json\/wp\/v2\/types\/post"}],"author":[{"embeddable":true,"href":"https:\/\/bloggar.hemmetsjournal.se\/anna\/wp-json\/wp\/v2\/users\/31"}],"replies":[{"embeddable":true,"href":"https:\/\/bloggar.hemmetsjournal.se\/anna\/wp-json\/wp\/v2\/comments?post=1258"}],"version-history":[{"count":3,"href":"https:\/\/bloggar.hemmetsjournal.se\/anna\/wp-json\/wp\/v2\/posts\/1258\/revisions"}],"predecessor-version":[{"id":1268,"href":"https:\/\/bloggar.hemmetsjournal.se\/anna\/wp-json\/wp\/v2\/posts\/1258\/revisions\/1268"}],"wp:attachment":[{"href":"https:\/\/bloggar.hemmetsjournal.se\/anna\/wp-json\/wp\/v2\/media?parent=1258"}],"wp:term":[{"taxonomy":"category","embeddable":true,"href":"https:\/\/bloggar.hemmetsjournal.se\/anna\/wp-json\/wp\/v2\/categories?post=1258"},{"taxonomy":"post_tag","embeddable":true,"href":"https:\/\/bloggar.hemmetsjournal.se\/anna\/wp-json\/wp\/v2\/tags?post=1258"}],"curies":[{"name":"wp","href":"https:\/\/api.w.org\/{rel}","templated":true}]}}